{"id":129821,"date":"2015-03-25T15:25:03","date_gmt":"2015-03-25T18:25:03","guid":{"rendered":"https:\/\/jundiai.sp.gov.br\/noticias\/?p=129821"},"modified":"2016-11-04T11:10:25","modified_gmt":"2016-11-04T13:10:25","slug":"nota-fiscal-jundiaiense-tem-boa-repercussao-na-cidade","status":"publish","type":"post","link":"https:\/\/jundiai.sp.gov.br\/noticias\/2015\/03\/25\/nota-fiscal-jundiaiense-tem-boa-repercussao-na-cidade\/","title":{"rendered":"Nota Fiscal Jundiaiense tem boa repercuss\u00e3o na cidade"},"content":{"rendered":"<p><strong>A Nota Fiscal Jundiaiense e a queda da inadimpl\u00eancia com a d\u00edvida ativa de Jundia\u00ed neste ano ganharam destaque na imprensa local desta quarta-feira (25). O secret\u00e1rio de Finan\u00e7as, Pedro Galindo, aproveitou a boa repercuss\u00e3o na cidade para dar mais detalhes das novas ferramentas criadas pela atual pol\u00edtica econ\u00f4mica da cidade. Sobre a sonega\u00e7\u00e3o do Imposto sobre Servi\u00e7os (ISS), por exemplo, Galindo foi categ\u00f3rico. \u201cA cidade deixa de receber, em m\u00e9dia, R$ 50 milh\u00f5es por ano ano com o n\u00e3o recolhimento do imposto.\u201d <\/strong><\/p>\n<p>De modo did\u00e1tico, o secret\u00e1rio explicou, por exemplo, a diferen\u00e7a entre a Nota Fiscal Paulista e a Jundiaiense, que passa a valer em abril. \u201cO programa do Estado est\u00e1 ligado \u00e0 compra de mercadorias e produtos, j\u00e1 que incide no Imposto sobre Opera\u00e7\u00f5es relativas \u00e0 Circula\u00e7\u00e3o de Mercadorias (ICMS). J\u00e1 a Nota Jundiaiense vai atuar na compra de servi\u00e7os, incidindo sobre o Imposto sobre Servi\u00e7os (ISS)\u201d, pontuou Galindo. As diferen\u00e7as, por\u00e9m, v\u00e3o al\u00e9m.<\/p>\n<p><strong>SAIBA MAIS<br \/>\n<a href=\"https:\/\/jundiai.sp.gov.br\/noticias\/2015\/03\/23\/como-vai-funcionar-a-nota-fiscal-jundiaiense\/\" target=\"_blank\"><strong>Como vai funcionar a Nota Fiscal Jundiaiense<\/strong><\/a><br \/>\n<a href=\"https:\/\/jundiai.sp.gov.br\/noticias\/2015\/03\/23\/nota-fiscal-jundiaiense-chega-em-abril-e-premia-consumidores\/\" target=\"_blank\">\u2018Nota Fiscal Jundiaiense\u2019 chega em abril e premia consumidores<\/strong><\/a><br \/>\n<a href=\"https:\/\/jundiai.sp.gov.br\/noticias\/2015\/03\/21\/numero-de-inadimplentes-com-o-municipio-cai-237\/\" target=\"_blank\"><strong>N\u00famero de inadimplentes com o munic\u00edpio cai 237%<\/strong><\/a><\/p>\n<p><div id=\"attachment_129823\" style=\"width: 410px\" class=\"wp-caption alignleft\"><a href=\"https:\/\/jundiai.sp.gov.br\/noticias\/wp-content\/uploads\/sites\/32\/2015\/03\/galindo_difusora_2G.jpg\"><img loading=\"lazy\" decoding=\"async\" aria-describedby=\"caption-attachment-129823\" src=\"https:\/\/jundiai.sp.gov.br\/noticias\/wp-content\/uploads\/sites\/32\/2015\/03\/galindo_difusora_2G-720x446.jpg\" alt=\"Participa\u00e7\u00e3o popular foi grande nas entrevistas \u00e0 imprensa\" width=\"400\" height=\"400\" class=\"size-large wp-image-129823\" \/><\/a><p id=\"caption-attachment-129823\" class=\"wp-caption-text\">Participa\u00e7\u00e3o popular foi grande nas entrevistas \u00e0 imprensa<\/p><\/div>\u201cO programa municipal \u00e9 aprimorado, porque poder\u00e1 creditar automaticamente os cr\u00e9ditos ao consumidor por meio de um cart\u00e3o espec\u00edfico do programa, sem que seja necess\u00e1rio entrar em um site e pedir o cr\u00e9dito em conta, como ocorre com a Nota Paulista. O cart\u00e3o da Nota Jundiaiense poder\u00e1, inclusive, ser usado no com\u00e9rcio da cidade.\u201d<\/p>\n<p>Tamb\u00e9m fez parte da pauta a vertiginosa queda de inadimpl\u00eancia ocorrida na cidade em 2015, fruto de novas medidas adotadas pela pasta em fins de 2014. A nova lei de parcelamento da d\u00edvida ativa, sancionada em novembro, e a utiliza\u00e7\u00e3o de um <a href=\"https:\/\/jundiai.sp.gov.br\/noticias\/2015\/01\/21\/por-meio-de-call-center-contribuintes-negociam-debitos-com-a-prefeitura\/\" target=\"_blank\">Call Center<\/a> que contata os inadimplentes s\u00e3o tidos como os principais respons\u00e1veis pelo exponencial aumento de quase 250% no n\u00famero de acordos entre a Prefeitura e o cidad\u00e3o em d\u00e9bito com a municipalidade. Apenas em 2015, mais de R$ 10 milh\u00f5es em novos acordos j\u00e1 foram garantidos pela Secretaria de Finan\u00e7as. \u00c9 quase o mesmo valor arrecadado durante todo o ano de 2013.<\/p>\n<p><strong>Participa\u00e7\u00e3o<\/strong><br \/>\nAs novidades geraram interesse na popula\u00e7\u00e3o, que est\u00e1 curiosa para saber os detalhes de funcionamento da Nota Jundiaiense. Entre as perguntas formuladas pela imprensa, o uso da Nota Fiscal Jundiaiense para servi\u00e7os envolvendo sa\u00fade privada e d\u00favidas quanto ao eventual custo das novas m\u00e1quinas eletr\u00f4nicas para o uso do cart\u00e3o. \u201cO custo ser\u00e1 zero. A Prefeitura, no primeiro momento, vai distribuir 200 desses equipamentos em pontos comerciais de servi\u00e7os que, costumeiramente, n\u00e3o emitem Nota. A usabilidade \u00e9 igual \u00e0 da m\u00e1quina tradicional.\u201d<\/p>\n<p>O sucesso da iniciativa, in\u00e9dita, depende principalmente da ades\u00e3o do consumidor, que, al\u00e9m de contribuir com a evas\u00e3o de divisas na cidade, ser\u00e1 gratificado toda vez que pedir pela nota, seja com cr\u00e9dito referentes ao percentual de ISS recolhido na compra ou por meio de sorteios em dinheiro em datas comemorativas.<\/p>\n<p><em><strong>Thiago Secco<br \/>\nFoto: PJ<\/strong><\/em><\/p>\n","protected":false},"excerpt":{"rendered":"<p>A Nota Fiscal Jundiaiense e a queda da inadimpl\u00eancia com a d\u00edvida ativa de Jundia\u00ed neste ano ganharam destaque na imprensa local desta quarta-feira (25). O secret\u00e1rio de Finan\u00e7as, Pedro Galindo, aproveitou a boa repercuss\u00e3o na cidade para dar mais detalhes das novas ferramentas criadas pela atual pol\u00edtica econ\u00f4mica da cidade. Sobre a sonega\u00e7\u00e3o do [&hellip;]<\/p>\n","protected":false},"author":10,"featured_media":0,"comment_status":"closed","ping_status":"closed","sticky":false,"template":"","format":"standard","meta":{"footnotes":""},"categories":[2],"tags":[345,589],"ods":[],"class_list":["post-129821","post","type-post","status-publish","format-standard","hentry","category-noticias","tag-financas","tag-nota-fiscal-jundiaiense"],"_links":{"self":[{"href":"https:\/\/jundiai.sp.gov.br\/noticias\/wp-json\/wp\/v2\/posts\/129821","targetHints":{"allow":["GET"]}}],"collection":[{"href":"https:\/\/jundiai.sp.gov.br\/noticias\/wp-json\/wp\/v2\/posts"}],"about":[{"href":"https:\/\/jundiai.sp.gov.br\/noticias\/wp-json\/wp\/v2\/types\/post"}],"author":[{"embeddable":true,"href":"https:\/\/jundiai.sp.gov.br\/noticias\/wp-json\/wp\/v2\/users\/10"}],"replies":[{"embeddable":true,"href":"https:\/\/jundiai.sp.gov.br\/noticias\/wp-json\/wp\/v2\/comments?post=129821"}],"version-history":[{"count":3,"href":"https:\/\/jundiai.sp.gov.br\/noticias\/wp-json\/wp\/v2\/posts\/129821\/revisions"}],"predecessor-version":[{"id":129829,"href":"https:\/\/jundiai.sp.gov.br\/noticias\/wp-json\/wp\/v2\/posts\/129821\/revisions\/129829"}],"wp:attachment":[{"href":"https:\/\/jundiai.sp.gov.br\/noticias\/wp-json\/wp\/v2\/media?parent=129821"}],"wp:term":[{"taxonomy":"category","embeddable":true,"href":"https:\/\/jundiai.sp.gov.br\/noticias\/wp-json\/wp\/v2\/categories?post=129821"},{"taxonomy":"post_tag","embeddable":true,"href":"https:\/\/jundiai.sp.gov.br\/noticias\/wp-json\/wp\/v2\/tags?post=129821"},{"taxonomy":"ods","embeddable":true,"href":"https:\/\/jundiai.sp.gov.br\/noticias\/wp-json\/wp\/v2\/ods?post=129821"}],"curies":[{"name":"wp","href":"https:\/\/api.w.org\/{rel}","templated":true}]}}