{"id":130008,"date":"2015-03-25T18:05:57","date_gmt":"2015-03-25T21:05:57","guid":{"rendered":"https:\/\/jundiai.sp.gov.br\/noticias\/?p=130008"},"modified":"2016-11-04T11:10:25","modified_gmt":"2016-11-04T13:10:25","slug":"marginal-do-rio-jundiai-recebe-obras-de-contencao","status":"publish","type":"post","link":"https:\/\/jundiai.sp.gov.br\/noticias\/2015\/03\/25\/marginal-do-rio-jundiai-recebe-obras-de-contencao\/","title":{"rendered":"R$ 800 mil s\u00e3o investidos em conten\u00e7\u00e3o Rio Jundia\u00ed"},"content":{"rendered":"<p><strong>A Secretaria de Obras realiza obras emergenciais de conten\u00e7\u00e3o na avenida Marginal do Rio Jundia\u00ed, num trecho pr\u00f3ximo \u00e0 Companhia Piratininga de For\u00e7a e Luz (CPFL), sentido V\u00e1rzea-Jundia\u00ed.<\/strong><\/p>\n<p><strong>LEIA TAMB\u00c9M<br \/>\n<a href=\"https:\/\/jundiai.sp.gov.br\/noticias\/2015\/03\/11\/prefeitura-realiza-obras-para-contencao-de-encosta-no-sao-camilo\/\" target=\"_blank\">Prefeitura realiza obras de conten\u00e7\u00e3o no S\u00e3o Camilo<\/a><br \/>\n<a href=\"https:\/\/jundiai.sp.gov.br\/noticias\/2015\/03\/24\/apos-30-anos-de-espera-amantes-do-bmx-terao-uma-pista-em-jundiai\/\" target=\"_blank\">Amantes do BMX v\u00e3o ter uma pista ap\u00f3s espera de 30 anos<\/a><\/strong><\/p>\n<div id=\"attachment_130009\" style=\"width: 730px\" class=\"wp-caption aligncenter\"><a href=\"https:\/\/jundiai.sp.gov.br\/noticias\/wp-content\/uploads\/sites\/32\/2015\/03\/Obras_Marginal_dan-4_G.jpg\"><img loading=\"lazy\" decoding=\"async\" aria-describedby=\"caption-attachment-130009\" src=\"https:\/\/jundiai.sp.gov.br\/noticias\/wp-content\/uploads\/sites\/32\/2015\/03\/Obras_Marginal_dan-4_G-720x364.jpg\" alt=\"Obras emergenciais s\u00e3o feitas: seguran\u00e7a dos motoristas\" width=\"720\" height=\"364\" class=\"size-large wp-image-130009\" srcset=\"https:\/\/jundiai.sp.gov.br\/noticias\/wp-content\/uploads\/sites\/32\/2015\/03\/Obras_Marginal_dan-4_G-720x364.jpg 720w, https:\/\/jundiai.sp.gov.br\/noticias\/wp-content\/uploads\/sites\/32\/2015\/03\/Obras_Marginal_dan-4_G-300x151.jpg 300w, https:\/\/jundiai.sp.gov.br\/noticias\/wp-content\/uploads\/sites\/32\/2015\/03\/Obras_Marginal_dan-4_G.jpg 1240w\" sizes=\"auto, (max-width: 720px) 100vw, 720px\" \/><\/a><p id=\"caption-attachment-130009\" class=\"wp-caption-text\">Obras emergenciais s\u00e3o feitas: seguran\u00e7a dos motoristas<\/p><\/div>\n<p>Por conta das chuvas, o asfalto do local cedeu, prejudicando a via. \u201c<strong>Resolvemos iniciar a obra o quanto antes, pensando na popula\u00e7\u00e3o que passa pelo local<\/strong>\u201d, explicou o secret\u00e1rio de Obras, Jos\u00e9 Roberto Aprillanti Junior.<\/p>\n<p>De acordo com ele, o <strong>espa\u00e7o foi sinalizado pela Secretaria de Transportes<\/strong>. \u201cInfelizmente, por conta das obras, uma faixa foi interditada. O motivo \u00e9 a <strong>seguran\u00e7a dos motoristas e dos trabalhadores<\/strong> que executam as obras. Pedimos um pouco de paci\u00eancia \u00e0 popula\u00e7\u00e3o.\u201d<\/p>\n<p><strong>O trabalho est\u00e1 or\u00e7ado em R$ 809 mil. S\u00e3o 70 metros lineares de gabi\u00e3o.<\/strong><\/p>\n<p><strong><em>Luana Dias<br \/>\nFoto: Fot\u00f3grafos PJ<\/em><\/strong><\/p>\n","protected":false},"excerpt":{"rendered":"<p>Ajustes foram necess\u00e1rios por causa da esta\u00e7\u00e3o chuvosa e a \u00e1rea foi sinalizada para garantir a seguran\u00e7a da popula\u00e7\u00e3o<\/p>\n","protected":false},"author":14,"featured_media":130011,"comment_status":"closed","ping_status":"closed","sticky":false,"template":"","format":"standard","meta":{"footnotes":""},"categories":[2],"tags":[347,620,338],"ods":[],"class_list":["post-130008","post","type-post","status-publish","format-standard","has-post-thumbnail","hentry","category-noticias","tag-obras","tag-rio-jundiai","tag-transportes"],"_links":{"self":[{"href":"https:\/\/jundiai.sp.gov.br\/noticias\/wp-json\/wp\/v2\/posts\/130008","targetHints":{"allow":["GET"]}}],"collection":[{"href":"https:\/\/jundiai.sp.gov.br\/noticias\/wp-json\/wp\/v2\/posts"}],"about":[{"href":"https:\/\/jundiai.sp.gov.br\/noticias\/wp-json\/wp\/v2\/types\/post"}],"author":[{"embeddable":true,"href":"https:\/\/jundiai.sp.gov.br\/noticias\/wp-json\/wp\/v2\/users\/14"}],"replies":[{"embeddable":true,"href":"https:\/\/jundiai.sp.gov.br\/noticias\/wp-json\/wp\/v2\/comments?post=130008"}],"version-history":[{"count":9,"href":"https:\/\/jundiai.sp.gov.br\/noticias\/wp-json\/wp\/v2\/posts\/130008\/revisions"}],"predecessor-version":[{"id":130325,"href":"https:\/\/jundiai.sp.gov.br\/noticias\/wp-json\/wp\/v2\/posts\/130008\/revisions\/130325"}],"wp:featuredmedia":[{"embeddable":true,"href":"https:\/\/jundiai.sp.gov.br\/noticias\/wp-json\/wp\/v2\/media\/130011"}],"wp:attachment":[{"href":"https:\/\/jundiai.sp.gov.br\/noticias\/wp-json\/wp\/v2\/media?parent=130008"}],"wp:term":[{"taxonomy":"category","embeddable":true,"href":"https:\/\/jundiai.sp.gov.br\/noticias\/wp-json\/wp\/v2\/categories?post=130008"},{"taxonomy":"post_tag","embeddable":true,"href":"https:\/\/jundiai.sp.gov.br\/noticias\/wp-json\/wp\/v2\/tags?post=130008"},{"taxonomy":"ods","embeddable":true,"href":"https:\/\/jundiai.sp.gov.br\/noticias\/wp-json\/wp\/v2\/ods?post=130008"}],"curies":[{"name":"wp","href":"https:\/\/api.w.org\/{rel}","templated":true}]}}