{"id":130041,"date":"2015-03-25T19:01:57","date_gmt":"2015-03-25T22:01:57","guid":{"rendered":"https:\/\/jundiai.sp.gov.br\/noticias\/?p=130041"},"modified":"2020-11-05T10:55:22","modified_gmt":"2020-11-05T13:55:22","slug":"jundiai-registra-queda-nos-indices-de-furto-e-roubo-de-veiculos","status":"publish","type":"post","link":"https:\/\/jundiai.sp.gov.br\/noticias\/2015\/03\/25\/jundiai-registra-queda-nos-indices-de-furto-e-roubo-de-veiculos\/","title":{"rendered":"Jundia\u00ed registra queda de furtos e roubos de ve\u00edculos"},"content":{"rendered":"<p><strong>Os \u00edndices de criminalidade em Jundia\u00ed tiveram queda nos meses de Janeiro e Fevereiro de 2015 em compara\u00e7\u00e3o com o mesmo per\u00edodo de 2014, principalmente no caso de roubo e furto de ve\u00edculos. Os dados estat\u00edsticos foram divulgados pela <a href=\"http:\/\/www.ssp.sp.gov.br\/\" target=\"_blank\" rel=\"noopener noreferrer\">Secretaria de Estado da Seguran\u00e7a P\u00fablica<\/a>, na tarde desta quarta-feira (25), e ressaltam a import\u00e2ncia da ideia do prefeito Pedro Bigardi de um trabalho integrado entre as for\u00e7as policiais da cidade. \u201cN\u00e3o se faz seguran\u00e7a sem a uni\u00e3o das corpora\u00e7\u00f5es e a participa\u00e7\u00e3o da sociedade\u201d, disse Pedro Bigardi.<\/strong><\/p>\n<p>Segundo os n\u00fameros do Governo do Estado, Jundia\u00ed teve <strong>210 furtos<\/strong> de ve\u00edculos registrados no primeiro bimestre deste ano. Em 2014, foram <strong>322 &#8211; uma queda de 35%<\/strong>. O <strong>porcentual \u00e9 maior que o alcan\u00e7ado pelo Estado (25,7%)<\/strong> no combate a este tipo de crime. As estat\u00edsticas tamb\u00e9m apontam <strong>redu\u00e7\u00e3o de 7,3% (131 para 121) nos crimes de roubo de ve\u00edculo no munic\u00edpio<\/strong>.<\/p>\n<p><strong>LEIA TAMB\u00c9M<br \/>\n<\/strong><a href=\"https:\/\/jundiai.sp.gov.br\/noticias\/2015\/03\/20\/jundiai-sai-na-frente-com-lancamento-do-plano-de-seguranca\/\" target=\"_blank\" rel=\"noopener noreferrer\">Jundia\u00ed sai na frente e lan\u00e7a o Plano de Seguran\u00e7a<\/a><br \/>\n<a href=\"https:\/\/jundiai.sp.gov.br\/noticias\/2015\/03\/26\/guarda-municipal-intensifica-o-patrulhamento-comunitario\/\" target=\"_blank\" rel=\"noopener noreferrer\">Guarda Municipal intensifica o Patrulhamento Comunit\u00e1rio<\/a><br \/>\n<a href=\"https:\/\/jundiai.sp.gov.br\/noticias\/2015\/03\/25\/coordenador-do-ggim-se-reune-com-comandante-do-12o-gac\/\" target=\"_blank\" rel=\"noopener noreferrer\">Coordenador do GGIM se re\u00fane com comandante do 12\u00ba GAC<\/a><\/p>\n<div id=\"attachment_130051\" style=\"width: 730px\" class=\"wp-caption aligncenter\"><a href=\"https:\/\/jundiai.sp.gov.br\/noticias\/wp-content\/uploads\/sites\/32\/2015\/03\/DSCN1671_G.jpg\"><img loading=\"lazy\" decoding=\"async\" aria-describedby=\"caption-attachment-130051\" class=\"size-large wp-image-130051\" src=\"https:\/\/jundiai.sp.gov.br\/noticias\/wp-content\/uploads\/sites\/32\/2015\/03\/DSCN1671_G-720x509.jpg\" alt=\"Opera\u00e7\u00e3o faz parte do trabalho de integra\u00e7\u00e3o da seguran\u00e7a\" width=\"720\" height=\"509\" srcset=\"https:\/\/jundiai.sp.gov.br\/noticias\/wp-content\/uploads\/sites\/32\/2015\/03\/DSCN1671_G-720x509.jpg 720w, https:\/\/jundiai.sp.gov.br\/noticias\/wp-content\/uploads\/sites\/32\/2015\/03\/DSCN1671_G-300x212.jpg 300w, https:\/\/jundiai.sp.gov.br\/noticias\/wp-content\/uploads\/sites\/32\/2015\/03\/DSCN1671_G.jpg 1240w\" sizes=\"auto, (max-width: 720px) 100vw, 720px\" \/><\/a><p id=\"caption-attachment-130051\" class=\"wp-caption-text\">Opera\u00e7\u00e3o faz parte do trabalho de integra\u00e7\u00e3o da seguran\u00e7a<\/p><\/div>\n<p>Um dos exemplos desta estrutura\u00e7\u00e3o das pol\u00edticas de seguran\u00e7a implantadas no munic\u00edpio pela atual administra\u00e7\u00e3o municipal foi registrado nessa ter\u00e7a-feira (24). <strong>Guardas municipais e policiais civis do 3\u00ba Distrito Policial descobriram um desmanche de ve\u00edculos no bairro Ivoturucaia.<\/strong><\/p>\n<p>Com apoio de c\u00e3es farejadores, os GMs encontraram dezenas de pe\u00e7as de autom\u00f3veis e motocicletas, como motores desmontados, portas, cap\u00f4s, capacetes e placas.<\/p>\n<p>Quatro jovens foram detidos e encaminhados at\u00e9 a delegacia para prestar esclarecimentos. Todos os objetos foram apreendidos.<\/p>\n<p><strong>Drogas<br \/>\nNesta quarta-feira (25), a Guarda Municipal localizou 15 quilos de maconha no Jardim S\u00e3o Camilo<\/strong>. A droga estava enterrada em uma viela e foi encontrada pelos c\u00e3es do Canil da GM. <strong>De janeiro at\u00e9 agora, a Guarda Municipal apreendeu aproximadamente 160 quilos de drogas em a\u00e7\u00f5es realizadas juntamente com a Pol\u00edcia Civil<\/strong>, nos bairros Jardim Tamoio, Vila Nambi e Jardim S\u00e3o Camilo.<\/p>\n<p><strong>Para refor\u00e7ar o cuidado das pessoas, a Prefeitura de Jundia\u00ed lan\u00e7ou o Plano Municipal de Seguran\u00e7a P\u00fablica e Cidadania. Nele est\u00e3o desafios e metas que v\u00e3o resultar em melhor qualidade de vida para a popula\u00e7\u00e3o em toda a cidade.<\/strong><\/p>\n<p><strong>O plano est\u00e1 aberto para consulta no site da Prefeitura. Os mun\u00edcipes podem participar enviando sugest\u00f5es e contribuir com a seguran\u00e7a do munic\u00edpio.<\/strong><\/p>\n<div id=\"attachment_130052\" style=\"width: 730px\" class=\"wp-caption alignnone\"><a style=\"display: inline !important;\" href=\"https:\/\/jundiai.sp.gov.br\/noticias\/wp-content\/uploads\/sites\/32\/2015\/03\/DSCN1665_G.jpg\"><img loading=\"lazy\" decoding=\"async\" aria-describedby=\"caption-attachment-130052\" class=\"wp-image-130052 size-large\" src=\"https:\/\/jundiai.sp.gov.br\/noticias\/wp-content\/uploads\/sites\/32\/2015\/03\/DSCN1665_G-720x470.jpg\" alt=\"Desmanche descoberto pela Pol\u00edcia Civil e GM\" width=\"720\" height=\"470\" srcset=\"https:\/\/jundiai.sp.gov.br\/noticias\/wp-content\/uploads\/sites\/32\/2015\/03\/DSCN1665_G-720x470.jpg 720w, https:\/\/jundiai.sp.gov.br\/noticias\/wp-content\/uploads\/sites\/32\/2015\/03\/DSCN1665_G-300x195.jpg 300w, https:\/\/jundiai.sp.gov.br\/noticias\/wp-content\/uploads\/sites\/32\/2015\/03\/DSCN1665_G.jpg 1240w\" sizes=\"auto, (max-width: 720px) 100vw, 720px\" \/><\/a><p id=\"caption-attachment-130052\" class=\"wp-caption-text\">Desmanche descoberto pela Pol\u00edcia Civil e GM<\/p><\/div>\n<p><strong><em>Kadija Rodrigues<br \/>\nFotos: Fot\u00f3grafos PJ<\/em><\/strong><\/p>\n","protected":false},"excerpt":{"rendered":"<p>Dados do Governo do Estado ressaltam a import\u00e2ncia do trabalho integrado entre as for\u00e7as policiais da cidade<\/p>\n","protected":false},"author":14,"featured_media":130061,"comment_status":"closed","ping_status":"closed","sticky":false,"template":"","format":"standard","meta":{"footnotes":""},"categories":[2],"tags":[250,31,560],"ods":[],"class_list":["post-130041","post","type-post","status-publish","format-standard","has-post-thumbnail","hentry","category-noticias","tag-gabinete-de-gestao-integrada-municipal-ggim","tag-guarda-municipal","tag-plano-de-seguranca-publica-e-cidadania"],"_links":{"self":[{"href":"https:\/\/jundiai.sp.gov.br\/noticias\/wp-json\/wp\/v2\/posts\/130041","targetHints":{"allow":["GET"]}}],"collection":[{"href":"https:\/\/jundiai.sp.gov.br\/noticias\/wp-json\/wp\/v2\/posts"}],"about":[{"href":"https:\/\/jundiai.sp.gov.br\/noticias\/wp-json\/wp\/v2\/types\/post"}],"author":[{"embeddable":true,"href":"https:\/\/jundiai.sp.gov.br\/noticias\/wp-json\/wp\/v2\/users\/14"}],"replies":[{"embeddable":true,"href":"https:\/\/jundiai.sp.gov.br\/noticias\/wp-json\/wp\/v2\/comments?post=130041"}],"version-history":[{"count":8,"href":"https:\/\/jundiai.sp.gov.br\/noticias\/wp-json\/wp\/v2\/posts\/130041\/revisions"}],"predecessor-version":[{"id":257731,"href":"https:\/\/jundiai.sp.gov.br\/noticias\/wp-json\/wp\/v2\/posts\/130041\/revisions\/257731"}],"wp:featuredmedia":[{"embeddable":true,"href":"https:\/\/jundiai.sp.gov.br\/noticias\/wp-json\/wp\/v2\/media\/130061"}],"wp:attachment":[{"href":"https:\/\/jundiai.sp.gov.br\/noticias\/wp-json\/wp\/v2\/media?parent=130041"}],"wp:term":[{"taxonomy":"category","embeddable":true,"href":"https:\/\/jundiai.sp.gov.br\/noticias\/wp-json\/wp\/v2\/categories?post=130041"},{"taxonomy":"post_tag","embeddable":true,"href":"https:\/\/jundiai.sp.gov.br\/noticias\/wp-json\/wp\/v2\/tags?post=130041"},{"taxonomy":"ods","embeddable":true,"href":"https:\/\/jundiai.sp.gov.br\/noticias\/wp-json\/wp\/v2\/ods?post=130041"}],"curies":[{"name":"wp","href":"https:\/\/api.w.org\/{rel}","templated":true}]}}