{"id":130288,"date":"2015-03-26T16:02:06","date_gmt":"2015-03-26T19:02:06","guid":{"rendered":"https:\/\/jundiai.sp.gov.br\/noticias\/?p=130288"},"modified":"2020-11-06T08:36:57","modified_gmt":"2020-11-06T11:36:57","slug":"oficinas-reforcam-prioridades-para-plano-diretor","status":"publish","type":"post","link":"https:\/\/jundiai.sp.gov.br\/noticias\/2015\/03\/26\/oficinas-reforcam-prioridades-para-plano-diretor\/","title":{"rendered":"Oficinas refor\u00e7am prioridades para Plano Diretor"},"content":{"rendered":"<p><strong>Com uma boa discuss\u00e3o em grupo na terceira das 11 oficinas territoriais do <a href=\"http:\/\/planodiretor.jundiai.sp.gov.br\/\" target=\"_blank\" rel=\"noopener noreferrer\">Plano Diretor Participativo<\/a>, na regi\u00e3o do Rio Acima, o processo que abre a 2\u00aa fase do projeto rendeu uma s\u00e9rie de apontamentos sobre os aspectos positivos e os problemas da cidade que precisam ser pensados em termos de uso do solo no munic\u00edpio.<\/strong><\/p>\n<p>\u201cEstamos sensibilizando as pessoas para as novas etapas, que v\u00e3o contar com<strong> f\u00f3runs de moradores<\/strong> para tratar da primeira proposta elaborada pelo grupo de t\u00e9cnicos\u201d, afirma a secret\u00e1ria de Planejamento e Meio Ambiente, Daniela da Camara Sutti.<\/p>\n<p><strong>LEIA TAMB\u00c9M<br \/>\n<\/strong><a href=\"https:\/\/jundiai.sp.gov.br\/noticias\/2015\/03\/25\/caes-e-gatos-contam-agora-com-centro-de-atendimento-e-cirurgia\/\" target=\"_blank\" rel=\"noopener noreferrer\">Atendimento a c\u00e3es e gatos ganha refor\u00e7o na Cobema<\/a><br \/>\n<a href=\"https:\/\/jundiai.sp.gov.br\/noticias\/2015\/03\/25\/plano-diretor-amplia-canais-de-participacao-da-comunidade\/\" target=\"_blank\" rel=\"noopener noreferrer\">Plano Diretor amplia canais de participa\u00e7\u00e3o da comunidade<\/a><br \/>\n<a href=\"https:\/\/jundiai.sp.gov.br\/noticias\/2015\/03\/24\/vetor-oeste-recebe-primeiro-oficina-do-plano-diretor-participativo\/\" target=\"_blank\" rel=\"noopener noreferrer\">Vetor Oeste recebe primeira oficina do Plano Diretor Participativo<\/a><br \/>\n<a href=\"https:\/\/jundiai.sp.gov.br\/noticias\/2015\/03\/26\/plano-apresenta-opcao-de-participacao-online\/\" target=\"_blank\" rel=\"noopener noreferrer\">Plano Diretor apresenta op\u00e7\u00e3o de participa\u00e7\u00e3o online da popula\u00e7\u00e3o<\/a><\/p>\n<div id=\"attachment_130289\" style=\"width: 730px\" class=\"wp-caption aligncenter\"><a href=\"https:\/\/jundiai.sp.gov.br\/noticias\/wp-content\/uploads\/sites\/32\/2015\/03\/plano_diretor_rio_acima_D33g.jpg\"><img loading=\"lazy\" decoding=\"async\" aria-describedby=\"caption-attachment-130289\" class=\"size-large wp-image-130289\" src=\"https:\/\/jundiai.sp.gov.br\/noticias\/wp-content\/uploads\/sites\/32\/2015\/03\/plano_diretor_rio_acima_D33g-720x504.jpg\" alt=\"Moradores conversaram sobre rumos da cidade\" width=\"720\" height=\"504\" srcset=\"https:\/\/jundiai.sp.gov.br\/noticias\/wp-content\/uploads\/sites\/32\/2015\/03\/plano_diretor_rio_acima_D33g-720x504.jpg 720w, https:\/\/jundiai.sp.gov.br\/noticias\/wp-content\/uploads\/sites\/32\/2015\/03\/plano_diretor_rio_acima_D33g-300x210.jpg 300w, https:\/\/jundiai.sp.gov.br\/noticias\/wp-content\/uploads\/sites\/32\/2015\/03\/plano_diretor_rio_acima_D33g.jpg 1240w\" sizes=\"auto, (max-width: 720px) 100vw, 720px\" \/><\/a><p id=\"caption-attachment-130289\" class=\"wp-caption-text\">Moradores conversaram sobre rumos da cidade<\/p><\/div>\n<p>Nos diversos grupos de trabalho foram destacados <strong>pontos fortes da cidade, como a qualidade de vida, os parques, as \u00e1reas verdes como a Serra do Japi e a zona rural, a educa\u00e7\u00e3o e o conv\u00edvio. Entre os problemas, quest\u00f5es pontuais de tr\u00e2nsito, de transporte p\u00fablico, de sa\u00fade<\/strong>.<\/p>\n<p>Uma das peculiaridades dessa regi\u00e3o, ainda fortemente rural, \u00e9 a atual <strong>defesa do papel de produ\u00e7\u00e3o de \u00e1gua e de sistemas alternativos de saneament<\/strong>o al\u00e9m de um alerta, em vez da verticaliza\u00e7\u00e3o descontrolada, de condom\u00ednios horizontais e de loteamentos irregulares.<\/p>\n<p>De acordo com a especialista Ernestina Gomes de Oliveira, a lei do Plano Diretor orienta <strong>usos do territ\u00f3rio do munic\u00edpio e gera a expectativa de que moradores participem do processo<\/strong>. Sobre quest\u00f5es de seguran\u00e7a, tamb\u00e9m apontadas nas oficinas, foi lembrado que est\u00e1 em andamento a constru\u00e7\u00e3o do <strong>Plano Municipal de Seguran\u00e7a P\u00fablica e Cidadania<\/strong>.<\/p>\n<p>A terceira oficina foi realizada nas depend\u00eancias da escola municipal Pedro Clarismundo Fornari. Todas as reuni\u00f5es s\u00e3o abertas aos moradores.<\/p>\n<p><a style=\"display: inline !important;\" href=\"https:\/\/jundiai.sp.gov.br\/noticias\/wp-content\/uploads\/sites\/32\/2015\/03\/plano_diretor_rio_acima_D0g.jpg\"><img loading=\"lazy\" decoding=\"async\" class=\"size-large wp-image-130290\" src=\"https:\/\/jundiai.sp.gov.br\/noticias\/wp-content\/uploads\/sites\/32\/2015\/03\/plano_diretor_rio_acima_D0g-720x509.jpg\" alt=\"A secret\u00e1ria Daniela da Camara convidou participantes a apontar a cidade que pretendem ter\" width=\"720\" height=\"509\" srcset=\"https:\/\/jundiai.sp.gov.br\/noticias\/wp-content\/uploads\/sites\/32\/2015\/03\/plano_diretor_rio_acima_D0g-720x509.jpg 720w, https:\/\/jundiai.sp.gov.br\/noticias\/wp-content\/uploads\/sites\/32\/2015\/03\/plano_diretor_rio_acima_D0g-300x212.jpg 300w, https:\/\/jundiai.sp.gov.br\/noticias\/wp-content\/uploads\/sites\/32\/2015\/03\/plano_diretor_rio_acima_D0g.jpg 1240w\" sizes=\"auto, (max-width: 720px) 100vw, 720px\" \/><\/a><\/p>\n<p>A secret\u00e1ria Daniela da Camara convidou participantes a apontar a cidade que pretendem ter<strong><em>Jos\u00e9 Arnaldo de Oliveira<br \/>\nFotos: Dorival Pinheiro Filho<\/em><\/strong><\/p>\n","protected":false},"excerpt":{"rendered":"<p>Com uma boa discuss\u00e3o em grupo na terceira das 11 oficinas territoriais do Plano Diretor Participativo, na regi\u00e3o do Rio Acima, o processo que abre a 2\u00aa fase do projeto rendeu uma s\u00e9rie de apontamentos sobre os aspectos positivos e os problemas da cidade que precisam ser pensados em termos de uso do solo no [&hellip;]<\/p>\n","protected":false},"author":14,"featured_media":0,"comment_status":"closed","ping_status":"closed","sticky":false,"template":"","format":"standard","meta":{"footnotes":""},"categories":[2],"tags":[32,560,559],"ods":[],"class_list":["post-130288","post","type-post","status-publish","format-standard","hentry","category-noticias","tag-planejamento-e-meio-ambiente","tag-plano-de-seguranca-publica-e-cidadania","tag-plano-diretor-participativo"],"_links":{"self":[{"href":"https:\/\/jundiai.sp.gov.br\/noticias\/wp-json\/wp\/v2\/posts\/130288","targetHints":{"allow":["GET"]}}],"collection":[{"href":"https:\/\/jundiai.sp.gov.br\/noticias\/wp-json\/wp\/v2\/posts"}],"about":[{"href":"https:\/\/jundiai.sp.gov.br\/noticias\/wp-json\/wp\/v2\/types\/post"}],"author":[{"embeddable":true,"href":"https:\/\/jundiai.sp.gov.br\/noticias\/wp-json\/wp\/v2\/users\/14"}],"replies":[{"embeddable":true,"href":"https:\/\/jundiai.sp.gov.br\/noticias\/wp-json\/wp\/v2\/comments?post=130288"}],"version-history":[{"count":4,"href":"https:\/\/jundiai.sp.gov.br\/noticias\/wp-json\/wp\/v2\/posts\/130288\/revisions"}],"predecessor-version":[{"id":257927,"href":"https:\/\/jundiai.sp.gov.br\/noticias\/wp-json\/wp\/v2\/posts\/130288\/revisions\/257927"}],"wp:attachment":[{"href":"https:\/\/jundiai.sp.gov.br\/noticias\/wp-json\/wp\/v2\/media?parent=130288"}],"wp:term":[{"taxonomy":"category","embeddable":true,"href":"https:\/\/jundiai.sp.gov.br\/noticias\/wp-json\/wp\/v2\/categories?post=130288"},{"taxonomy":"post_tag","embeddable":true,"href":"https:\/\/jundiai.sp.gov.br\/noticias\/wp-json\/wp\/v2\/tags?post=130288"},{"taxonomy":"ods","embeddable":true,"href":"https:\/\/jundiai.sp.gov.br\/noticias\/wp-json\/wp\/v2\/ods?post=130288"}],"curies":[{"name":"wp","href":"https:\/\/api.w.org\/{rel}","templated":true}]}}