{"id":130403,"date":"2015-03-26T18:19:28","date_gmt":"2015-03-26T21:19:28","guid":{"rendered":"https:\/\/jundiai.sp.gov.br\/noticias\/?p=130403"},"modified":"2016-11-04T11:10:45","modified_gmt":"2016-11-04T13:10:45","slug":"prefeito-anuncia-cronograma-de-obras-das-alcas-da-anhanguera","status":"publish","type":"post","link":"https:\/\/jundiai.sp.gov.br\/noticias\/2015\/03\/26\/prefeito-anuncia-cronograma-de-obras-das-alcas-da-anhanguera\/","title":{"rendered":"Prefeito anuncia cronograma de obras das al\u00e7as da Anhanguera"},"content":{"rendered":"<p><strong>O prefeito Pedro Bigardi levou uma boa not\u00edcia aos integrantes da 20\u00aa Reuni\u00e3o do Conselho de Desenvolvimento da Aglomera\u00e7\u00e3o Urbana de Jundia\u00ed (AUJ), realizada nesta quinta-feira (26), em Itupeva. Ele informou que se reuniu na semana passada com a <a href=\"http:\/\/www.autoban.com.br\/\" target=\"_blank\">AutoBAn<\/a> e a <a href=\"http:\/\/www.artesp.sp.gov.br\/\" target=\"_blank\">Artesp<\/a> para definir o cronograma das obras das al\u00e7as de acesso da Rodovia Anhanguera. Os trabalhos, segundo essas empresas, devem ter in\u00edcio em abril.<\/strong><\/p>\n<p>\u201cEssa \u00e9 uma obra que vai <strong>beneficiar todas as cidades da Aglomera\u00e7\u00e3o<\/strong>. Quando as al\u00e7as estiverem prontas, v\u00e3o dar <strong>mais fluidez para o tr\u00e2nsito na Anhanguera e isso ter\u00e1 reflexo em todas as estradas da regi\u00e3o<\/strong>\u201d, disse Bigardi. Ele colocou o cronograma \u00e0 disposi\u00e7\u00e3o de todos os integrantes do grupo.<\/p>\n<p><strong>Pedro Bigardi, que \u00e9 presidente do Conselho Consultivo da AUJ, tamb\u00e9m prop\u00f4s ao grupo a cria\u00e7\u00e3o de uma agenda de trabalho<\/strong>. \u201cPrecisamos ter um cronograma claro, para conseguirmos ter <strong>efetividade das a\u00e7\u00f5es<\/strong>. A cobran\u00e7a da popula\u00e7\u00e3o \u00e9 grande e precisamos mostrar os resultados\u201d, disse.<\/p>\n<p><strong>LEIA TAMB\u00c9M<br \/>\n<a href=\"https:\/\/jundiai.sp.gov.br\/noticias\/2015\/03\/25\/jundiai-registra-queda-nos-indices-de-furto-e-roubo-de-veiculos\/\" target=\"_blank\">Jundia\u00ed registra queda de furtos e roubos de ve\u00edculos<\/a><br \/>\n<a href=\"https:\/\/jundiai.sp.gov.br\/noticias\/2015\/03\/26\/plano-apresenta-opcao-de-participacao-online\/\" target=\"_blank\">Plano Diretor apresenta op\u00e7\u00e3o de participa\u00e7\u00e3o online da popula\u00e7\u00e3o<\/a><\/strong><\/p>\n<div id=\"attachment_130404\" style=\"width: 730px\" class=\"wp-caption aligncenter\"><a href=\"https:\/\/jundiai.sp.gov.br\/noticias\/wp-content\/uploads\/sites\/32\/2015\/03\/aglomerado_urbano_P_91G.jpg\"><img loading=\"lazy\" decoding=\"async\" aria-describedby=\"caption-attachment-130404\" src=\"https:\/\/jundiai.sp.gov.br\/noticias\/wp-content\/uploads\/sites\/32\/2015\/03\/aglomerado_urbano_P_91G-720x476.jpg\" alt=\"Pedro Bigardi prop\u00f4s cria\u00e7\u00e3o de agenda de trabalho\" width=\"720\" height=\"476\" class=\"size-large wp-image-130404\" srcset=\"https:\/\/jundiai.sp.gov.br\/noticias\/wp-content\/uploads\/sites\/32\/2015\/03\/aglomerado_urbano_P_91G-720x476.jpg 720w, https:\/\/jundiai.sp.gov.br\/noticias\/wp-content\/uploads\/sites\/32\/2015\/03\/aglomerado_urbano_P_91G-300x198.jpg 300w, https:\/\/jundiai.sp.gov.br\/noticias\/wp-content\/uploads\/sites\/32\/2015\/03\/aglomerado_urbano_P_91G.jpg 1240w\" sizes=\"auto, (max-width: 720px) 100vw, 720px\" \/><\/a><p id=\"caption-attachment-130404\" class=\"wp-caption-text\">Pedro Bigardi prop\u00f4s cria\u00e7\u00e3o de agenda de trabalho<\/p><\/div>\n<p><strong>Novo presidente<\/strong><br \/>\nDurante a reuni\u00e3o, o prefeito de Cabre\u00fava, Henrique Martin, foi eleito por consenso como novo presidente do Conselho de Desenvolvimento da AUJ. O cargo de vice ficou com o prefeito de Louveira, J\u00fanior Finamore. O mandato \u00e9 de um ano.<\/p>\n<p>\u201cSer\u00e1 um novo desafio, mas que estou disposto a assumir e caminhar junto com todos os prefeitos da nossa regi\u00e3o\u201d, disse Henrique Martin.<\/p>\n<p><strong>O Conselho de Desenvolvimento da Aglomera\u00e7\u00e3o Urbana de Jundia\u00ed \u00e9 formado pelos prefeitos Pedro Bigardi (Jundia\u00ed), Henrique Martin (Cabre\u00fava), Ricardo Bocalon (Itupeva), Junior Finamore (Louveira), Vicente Candido Teixeira Filho (Jarinu), Juvenal Rossi (V\u00e1rzea Paulista) e Jos\u00e9 Roberto de Assis (Campo Limpo Paulista).<\/strong><\/p>\n<p>Al\u00e9m dos prefeitos, participaram da reuni\u00e3o o sub-secret\u00e1rio de Desenvolvimento Metropolitano, Edmur Mesquita, e representantes de diversas secretarias do governo do Estado que integram o grupo.<\/p>\n<p><strong><em>Niza Souza<br \/>\nFoto: Paulo Gr\u00e9gio<\/em><\/strong><\/p>\n<p><strong>Assista \u00e0 reportagem da TVE Jundia\u00ed<\/strong><br \/>\n<iframe loading=\"lazy\" width=\"420\" height=\"315\" src=\"https:\/\/www.youtube.com\/embed\/Sdiv5dbMmS4\" frameborder=\"0\" allowfullscreen><\/iframe><\/p>\n","protected":false},"excerpt":{"rendered":"<p>An\u00fancio foi feito durante reuni\u00e3o do Conselho de Desenvolvimento da Aglomera\u00e7\u00e3o Urbana de Jundia\u00ed nesta quinta-feira (26) em Itupeva<\/p>\n","protected":false},"author":14,"featured_media":130409,"comment_status":"closed","ping_status":"closed","sticky":false,"template":"","format":"standard","meta":{"footnotes":""},"categories":[2],"tags":[593,876,58],"ods":[],"class_list":["post-130403","post","type-post","status-publish","format-standard","has-post-thumbnail","hentry","category-noticias","tag-aglomeracao-urbana-de-jundiai-auj","tag-complexo-jundiai","tag-prefeito"],"_links":{"self":[{"href":"https:\/\/jundiai.sp.gov.br\/noticias\/wp-json\/wp\/v2\/posts\/130403","targetHints":{"allow":["GET"]}}],"collection":[{"href":"https:\/\/jundiai.sp.gov.br\/noticias\/wp-json\/wp\/v2\/posts"}],"about":[{"href":"https:\/\/jundiai.sp.gov.br\/noticias\/wp-json\/wp\/v2\/types\/post"}],"author":[{"embeddable":true,"href":"https:\/\/jundiai.sp.gov.br\/noticias\/wp-json\/wp\/v2\/users\/14"}],"replies":[{"embeddable":true,"href":"https:\/\/jundiai.sp.gov.br\/noticias\/wp-json\/wp\/v2\/comments?post=130403"}],"version-history":[{"count":4,"href":"https:\/\/jundiai.sp.gov.br\/noticias\/wp-json\/wp\/v2\/posts\/130403\/revisions"}],"predecessor-version":[{"id":130718,"href":"https:\/\/jundiai.sp.gov.br\/noticias\/wp-json\/wp\/v2\/posts\/130403\/revisions\/130718"}],"wp:featuredmedia":[{"embeddable":true,"href":"https:\/\/jundiai.sp.gov.br\/noticias\/wp-json\/wp\/v2\/media\/130409"}],"wp:attachment":[{"href":"https:\/\/jundiai.sp.gov.br\/noticias\/wp-json\/wp\/v2\/media?parent=130403"}],"wp:term":[{"taxonomy":"category","embeddable":true,"href":"https:\/\/jundiai.sp.gov.br\/noticias\/wp-json\/wp\/v2\/categories?post=130403"},{"taxonomy":"post_tag","embeddable":true,"href":"https:\/\/jundiai.sp.gov.br\/noticias\/wp-json\/wp\/v2\/tags?post=130403"},{"taxonomy":"ods","embeddable":true,"href":"https:\/\/jundiai.sp.gov.br\/noticias\/wp-json\/wp\/v2\/ods?post=130403"}],"curies":[{"name":"wp","href":"https:\/\/api.w.org\/{rel}","templated":true}]}}