{"id":130859,"date":"2015-03-27T15:45:00","date_gmt":"2015-03-27T18:45:00","guid":{"rendered":"https:\/\/jundiai.sp.gov.br\/noticias\/?p=130859"},"modified":"2016-11-04T11:25:28","modified_gmt":"2016-11-04T13:25:28","slug":"plano-diretor-mais-de-30-mil-imoveis-foram-liberados-em-2011-e-2012","status":"publish","type":"post","link":"https:\/\/jundiai.sp.gov.br\/noticias\/2015\/03\/27\/plano-diretor-mais-de-30-mil-imoveis-foram-liberados-em-2011-e-2012\/","title":{"rendered":"PDP: mais de 30 mil im\u00f3veis foram liberados em 2011 e 2012"},"content":{"rendered":"<p><strong>O assunto da verticaliza\u00e7\u00e3o da cidade \u00e9 um dos mais presentes nas quatro primeiras entre as 11 oficinas territoriais do <strong><a href=\"http:\/\/planodiretor.jundiai.sp.gov.br\/\" target=\"_blank\">Plano Diretor Participativo<\/a><\/strong>, realizadas de segunda (23) a quinta-feira (26) desta semana, e reflete no dia a dia das pessoas &#8211; principalmente em quest\u00f5es como mobilidade urbana, sa\u00fade e seguran\u00e7a.<\/strong><\/p>\n<p><strong>VEJA TAMB\u00c9M<br \/>\n<a href=\"https:\/\/jundiai.sp.gov.br\/noticias\/2015\/03\/26\/oficinas-reforcam-prioridades-para-plano-diretor\/\" target=\"_blank\">Oficinas refor\u00e7am prioridades para Plano Diretor<\/a><br \/>\n<a href=\"https:\/\/jundiai.sp.gov.br\/noticias\/2015\/03\/27\/plano-diretor-ibge-reforca-visao-de-problemas-de-mobilidade\/\" target=\"_blank\">Plano Diretor: IBGE refor\u00e7a vis\u00e3o de problemas de mobilidade<\/a><br \/>\n<strong><a href=\"https:\/\/jundiai.sp.gov.br\/noticias\/2015\/03\/27\/referencia-de-bairro-e-destaque-no-plano-diretor-participativo\/\" target=\"_blank\">\u2018Refer\u00eancia de bairro\u2019 \u00e9 destaque no Plano Diretor Participativo<\/a><\/strong><br \/>\n<a href=\"https:\/\/jundiai.sp.gov.br\/noticias\/2015\/03\/26\/plano-apresenta-opcao-de-participacao-online\/\" target=\"_blank\">Plano Diretor apresenta op\u00e7\u00e3o de participa\u00e7\u00e3o online da popula\u00e7\u00e3o<\/a><\/strong><\/strong><\/p>\n<div id=\"attachment_130867\" style=\"width: 410px\" class=\"wp-caption alignleft\"><a href=\"https:\/\/jundiai.sp.gov.br\/noticias\/wp-content\/uploads\/sites\/32\/2015\/03\/predios_G.jpg\"><img loading=\"lazy\" decoding=\"async\" aria-describedby=\"caption-attachment-130867\" src=\"https:\/\/jundiai.sp.gov.br\/noticias\/wp-content\/uploads\/sites\/32\/2015\/03\/predios_G.jpg\" alt=\"Preocupa\u00e7\u00e3o com a verticaliza\u00e7\u00e3o exagerada da cidade \u00e9 recorrente\" width=\"400\" height=\"400\" class=\"size-full wp-image-130867\" \/><\/a><p id=\"caption-attachment-130867\" class=\"wp-caption-text\">Preocupa\u00e7\u00e3o com a verticaliza\u00e7\u00e3o exagerada da cidade \u00e9 recorrente<\/p><\/div>\n<p>Jundia\u00ed contabiliza 31.521 unidades em pr\u00e9dios de apartamentos aprovadas em 2011 e 2012.<strong> De 2013 para c\u00e1, no entanto, a atual administra\u00e7\u00e3o municipal iniciou um processo criterioso e conseguiu reduzir essa taxa para 3.196 unidades em 2013, 2.425 unidades em 2014 e 106 unidades neste ano<\/strong>.<\/p>\n<p>\u201cPrecisamos em alguns casos esclarecer esses dados, porque muitos desses empreendimentos ainda n\u00e3o sa\u00edram do papel. Uma das quest\u00f5es que implementamos em orienta\u00e7\u00e3o do prefeito Pedro Bigardi foi a aplica\u00e7\u00e3o do Estudo de Impacto de Vizinhan\u00e7a (EIV), um dos mecanismos previstos no Estatuto da Cidade que prev\u00ea contrapartidas de benef\u00edcios que buscam minimizar impactos. Mas vamos ainda sentir o efeito desse pico de aprova\u00e7\u00f5es por algum tempo\u201d, afirma a secret\u00e1ria de Planejamento e Meio Ambiente, Daniela da Camara Sutti.<\/p>\n<p>Al\u00e9m dos pr\u00e9dios de apartamentos, o n\u00famero de loteamentos tamb\u00e9m alcan\u00e7ou 2.162 lotes aprovados (divididos em 11 empreendimentos) no per\u00edodo 2011\/2012, sendo moderados a zero em 2013, a 291 (em quatro empreendimentos) em 2014 e a 600 lotes (em um \u00fanico empreendimento) em 2015.<\/p>\n<p><strong>No caso das chamadas \u201cvilas residenciais\u201d, foram 390 unidades aprovadas em 2011\/2012, caindo a zero na atual gest\u00e3o.<\/strong><\/p>\n<p>A categoria denominada resid\u00eancias em condom\u00ednio oscilou menos, passando de 1.471 no per\u00edodo 2011-2012 para 1.268 em 2013, 235 em 2014 e duas em 2015. Tamb\u00e9m manteve-se o patamar das constru\u00e7\u00f5es residenciais, com 1.521 (2011), 1.931 (2012), 1.156 (2013), 1.137 (2014) e 73 at\u00e9 o momento em 2015.<\/p>\n<p>Os pr\u00e9dios comerciais tamb\u00e9m tiveram um pico de 1.578 unidades em 2011\/2012, passando para 97 em 2013, 407 em 2014 e 11 em 2015.<\/p>\n<p>As constru\u00e7\u00f5es comerciais tiveram 295 unidades aprovadas em 2011, chegando a 783 unidades em 2012 e depois passando para 61 em 2013, 19 em 2014 e duas em 2015. J\u00e1 as constru\u00e7\u00f5es de log\u00edstica ou industriais tiveram 118 aprova\u00e7\u00f5es em 2011, 141 em 2012, 61 em 2013, 19 em 2014 e duas em 2015.<\/p>\n<p><em><strong>Jos\u00e9 Arnaldo de Oliveira<\/strong><br \/>\n<strong>Foto: Arquivo-PMJ<\/strong><\/em><\/p>\n","protected":false},"excerpt":{"rendered":"<p>O assunto da verticaliza\u00e7\u00e3o da cidade \u00e9 um dos mais presentes nas quatro primeiras entre as 11 oficinas territoriais do Plano Diretor Participativo, realizadas de segunda (23) a quinta-feira (26) desta semana, e reflete no dia a dia das pessoas &#8211; principalmente em quest\u00f5es como mobilidade urbana, sa\u00fade e seguran\u00e7a. VEJA TAMB\u00c9M Oficinas refor\u00e7am prioridades [&hellip;]<\/p>\n","protected":false},"author":21,"featured_media":0,"comment_status":"closed","ping_status":"closed","sticky":false,"template":"","format":"standard","meta":{"footnotes":""},"categories":[2],"tags":[32,559],"ods":[],"class_list":["post-130859","post","type-post","status-publish","format-standard","hentry","category-noticias","tag-planejamento-e-meio-ambiente","tag-plano-diretor-participativo"],"_links":{"self":[{"href":"https:\/\/jundiai.sp.gov.br\/noticias\/wp-json\/wp\/v2\/posts\/130859","targetHints":{"allow":["GET"]}}],"collection":[{"href":"https:\/\/jundiai.sp.gov.br\/noticias\/wp-json\/wp\/v2\/posts"}],"about":[{"href":"https:\/\/jundiai.sp.gov.br\/noticias\/wp-json\/wp\/v2\/types\/post"}],"author":[{"embeddable":true,"href":"https:\/\/jundiai.sp.gov.br\/noticias\/wp-json\/wp\/v2\/users\/21"}],"replies":[{"embeddable":true,"href":"https:\/\/jundiai.sp.gov.br\/noticias\/wp-json\/wp\/v2\/comments?post=130859"}],"version-history":[{"count":10,"href":"https:\/\/jundiai.sp.gov.br\/noticias\/wp-json\/wp\/v2\/posts\/130859\/revisions"}],"predecessor-version":[{"id":130895,"href":"https:\/\/jundiai.sp.gov.br\/noticias\/wp-json\/wp\/v2\/posts\/130859\/revisions\/130895"}],"wp:attachment":[{"href":"https:\/\/jundiai.sp.gov.br\/noticias\/wp-json\/wp\/v2\/media?parent=130859"}],"wp:term":[{"taxonomy":"category","embeddable":true,"href":"https:\/\/jundiai.sp.gov.br\/noticias\/wp-json\/wp\/v2\/categories?post=130859"},{"taxonomy":"post_tag","embeddable":true,"href":"https:\/\/jundiai.sp.gov.br\/noticias\/wp-json\/wp\/v2\/tags?post=130859"},{"taxonomy":"ods","embeddable":true,"href":"https:\/\/jundiai.sp.gov.br\/noticias\/wp-json\/wp\/v2\/ods?post=130859"}],"curies":[{"name":"wp","href":"https:\/\/api.w.org\/{rel}","templated":true}]}}