{"id":130945,"date":"2015-03-27T18:03:19","date_gmt":"2015-03-27T21:03:19","guid":{"rendered":"https:\/\/jundiai.sp.gov.br\/noticias\/?p=130945"},"modified":"2016-11-04T11:25:28","modified_gmt":"2016-11-04T13:25:28","slug":"recuperacao-ambiental-tem-6-mil-arvores-plantadas-em-fazenda","status":"publish","type":"post","link":"https:\/\/jundiai.sp.gov.br\/noticias\/2015\/03\/27\/recuperacao-ambiental-tem-6-mil-arvores-plantadas-em-fazenda\/","title":{"rendered":"Recupera\u00e7\u00e3o ambiental tem 6 mil \u00e1rvores plantadas em fazenda"},"content":{"rendered":"<p><div id=\"attachment_130959\" style=\"width: 410px\" class=\"wp-caption alignleft\"><a href=\"https:\/\/jundiai.sp.gov.br\/noticias\/wp-content\/uploads\/sites\/32\/2015\/03\/Replantio-1g.jpg\"><img loading=\"lazy\" decoding=\"async\" aria-describedby=\"caption-attachment-130959\" src=\"https:\/\/jundiai.sp.gov.br\/noticias\/wp-content\/uploads\/sites\/32\/2015\/03\/Replantio-1g-720x540.jpg\" alt=\"A equipe em visita t\u00e9cnica ao projeto: borda da serra sendo renaturalizada\" width=\"400\" height=\"350\" class=\"size-large wp-image-130959\" \/><\/a><p id=\"caption-attachment-130959\" class=\"wp-caption-text\">A equipe em visita t\u00e9cnica ao projeto: borda da serra sendo renaturalizada<\/p><\/div><strong>A Prefeitura de Jundia\u00ed considerou como positiva a avalia\u00e7\u00e3o da presen\u00e7a de um grupo t\u00e9cnico na vistoria realizada nesta semana no projeto de plantio de 6 mil \u00e1rvores nativas no interior da <a href=\"http:\/\/turismo.jundiai.sp.gov.br\/atrativos\/fazendas\/fazenda-ribeirao\/\" target=\"_blank\">Fazenda Ribeir\u00e3o<\/a>, localizada na zona de conserva\u00e7\u00e3o ambiental da Ermida e parte do Territ\u00f3rio de Gest\u00e3o da Serra do Japi. O trabalho, implementado pelo <a href=\"http:\/\/www.daesp.sp.gov.br\/\" target=\"_blank\">Departamento Aerovi\u00e1rio do Estado de S\u00e3o Paulo<\/a>, \u00e9 uma contrapartida iniciada h\u00e1 dois anos pela amplia\u00e7\u00e3o do <a href=\"http:\/\/www.daesp.sp.gov.br\/aeroporto-detalhe\/?id=864\" target=\"_blank\">Aeroporto Estadual de Jundia\u00ed Comandante Rolim Adolfo Amaro<\/a>.<\/strong><\/p>\n<p>\u201cEsse tipo de implementa\u00e7\u00e3o \u00e9 muito importante porque se soma aos<strong> esfor\u00e7os de ampliarmos a cobertura verde do munic\u00edpio, uma das metas de governo<\/strong>\u201d, comentou a secret\u00e1ria de Planejamento e Meio Ambiente, Daniela da Camara Sutti.<\/p>\n<p><strong>LEIA TAMB\u00c9M<br \/>\n<a href=\"https:\/\/jundiai.sp.gov.br\/noticias\/2015\/03\/20\/avancam-preparativos-de-reflorestamento-no-rio-jundiai-mirim\/\" target=\"_blank\">Avan\u00e7am preparativos de reflorestamento no rio Jundia\u00ed-Mirim<\/a><br \/>\n<a href=\"https:\/\/jundiai.sp.gov.br\/noticias\/2015\/03\/27\/referencia-de-bairro-e-destaque-no-plano-diretor-participativo\/\" target=\"_blank\">\u2018Refer\u00eancia de bairro\u2019 \u00e9 destaque no Plano Diretor Participativo<\/a><\/strong><\/p>\n<p>A iniciativa ocorreu depois que um primeiro <strong>teste-piloto na \u00e1rea da Escola T\u00e9cnica Estadual Benedito Storani mostrou limita\u00e7\u00f5es de solo para o volume pretendido<\/strong>. Surgiu ent\u00e3o a<strong> alternativa da Fazenda Ribeir\u00e3o<\/strong>, indicada pela Diretoria de Meio Ambiente e pelo <strong>Conselho Gestor do Territ\u00f3rio da Serra do Japi<\/strong>.<\/p>\n<p><div id=\"attachment_130961\" style=\"width: 410px\" class=\"wp-caption alignright\"><a href=\"https:\/\/jundiai.sp.gov.br\/noticias\/wp-content\/uploads\/sites\/32\/2015\/03\/Replantio-2g.jpg\"><img loading=\"lazy\" decoding=\"async\" aria-describedby=\"caption-attachment-130961\" src=\"https:\/\/jundiai.sp.gov.br\/noticias\/wp-content\/uploads\/sites\/32\/2015\/03\/Replantio-2g-720x540.jpg\" alt=\"Parte da antiga \u00e1rea de pastagem est\u00e1 voltando a ter floresta\" width=\"400\" height=\"350\" class=\"size-large wp-image-130961\" \/><\/a><p id=\"caption-attachment-130961\" class=\"wp-caption-text\">Parte da antiga \u00e1rea de pastagem est\u00e1 voltando a ter floresta<\/p><\/div>\u201cEstamos naquela fazenda desde o final do s\u00e9culo 19. Essa <strong>proposta veio ao encontro dos planos em andamento de uso sustent\u00e1vel<\/strong>. O mais interessante foi notar que, al\u00e9m das mudas plantadas perto de um canal de \u00e1gua que n\u00e3o chegou a secar, houve o <strong>reativamento do ciclo de sementeiras da pr\u00f3pria Serra<\/strong>\u201d, afirma Antonio Mendes Pereira, coordenador dos projetos na fazenda.<\/p>\n<p>De acordo com o diretor Fl\u00e1vio Gramolelli, <strong>quase uma centena de esp\u00e9cies formaram o plantel dessas milhares de mudas e o resultado atual surpreende, principalmente pela escassez h\u00eddrica de 2014<\/strong>.<\/p>\n<p>O trabalho foi orientado pelo <strong><a href=\"http:\/\/www.lerf.eco.br\/capa.asp?pi=principal\" target=\"_blank\">Laborat\u00f3rio de Ecologia e Recupera\u00e7\u00e3o Florestal (LERF), da Escola Superior de Agricultura Luiz de Queiroz, da USP<\/a><\/strong>. A implementa\u00e7\u00e3o ficou a cargo da empresa Bioflora, com apoio da Prefeitura de Jundia\u00ed.<\/p>\n<p>De acordo com Antonio Mendes Pereira, na fazenda, que j\u00e1 abrigou epis\u00f3dios como os trabalhos de Boaventura Mendes Pereira ou as filmagens da estreia de Tarc\u00edsio Meira no cinema (em \u201cCasinha Pequenina\u201d, de Mazzaropi) desenvolvem-se <strong>diversos projetos nessa \u00e1rea em andamento como o apoio ao monitoramento a\u00e9reo da Serra, propostas de educa\u00e7\u00e3o ambiental<\/strong> e outras.<\/p>\n<p><strong><em>Jos\u00e9 Arnaldo de Oliveira<br \/>\nFotos: Fot\u00f3grafos PJ<\/em><\/strong><\/p>\n","protected":false},"excerpt":{"rendered":"<p>A Prefeitura de Jundia\u00ed considerou como positiva a avalia\u00e7\u00e3o da presen\u00e7a de um grupo t\u00e9cnico na vistoria realizada nesta semana no projeto de plantio de 6 mil \u00e1rvores nativas no interior da Fazenda Ribeir\u00e3o, localizada na zona de conserva\u00e7\u00e3o ambiental da Ermida e parte do Territ\u00f3rio de Gest\u00e3o da Serra do Japi. O trabalho, implementado [&hellip;]<\/p>\n","protected":false},"author":14,"featured_media":0,"comment_status":"closed","ping_status":"closed","sticky":false,"template":"","format":"standard","meta":{"footnotes":""},"categories":[2],"tags":[526,32],"ods":[],"class_list":["post-130945","post","type-post","status-publish","format-standard","hentry","category-noticias","tag-conselho-de-gestao-da-serra-do-japi","tag-planejamento-e-meio-ambiente"],"_links":{"self":[{"href":"https:\/\/jundiai.sp.gov.br\/noticias\/wp-json\/wp\/v2\/posts\/130945","targetHints":{"allow":["GET"]}}],"collection":[{"href":"https:\/\/jundiai.sp.gov.br\/noticias\/wp-json\/wp\/v2\/posts"}],"about":[{"href":"https:\/\/jundiai.sp.gov.br\/noticias\/wp-json\/wp\/v2\/types\/post"}],"author":[{"embeddable":true,"href":"https:\/\/jundiai.sp.gov.br\/noticias\/wp-json\/wp\/v2\/users\/14"}],"replies":[{"embeddable":true,"href":"https:\/\/jundiai.sp.gov.br\/noticias\/wp-json\/wp\/v2\/comments?post=130945"}],"version-history":[{"count":4,"href":"https:\/\/jundiai.sp.gov.br\/noticias\/wp-json\/wp\/v2\/posts\/130945\/revisions"}],"predecessor-version":[{"id":130964,"href":"https:\/\/jundiai.sp.gov.br\/noticias\/wp-json\/wp\/v2\/posts\/130945\/revisions\/130964"}],"wp:attachment":[{"href":"https:\/\/jundiai.sp.gov.br\/noticias\/wp-json\/wp\/v2\/media?parent=130945"}],"wp:term":[{"taxonomy":"category","embeddable":true,"href":"https:\/\/jundiai.sp.gov.br\/noticias\/wp-json\/wp\/v2\/categories?post=130945"},{"taxonomy":"post_tag","embeddable":true,"href":"https:\/\/jundiai.sp.gov.br\/noticias\/wp-json\/wp\/v2\/tags?post=130945"},{"taxonomy":"ods","embeddable":true,"href":"https:\/\/jundiai.sp.gov.br\/noticias\/wp-json\/wp\/v2\/ods?post=130945"}],"curies":[{"name":"wp","href":"https:\/\/api.w.org\/{rel}","templated":true}]}}