{"id":131254,"date":"2015-03-30T16:25:44","date_gmt":"2015-03-30T19:25:44","guid":{"rendered":"https:\/\/jundiai.sp.gov.br\/noticias\/?p=131254"},"modified":"2016-11-04T11:25:30","modified_gmt":"2016-11-04T13:25:30","slug":"restaurantes-lotam-sabores-de-jundiai-antes-do-prazo-final","status":"publish","type":"post","link":"https:\/\/jundiai.sp.gov.br\/noticias\/2015\/03\/30\/restaurantes-lotam-sabores-de-jundiai-antes-do-prazo-final\/","title":{"rendered":"Restaurantes lotam &#8216;Sabores de Jundia\u00ed&#8217; antes do prazo final"},"content":{"rendered":"<p><strong>As 50 vagas da terceira edi\u00e7\u00e3o do festival gastron\u00f4mico \u201c<a href=\"http:\/\/saboresdejundiai.com.br\/\" target=\"_blank\">Sabores de Jundia\u00ed<\/a>\u201d, organizado pela Prefeitura de Jundia\u00ed, foram preenchidas pelos restaurantes interessados nesta segunda-feira (30) &#8211; tr\u00eas dias antes do encerramento do prazo. O evento, que ser\u00e1 realizado de 30 de maio a 30 de junho, j\u00e1 conta com diversos preparativos em andamento.<\/strong><\/p>\n<p>\u201cEssa boa resposta da comunidade mostra que estamos valorizando tamb\u00e9m esse aspecto tur\u00edstico da nossa cidade\u201d, afirma Marcos Brunholi, secret\u00e1rio de Agricultura, Abastecimento e Turismo.<\/p>\n<p><strong>LEIA TAMB\u00c9M<br \/>\n<a href=\"https:\/\/jundiai.sp.gov.br\/noticias\/2015\/03\/30\/parceria-facilita-acesso-do-comercio-a-credito-de-ate-r-600-mil\/\" target=\"_blank\"><strong>Parceria viabiliza ao com\u00e9rcio cr\u00e9dito de at\u00e9 R$ 600 mil<\/strong><\/a><br \/>\n<a href=\"https:\/\/jundiai.sp.gov.br\/noticias\/2015\/03\/30\/pesca-economica-e-opcao-para-a-semana-santa\/\" target=\"_blank\">Pesca Econ\u00f4mica \u00e9 op\u00e7\u00e3o para o per\u00edodo da Semana Santa<\/strong><\/a><\/p>\n<div id=\"attachment_131257\" style=\"width: 730px\" class=\"wp-caption aligncenter\"><a href=\"https:\/\/jundiai.sp.gov.br\/noticias\/wp-content\/uploads\/sites\/32\/2015\/03\/DSC3673_G.jpg\"><img loading=\"lazy\" decoding=\"async\" aria-describedby=\"caption-attachment-131257\" src=\"https:\/\/jundiai.sp.gov.br\/noticias\/wp-content\/uploads\/sites\/32\/2015\/03\/DSC3673_G-720x421.jpg\" alt=\"Evento em Jundia\u00ed: polo gastron\u00f4mico\" width=\"720\" height=\"421\" class=\"size-large wp-image-131257\" srcset=\"https:\/\/jundiai.sp.gov.br\/noticias\/wp-content\/uploads\/sites\/32\/2015\/03\/DSC3673_G-720x421.jpg 720w, https:\/\/jundiai.sp.gov.br\/noticias\/wp-content\/uploads\/sites\/32\/2015\/03\/DSC3673_G-300x175.jpg 300w, https:\/\/jundiai.sp.gov.br\/noticias\/wp-content\/uploads\/sites\/32\/2015\/03\/DSC3673_G.jpg 1240w\" sizes=\"auto, (max-width: 720px) 100vw, 720px\" \/><\/a><p id=\"caption-attachment-131257\" class=\"wp-caption-text\">Evento em Jundia\u00ed: polo gastron\u00f4mico<\/p><\/div>\n<p><strong>Os brindes deste ano, que est\u00e3o sendo licitados, ser\u00e3o personalizados como nas outras edi\u00e7\u00f5es &#8211; um kit de churrasco especial e seis ta\u00e7as de vinho.<\/strong> Para conquist\u00e1-los, o p\u00fablico ter\u00e1 de pedir os pratos criados especialmente para o festival e carimbar o passaporte nos restaurantes participantes.<\/p>\n<p><strong>O evento deste ano conta com uma enorme diversidade de estabelecimentos<\/strong> como A Taverna, \u00c1gua Doce Cacha\u00e7aria, Andaluz Gastronomia, Bar do Alem\u00e3o, Bar do Canto, Bar Jobim, Bar Pinguim, Brunholi Grill, Burgguer&#8217;s, Cantina &#038; Pizzaria Bertelli, China in Box, Chopperia Palma, Croasonho, Domino&#8217;s Pizzaria, Don Giuseppe, Esta\u00e7\u00e3o Fazenda, Fam\u00edlia Brunholi Express, Fam\u00edlia Brunholi Restaurante, Feij\u00e3o com Picanha Restaurante e Pizzaria, Frutibon, Hula Hupi, Fast Fan Pastel, Ibis Hotel, InterCity Express Jundia\u00ed, Japarango&#8217;s, Jin Jin Wok, Jundia\u00ed Restaurante (Quality Hotel), Koh Samui Caf\u00e9 &#038; Thai Cuisine, La Brusquetta, La Dolce Cucina, La Pasta e Formaggio, Lise\u00b4s Burger Grill, Mangiare Rosticceria, Montanhas do Japi, Mr. Cheney, Nakoo Sushi, Patroni Premium Pizzaria e Tratoria, Pizza Kone Express, Pizza Semi\u00e3o, Rei do Mate, Restaurante Dad\u00e1, Smoked Burgers, Soho (antigo Le Locco), Spoleto, Stock Brazil Caf\u00e9, Travit\u00e1lia, Verace Cantina e Pizzeria Italiani, Verace Gelato e Caff\u00e8 Italiani, Verace Napoletana Pizzeria e Yakissoba Brasil.<\/p>\n<p><div id=\"attachment_131258\" style=\"width: 330px\" class=\"wp-caption alignleft\"><a href=\"https:\/\/jundiai.sp.gov.br\/noticias\/wp-content\/uploads\/sites\/32\/2015\/03\/sabores_agricultura1G.jpg\"><img loading=\"lazy\" decoding=\"async\" aria-describedby=\"caption-attachment-131258\" src=\"https:\/\/jundiai.sp.gov.br\/noticias\/wp-content\/uploads\/sites\/32\/2015\/03\/sabores_agricultura1G-720x900.jpg\" alt=\"Passaporte do festival conta com muitas surpresas\" width=\"320\" height=\"370\" class=\"size-large wp-image-131258\" \/><\/a><p id=\"caption-attachment-131258\" class=\"wp-caption-text\">Passaporte do festival conta com muitas surpresas<\/p><\/div><strong>Orienta\u00e7\u00f5es<\/strong><br \/>\nO Festival Gastron\u00f4mico Sabores de Jundia\u00ed tem entre os objetivos o incentivo ao desenvolvimento do turismo local e a promo\u00e7\u00e3o da cidade como centro de gastronomia regional, uma vez que conta com aproximadamente 300 estabelecimentos gastron\u00f4micos com estrutura para atendimento ao turista. O evento n\u00e3o promove a competitividade entre os participantes.<\/p>\n<p>De acordo com Val\u00e9ria de Oliveira, assessora da secretaria, <strong>o foco est\u00e1 em valorizar a gastronomia tamb\u00e9m como um patrim\u00f4nio imaterial da cidade.<\/strong> Outras iniciativas nesse sentido ocorrem com o resgate do formato comunit\u00e1rio da Festa da Uva de Jundia\u00ed e a valoriza\u00e7\u00e3o do artesanato aut\u00eantico no <a href=\"http:\/\/turismo.jundiai.sp.gov.br\/atrativos\/artesanato-jundiai-feito-a-mao\/\" target=\"_blank\">projeto Jundia\u00ed Feito \u00e0 M\u00e3o<\/a>, entre outros.<\/p>\n<p>A abertura do festival est\u00e1 prevista dia 29 de maio e o local ser\u00e1 definido em parceria com o Senac Jundiai.<\/p>\n<p><em><strong>Jos\u00e9 Arnaldo de Oliveira<br \/>\nFoto: Divulga\u00e7\u00e3o<\/strong><\/em><\/p>\n","protected":false},"excerpt":{"rendered":"<p>As 50 vagas da terceira edi\u00e7\u00e3o do festival gastron\u00f4mico \u201cSabores de Jundia\u00ed\u201d, organizado pela Prefeitura de Jundia\u00ed, foram preenchidas pelos restaurantes interessados nesta segunda-feira (30) &#8211; tr\u00eas dias antes do encerramento do prazo. O evento, que ser\u00e1 realizado de 30 de maio a 30 de junho, j\u00e1 conta com diversos preparativos em andamento. \u201cEssa boa [&hellip;]<\/p>\n","protected":false},"author":10,"featured_media":0,"comment_status":"closed","ping_status":"closed","sticky":false,"template":"","format":"standard","meta":{"footnotes":""},"categories":[2],"tags":[41],"ods":[],"class_list":["post-131254","post","type-post","status-publish","format-standard","hentry","category-noticias","tag-agricultura-abastecimento-e-turismo"],"_links":{"self":[{"href":"https:\/\/jundiai.sp.gov.br\/noticias\/wp-json\/wp\/v2\/posts\/131254","targetHints":{"allow":["GET"]}}],"collection":[{"href":"https:\/\/jundiai.sp.gov.br\/noticias\/wp-json\/wp\/v2\/posts"}],"about":[{"href":"https:\/\/jundiai.sp.gov.br\/noticias\/wp-json\/wp\/v2\/types\/post"}],"author":[{"embeddable":true,"href":"https:\/\/jundiai.sp.gov.br\/noticias\/wp-json\/wp\/v2\/users\/10"}],"replies":[{"embeddable":true,"href":"https:\/\/jundiai.sp.gov.br\/noticias\/wp-json\/wp\/v2\/comments?post=131254"}],"version-history":[{"count":10,"href":"https:\/\/jundiai.sp.gov.br\/noticias\/wp-json\/wp\/v2\/posts\/131254\/revisions"}],"predecessor-version":[{"id":131520,"href":"https:\/\/jundiai.sp.gov.br\/noticias\/wp-json\/wp\/v2\/posts\/131254\/revisions\/131520"}],"wp:attachment":[{"href":"https:\/\/jundiai.sp.gov.br\/noticias\/wp-json\/wp\/v2\/media?parent=131254"}],"wp:term":[{"taxonomy":"category","embeddable":true,"href":"https:\/\/jundiai.sp.gov.br\/noticias\/wp-json\/wp\/v2\/categories?post=131254"},{"taxonomy":"post_tag","embeddable":true,"href":"https:\/\/jundiai.sp.gov.br\/noticias\/wp-json\/wp\/v2\/tags?post=131254"},{"taxonomy":"ods","embeddable":true,"href":"https:\/\/jundiai.sp.gov.br\/noticias\/wp-json\/wp\/v2\/ods?post=131254"}],"curies":[{"name":"wp","href":"https:\/\/api.w.org\/{rel}","templated":true}]}}