{"id":131338,"date":"2015-03-31T11:56:30","date_gmt":"2015-03-31T14:56:30","guid":{"rendered":"https:\/\/jundiai.sp.gov.br\/noticias\/?p=131338"},"modified":"2016-11-04T11:25:33","modified_gmt":"2016-11-04T13:25:33","slug":"guia-intersetorial-do-estacao-juventude-e-apresentado-a-secretarios","status":"publish","type":"post","link":"https:\/\/jundiai.sp.gov.br\/noticias\/2015\/03\/31\/guia-intersetorial-do-estacao-juventude-e-apresentado-a-secretarios\/","title":{"rendered":"Esta\u00e7\u00e3o Juventude: Coordenadoria apresenta Guia Intersetorial"},"content":{"rendered":"<p><strong>A <a href=\"https:\/\/www.facebook.com\/pages\/Coordenadoria-da-Juventude-de-Jundia%C3%AD\/227034494027268?ref=hl\" target=\"_blank\">Coordenadoria da Juventude<\/a> reuniu representantes do secretariado e coordenadores municipais para apresentar o Guia Intersetorial de Pol\u00edticas P\u00fablicas dentro do Programa Esta\u00e7\u00e3o Juventude, na sala de situa\u00e7\u00e3o do Pa\u00e7o Municipal, nesta segunda-feira (30).<\/strong><\/p>\n<p><strong>VEJA MAIS<br \/>\n<a href=\"https:\/\/jundiai.sp.gov.br\/noticias\/2015\/03\/25\/caes-e-gatos-contam-agora-com-centro-de-atendimento-e-cirurgia\/\" target=\"_blank\">Atendimento a c\u00e3es e gatos ganha refor\u00e7o na Cobema<\/a><br \/>\n<a href=\"https:\/\/jundiai.sp.gov.br\/noticias\/2015\/03\/26\/coordenadoria-apresenta-o-estacao-juventude-aos-estudantes-3\/\" target=\"_blank\">Coordenadoria apresenta o Esta\u00e7\u00e3o Juventude aos estudantes<\/a><br \/>\n<a href=\"https:\/\/jundiai.sp.gov.br\/noticias\/2015\/03\/25\/coordenadoria-inicia-atividades-do-estacao-juventude-em-abril\/\" target=\"_blank\">Coordenadoria inicia atividades do Esta\u00e7\u00e3o Juventude em abril<\/a><\/strong><\/p>\n<div id=\"attachment_131340\" style=\"width: 730px\" class=\"wp-caption aligncenter\"><a href=\"https:\/\/jundiai.sp.gov.br\/noticias\/wp-content\/uploads\/sites\/32\/2015\/03\/coordenadoria_juventude-1_G.jpg\"><img loading=\"lazy\" decoding=\"async\" aria-describedby=\"caption-attachment-131340\" src=\"https:\/\/jundiai.sp.gov.br\/noticias\/wp-content\/uploads\/sites\/32\/2015\/03\/coordenadoria_juventude-1_G.jpg\" alt=\"Nana Camargo deu inico a apresenta\u00e7\u00e3o do Guia Intersetorial\" width=\"720\" height=\"513\" class=\"size-full wp-image-131340\" \/><\/a><p id=\"caption-attachment-131340\" class=\"wp-caption-text\">Nana Camargo deu in\u00edcio a apresenta\u00e7\u00e3o do Guia Intersetorial<\/p><\/div>\n<p><strong>O guia cont\u00e9m as pol\u00edticas j\u00e1 existentes na cidade para o p\u00fablico jovem, e ser\u00e1 utilizado para orienta\u00e7\u00e3o e apoio nas Oficinas no Esta\u00e7\u00e3o Juventude<\/strong>, sempre buscando ajudar o desenvolvimento de suas trajet\u00f3rias de vida, medir as efic\u00e1cias das a\u00e7\u00f5es realizadas dentro deste universo pelo governo municipal, estadual e federal levando essas iniciativas \u00e0s escolas e universidades e depois levar os resultados na Confer\u00eancia Municipal da Juventude para que possam ser discutidos.<\/p>\n<p>\u201cA ideia de reunir todos aqui \u00e9 para que conhe\u00e7am o que j\u00e1 temos constitu\u00eddo como pol\u00edticas p\u00fablicas para os jovens na cidade e, a partir dessa apresenta\u00e7\u00e3o, discutir sobre o programa e tudo o que at\u00e9 agora foi desenvolvido\u201d, disse a coordenadora da Juventude Narrinam Camargo (Nana).<\/p>\n<p>Todos esses interesses foram organizados em 11 t\u00f3picos que devem ser controlados e atualizados pelo Comit\u00ea Gestor Local da Juventude. S\u00e3o eles: Cidadania e Participa\u00e7\u00e3o Social e Pol\u00edtica e Representa\u00e7\u00e3o Juvenil; Educa\u00e7\u00e3o; Profissionaliza\u00e7\u00e3o, Trabalho e Renda; Diversidade e Igualdade; Sa\u00fade; Comunica\u00e7\u00e3o e Liberdade de Express\u00e3o; Desporto e Lazer; Territ\u00f3rio e Mobilidade; Sustentabilidade e Meio ambiente; Seguran\u00e7a P\u00fablica e Acesso \u00e0 Justi\u00e7a; Cultura.<\/p>\n<p>A coordenadoria fez seu trabalho de divulga\u00e7\u00e3o tanto por redes sociais quanto pessoalmente nas institui\u00e7\u00f5es de ensino. Ao todo foram 6 escolas estaduais e 2 col\u00e9gios t\u00e9cnicos.<\/p>\n<p>A primeira dama Margarete Bigardi parabenizou Nana e ressaltou <strong>o apoio da atual administra\u00e7\u00e3o para com o programa<\/strong>. \u201cTemos mesmo que atrair os jovens e mostrar o melhor caminho para eles. Podem contar comigo para o que for preciso, pois \u00e9 necess\u00e1rio acreditar e nunca desistir do nosso trabalho. Ser\u00e1 uma tarefa \u00e1rdua, mas voc\u00eas est\u00e3o aqui para realizar um papel maior do que imaginam por todos os jovens da cidade\u201d, concluiu Margarete .<\/p>\n<p>Estiveram tamb\u00e9m presentes os secret\u00e1rios Marcelo Cereser (Desenvolvimento Econ\u00f4mico, Ci\u00eancia e Tecnologia), Daniela da Camara Sutti (Planejamento e Meio Ambiente), Mary Formari Marinho (Gest\u00e3o de Pessoas), Rita de Cassia Marchiore (Semads), representantes da Secretaria da Cultura, Servi\u00e7os P\u00fablicos, Sa\u00fade, Esportes e Lazer, Dae S\/A, Ceppir e Transportes, al\u00e9m dos coordenadores Marilza Barnabe Santos e Reinaldo Fernandes.<\/p>\n<p><strong>Esta\u00e7\u00e3o Juventude<\/strong><br \/>\n\u00c9 um programa que tem como objetivo principal ampliar o acesso de jovens de 15 a 29 anos a pol\u00edticas, programas e a\u00e7\u00f5es que assegurem seus direitos de cidadania e ampliem a sua capacidade de inclus\u00e3o e participa\u00e7\u00e3o social. Sendo assim ser\u00e3o criadas redes de suporte para a promo\u00e7\u00e3o da emancipa\u00e7\u00e3o do jovem, em especial aquele que se encontra em situa\u00e7\u00e3o de vulnerabilidade, al\u00e9m de oferecer tecnologia social para o desenvolvimento de pol\u00edticas para juventude por meio de a\u00e7\u00f5es que instauram e geram novos servi\u00e7os.<\/p>\n<p><strong>O espa\u00e7o ser\u00e1 inaugurado dia 4 de abril, \u00e0s 16h, e contar\u00e1 com a presen\u00e7a do prefeito Pedro Bigardi e do secret\u00e1rio Nacional de Juventude da Presid\u00eancia da Rep\u00fablica, Gabriel Medina.<\/strong><\/p>\n<p>Para que todos possam participar, o Esta\u00e7\u00e3o Juventude <strong>deve funcionar tamb\u00e9m aos s\u00e1bados, e no 1\u00ba e 3\u00ba domingos do m\u00eas<\/strong>, que \u00e9 quando Tarifa Social &#8211; iniciativa do prefeito Pedro Bigardi que determina o valor da passagem de \u00f4nibus a R$ 1 \u2013 est\u00e1 em vigor.<\/p>\n<p><em><strong>Assessoria de Imprensa<br \/>\nFoto: Fot\u00f3grafos PMJ<\/strong><\/em><\/p>\n","protected":false},"excerpt":{"rendered":"<p>A inaugura\u00e7\u00e3o do programa ser\u00e1 no pr\u00f3ximo s\u00e1bado (4), \u00e0s 16h, no Complexo Fepasa, com duas apresenta\u00e7\u00f5es culturais <\/p>\n","protected":false},"author":21,"featured_media":131343,"comment_status":"closed","ping_status":"closed","sticky":false,"template":"","format":"standard","meta":{"footnotes":""},"categories":[2],"tags":[174,356,509,391,29,66,365,35,621,548,32,3,73,341],"ods":[],"class_list":["post-131338","post","type-post","status-publish","format-standard","has-post-thumbnail","hentry","category-noticias","tag-coordenadoria-da-juventude","tag-coordenadoria-de-politicas-publicas-para-as-mulheres","tag-coordenadoria-dos-direitos-das-pessoas-com-deficiencia","tag-coordenadoria-especial-de-politicas-publicas-de-promocao-da-igualdade-racial-cepppir","tag-cultura","tag-dae","tag-desenvolvimento-economico-ciencia-e-tecnologia","tag-esporte-e-lazer","tag-estacao-juventude","tag-gestao-de-pessoas","tag-planejamento-e-meio-ambiente","tag-saude","tag-secretaria-de-assistencia-e-desenvolvimento-social-semads","tag-servicos-publicos"],"_links":{"self":[{"href":"https:\/\/jundiai.sp.gov.br\/noticias\/wp-json\/wp\/v2\/posts\/131338","targetHints":{"allow":["GET"]}}],"collection":[{"href":"https:\/\/jundiai.sp.gov.br\/noticias\/wp-json\/wp\/v2\/posts"}],"about":[{"href":"https:\/\/jundiai.sp.gov.br\/noticias\/wp-json\/wp\/v2\/types\/post"}],"author":[{"embeddable":true,"href":"https:\/\/jundiai.sp.gov.br\/noticias\/wp-json\/wp\/v2\/users\/21"}],"replies":[{"embeddable":true,"href":"https:\/\/jundiai.sp.gov.br\/noticias\/wp-json\/wp\/v2\/comments?post=131338"}],"version-history":[{"count":8,"href":"https:\/\/jundiai.sp.gov.br\/noticias\/wp-json\/wp\/v2\/posts\/131338\/revisions"}],"predecessor-version":[{"id":131375,"href":"https:\/\/jundiai.sp.gov.br\/noticias\/wp-json\/wp\/v2\/posts\/131338\/revisions\/131375"}],"wp:featuredmedia":[{"embeddable":true,"href":"https:\/\/jundiai.sp.gov.br\/noticias\/wp-json\/wp\/v2\/media\/131343"}],"wp:attachment":[{"href":"https:\/\/jundiai.sp.gov.br\/noticias\/wp-json\/wp\/v2\/media?parent=131338"}],"wp:term":[{"taxonomy":"category","embeddable":true,"href":"https:\/\/jundiai.sp.gov.br\/noticias\/wp-json\/wp\/v2\/categories?post=131338"},{"taxonomy":"post_tag","embeddable":true,"href":"https:\/\/jundiai.sp.gov.br\/noticias\/wp-json\/wp\/v2\/tags?post=131338"},{"taxonomy":"ods","embeddable":true,"href":"https:\/\/jundiai.sp.gov.br\/noticias\/wp-json\/wp\/v2\/ods?post=131338"}],"curies":[{"name":"wp","href":"https:\/\/api.w.org\/{rel}","templated":true}]}}