{"id":132043,"date":"2015-04-02T18:13:51","date_gmt":"2015-04-02T21:13:51","guid":{"rendered":"https:\/\/jundiai.sp.gov.br\/noticias\/?p=132043"},"modified":"2016-11-04T11:26:46","modified_gmt":"2016-11-04T13:26:46","slug":"inscricoes-para-mostra-de-danca-se-encerram-na-proxima-segunda-6","status":"publish","type":"post","link":"https:\/\/jundiai.sp.gov.br\/noticias\/2015\/04\/02\/inscricoes-para-mostra-de-danca-se-encerram-na-proxima-segunda-6\/","title":{"rendered":"Inscri\u00e7\u00f5es para Mostra de Dan\u00e7a se encerram nesta segunda (6)"},"content":{"rendered":"<p><strong>As inscri\u00e7\u00f5es para a Mostra de Dan\u00e7a Jundia\u00ed 2015 v\u00e3o somente at\u00e9 a pr\u00f3xima segunda-feira (6). Podem se inscrever escolas e companhias de dan\u00e7a de Jundia\u00ed e demais cidades do Estado, na Casa da Cultura ou pelo correio (com correspond\u00eancia datada at\u00e9 o prazo vigente de inscri\u00e7\u00e3o). As coreografias vencedoras recebem um pr\u00eamio de R$1 mil.<\/strong><\/p>\n<p>Promovida pela <strong><a href=\"http:\/\/cultura.jundiai.sp.gov.br\/\" target=\"_blank\">Secretaria de Cultura<\/a>, em parceria com o Conselho Municipal de Cultura e Comiss\u00e3o Municipal de Dan\u00e7a, a mostra ser\u00e1 feita nos dias 8, 9, e 10 de maio<\/strong>. O objetivo \u00e9<strong> proporcionar oportunidade aos artistas para mostrarem os talentos no universo da dan\u00e7a<\/strong>, possibilitando a troca de experi\u00eancias entre os participantes e incentivando a forma\u00e7\u00e3o do bailarino, al\u00e9m de <strong>divulgar e socializar as produ\u00e7\u00f5es art\u00edsticas<\/strong> das companhias de dan\u00e7a.<\/p>\n<p><strong>LEIA TAMB\u00c9M<br \/>\n<a href=\"https:\/\/jundiai.sp.gov.br\/noticias\/2015\/04\/06\/reuniao-discute-preparativos-para-virada-jundiai\/\" target=\"_blank\">Reuni\u00e3o discute preparativos para \u2018Virada Jundia\u00ed\u2019<\/a><br \/>\n<a href=\"https:\/\/jundiai.sp.gov.br\/noticias\/2015\/03\/31\/cultura-abre-inscricoes-para-a-virada-jundiai\/\" target=\"_blank\">Cultura abre inscri\u00e7\u00f5es para a \u2018Virada Jundia\u00ed\u2019 2015<\/a><br \/>\n<a href=\"https:\/\/jundiai.sp.gov.br\/noticias\/2015\/04\/02\/criancas-podem-se-divertir-de-graca-no-polytheama\/\" target=\"_blank\">Crian\u00e7as podem se divertir de gra\u00e7a no Polytheama<\/a><br \/>\n<a href=\"https:\/\/jundiai.sp.gov.br\/noticias\/2015\/04\/01\/cultura-divulga-classificacao-dos-projetos-inscritos-no-programa-estimulo\/\" target=\"_blank\">Cultura divulga classifica\u00e7\u00e3o dos projetos no Programa Est\u00edmulo<\/a><\/strong><\/p>\n<div id=\"attachment_132046\" style=\"width: 730px\" class=\"wp-caption aligncenter\"><a href=\"https:\/\/jundiai.sp.gov.br\/noticias\/wp-content\/uploads\/sites\/32\/2015\/04\/danca-cultura-jundiai-08g.jpg\"><img loading=\"lazy\" decoding=\"async\" aria-describedby=\"caption-attachment-132046\" class=\"size-large wp-image-132046\" src=\"https:\/\/jundiai.sp.gov.br\/noticias\/wp-content\/uploads\/sites\/32\/2015\/04\/danca-cultura-jundiai-08g-720x466.jpg\" alt=\"Mostra de Dan\u00e7a ser\u00e1 realizada em maio, no Polytheama\" width=\"720\" height=\"466\" srcset=\"https:\/\/jundiai.sp.gov.br\/noticias\/wp-content\/uploads\/sites\/32\/2015\/04\/danca-cultura-jundiai-08g-720x466.jpg 720w, https:\/\/jundiai.sp.gov.br\/noticias\/wp-content\/uploads\/sites\/32\/2015\/04\/danca-cultura-jundiai-08g-300x194.jpg 300w, https:\/\/jundiai.sp.gov.br\/noticias\/wp-content\/uploads\/sites\/32\/2015\/04\/danca-cultura-jundiai-08g.jpg 1240w\" sizes=\"auto, (max-width: 720px) 100vw, 720px\" \/><\/a><p id=\"caption-attachment-132046\" class=\"wp-caption-text\">Mostra de Dan\u00e7a ser\u00e1 realizada em maio, no Polytheama<\/p><\/div>\n<p><strong>Inscri\u00e7\u00f5es<\/strong><br \/>\n<strong>Podem se inscrever companhias de dan\u00e7a e bailarinos de Jundia\u00ed e demais cidades do Estado <\/strong>mediante preenchimento e entrega da<strong> ficha de inscri\u00e7\u00e3o; DVD da coreografia na \u00edntegra com figurino; release da coreografia, duas fotos da coreografia impressas e gravadas em CD; c\u00f3pias do RG e CPF do respons\u00e1vel pela inscri\u00e7\u00e3o; c\u00f3pias do RG ou certid\u00e3o de nascimento de todos os participantes<\/strong>. A inscri\u00e7\u00e3o do participante menor de 18 anos deve ser assinada por pais ou respons\u00e1vel.<\/p>\n<p>As <strong>inscri\u00e7\u00f5es devem ser feitas na Casa da Cultura<\/strong>, na rua Bar\u00e3o de Jundia\u00ed, 868, Centro, das 9h \u00e0s 17h, de segunda a sexta-feira, ou <strong>pelo correio<\/strong>, via Sedex, no mesmo endere\u00e7o at\u00e9 6 de abril comprovada pelo carimbo da agencia postal.<\/p>\n<p>A Mostra de Dan\u00e7a \u00e9 dividida nas <strong>categorias infantil, juvenil I, juvenil II e adulto<\/strong>. Os g\u00eaneros s\u00e3o <strong>cl\u00e1ssico de repert\u00f3rio \u2013 varia\u00e7\u00e3o e Pas de Deux<\/strong> (juvenil I, juvenil II e adulto) e <strong>Grand Pas de Deux e Grand Pas de Trois<\/strong> (juvenil II e adulto), <strong>cl\u00e1ssico livre, contempor\u00e2neo<\/strong> (adulto), <strong>jazz, street dance, sapateado americano e dan\u00e7as populares como dan\u00e7a do ventre, flamenco, dan\u00e7a irlandesa, dan\u00e7a de sal\u00e3o<\/strong>. Cada escola ou companhia poder\u00e1 inscrever <strong>at\u00e9 tr\u00eas coreografias<\/strong> dentro da cada g\u00eanero e categoria.<\/p>\n<p>A sele\u00e7\u00e3o das coreografias ser\u00e1 feita por <strong>quatro profissionais ligados \u00e0 \u00e1rea de dan\u00e7a com especialidade comprovada<\/strong>, selecionados pela comiss\u00e3o organizadora da mostra. Ser\u00e3o selecionadas at\u00e9 tr\u00eas coreografias por g\u00eanero, dentro de cada categoria.<strong> O resultado da sele\u00e7\u00e3o ser\u00e1 divulgado a partir de 24 de abril na <a href=\"http:\/\/imprensaoficial.jundiai.sp.gov.br\/\" target=\"_blank\">Imprensa Oficial<\/a><\/strong>.<\/p>\n<p>As <strong>coreografias selecionadas ser\u00e3o apresentadas durante a Mostra de Dan\u00e7a de Jundia\u00ed, no <a href=\"http:\/\/cultura.jundiai.sp.gov.br\/espacos-culturais\/teatro-polytheama\/\" target=\"_blank\">Teatro Polytheama<\/a><\/strong>. Tamb\u00e9m ser\u00e3o realizados <strong>workshops de diversos g\u00eaneros<\/strong>, voltados para core\u00f3grafos, bailarinos e representantes dos grupos selecionados nas categorias juvenil II e adulto.<\/p>\n<p><strong><em>Assessoria de Imprensa<br \/>\nFoto: Arquivo PMJ<\/em><\/strong><\/p>\n","protected":false},"excerpt":{"rendered":"<p>MAIS CULTURA: Reuni\u00e3o discute preparativos para \u2018Virada Jundia\u00ed\u2019, que vai ter mais de 70 atra\u00e7\u00f5es em mais de 48 horas de festa<\/p>\n","protected":false},"author":14,"featured_media":132057,"comment_status":"closed","ping_status":"closed","sticky":false,"template":"","format":"standard","meta":{"footnotes":""},"categories":[2],"tags":[600,29,439,633,538,98],"ods":[],"class_list":["post-132043","post","type-post","status-publish","format-standard","has-post-thumbnail","hentry","category-noticias","tag-conselho-de-cultura","tag-cultura","tag-danca","tag-mostra-de-danca","tag-mostra-de-danca-2015","tag-teatro-polytheama"],"_links":{"self":[{"href":"https:\/\/jundiai.sp.gov.br\/noticias\/wp-json\/wp\/v2\/posts\/132043","targetHints":{"allow":["GET"]}}],"collection":[{"href":"https:\/\/jundiai.sp.gov.br\/noticias\/wp-json\/wp\/v2\/posts"}],"about":[{"href":"https:\/\/jundiai.sp.gov.br\/noticias\/wp-json\/wp\/v2\/types\/post"}],"author":[{"embeddable":true,"href":"https:\/\/jundiai.sp.gov.br\/noticias\/wp-json\/wp\/v2\/users\/14"}],"replies":[{"embeddable":true,"href":"https:\/\/jundiai.sp.gov.br\/noticias\/wp-json\/wp\/v2\/comments?post=132043"}],"version-history":[{"count":15,"href":"https:\/\/jundiai.sp.gov.br\/noticias\/wp-json\/wp\/v2\/posts\/132043\/revisions"}],"predecessor-version":[{"id":160710,"href":"https:\/\/jundiai.sp.gov.br\/noticias\/wp-json\/wp\/v2\/posts\/132043\/revisions\/160710"}],"wp:featuredmedia":[{"embeddable":true,"href":"https:\/\/jundiai.sp.gov.br\/noticias\/wp-json\/wp\/v2\/media\/132057"}],"wp:attachment":[{"href":"https:\/\/jundiai.sp.gov.br\/noticias\/wp-json\/wp\/v2\/media?parent=132043"}],"wp:term":[{"taxonomy":"category","embeddable":true,"href":"https:\/\/jundiai.sp.gov.br\/noticias\/wp-json\/wp\/v2\/categories?post=132043"},{"taxonomy":"post_tag","embeddable":true,"href":"https:\/\/jundiai.sp.gov.br\/noticias\/wp-json\/wp\/v2\/tags?post=132043"},{"taxonomy":"ods","embeddable":true,"href":"https:\/\/jundiai.sp.gov.br\/noticias\/wp-json\/wp\/v2\/ods?post=132043"}],"curies":[{"name":"wp","href":"https:\/\/api.w.org\/{rel}","templated":true}]}}