{"id":132114,"date":"2015-04-04T18:07:24","date_gmt":"2015-04-04T21:07:24","guid":{"rendered":"https:\/\/jundiai.sp.gov.br\/noticias\/?p=132114"},"modified":"2016-11-04T11:26:51","modified_gmt":"2016-11-04T13:26:51","slug":"prefeitura-em-acao-entra-na-guerra-contra-a-dengue","status":"publish","type":"post","link":"https:\/\/jundiai.sp.gov.br\/noticias\/2015\/04\/04\/prefeitura-em-acao-entra-na-guerra-contra-a-dengue\/","title":{"rendered":"Prefeitura em A\u00e7\u00e3o entra na guerra contra a dengue"},"content":{"rendered":"<p>A <strong>Prefeitura de Jundia\u00ed<\/strong> realiza na pr\u00f3xima quarta-feira (8) o programa<strong> &#8216;Prefeitura em A\u00e7\u00e3o Contra a Dengue&#8217;<\/strong>. <strong>O objetivo \u00e9 mobilizar todas as secretarias em uma grande a\u00e7\u00e3o efetiva e coordenada em toda a cidade para conscientizar a popula\u00e7\u00e3o sobre a import\u00e2ncia do combate ao mosquito Aedes aegypti.<\/strong><\/p>\n<p><a href=\"https:\/\/jundiai.sp.gov.br\/noticias\/tag\/prefeitura-em-acao\/\" target=\"_blank\"><strong>SAIBA MAIS SOBRE O PREFEITURA EM A\u00c7\u00c3O<\/strong><\/a><\/p>\n<p><strong>LEIA TAMB\u00c9M<br \/>\n<a href=\"https:\/\/jundiai.sp.gov.br\/noticias\/2015\/04\/02\/dengue-pacientes-com-sintomas-devem-procurar-unidade-de-saude\/\" target=\"_blank\">Dengue: pacientes com sintomas devem procurar unidade de sa\u00fade<\/a><\/strong><\/p>\n<div id=\"attachment_132115\" style=\"width: 730px\" class=\"wp-caption aligncenter\"><a href=\"https:\/\/jundiai.sp.gov.br\/noticias\/wp-content\/uploads\/sites\/32\/2015\/04\/Investigacao_Dengue_A_6g.jpg\"><img loading=\"lazy\" decoding=\"async\" aria-describedby=\"caption-attachment-132115\" class=\"size-large wp-image-132115\" src=\"https:\/\/jundiai.sp.gov.br\/noticias\/wp-content\/uploads\/sites\/32\/2015\/04\/Investigacao_Dengue_A_6g-720x496.jpg\" alt=\"Foco do mosquito transmissor pode estar em qualquer lugar\" width=\"720\" height=\"496\" srcset=\"https:\/\/jundiai.sp.gov.br\/noticias\/wp-content\/uploads\/sites\/32\/2015\/04\/Investigacao_Dengue_A_6g-720x496.jpg 720w, https:\/\/jundiai.sp.gov.br\/noticias\/wp-content\/uploads\/sites\/32\/2015\/04\/Investigacao_Dengue_A_6g-300x206.jpg 300w, https:\/\/jundiai.sp.gov.br\/noticias\/wp-content\/uploads\/sites\/32\/2015\/04\/Investigacao_Dengue_A_6g.jpg 1240w\" sizes=\"auto, (max-width: 720px) 100vw, 720px\" \/><\/a><p id=\"caption-attachment-132115\" class=\"wp-caption-text\">Foco do mosquito transmissor pode estar em qualquer lugar<\/p><\/div>\n<p>Ser\u00e3o realizadas visitas casa a casa, com foco nos bairros onde h\u00e1 maior incid\u00eancia de casos e notifica\u00e7\u00f5es de moradores com sintomas da doen\u00e7a. Al\u00e9m disso, a Secretaria de Servi\u00e7os P\u00fablicos vai se mobilizar num mutir\u00e3o de limpeza nas \u00e1reas e terrenos p\u00fablicos, parques e pra\u00e7as.<\/p>\n<p><strong>\u201cPedimos a colabora\u00e7\u00e3o de todos nessa luta. Vale destacar a import\u00e2ncia de cada morador olhar o quintal e eliminar recipientes com \u00e1gua parada\u201d, destaca o prefeito Pedro Bigardi.<\/strong><\/p>\n<p>Apesar de o n\u00famero de casos em Jundia\u00ed ser considerado baixo em rela\u00e7\u00e3o a outros munic\u00edpios vizinhos, \u00e9 importante n\u00e3o descuidar. \u201cTemos de estar alertas e essa mobiliza\u00e7\u00e3o \u00e9 uma forma de chamar a aten\u00e7\u00e3o de todos para os cuidados e preven\u00e7\u00e3o\u201d, refor\u00e7a o secret\u00e1rio de Sa\u00fade, Lu\u00eds Carlos Casarin.<\/p>\n<p><strong>Perfil<\/strong><br \/>\nEste ano, o perfil epidemiol\u00f3gico da dengue mudou. V\u00e1rios munic\u00edpios do Pa\u00eds, principalmente no Estado de S\u00e3o Paulo, est\u00e3o com transmiss\u00e3o desde o in\u00edcio de 2015, diferentemente de outros anos &#8211; quando os casos come\u00e7avam a aparecer em mar\u00e7o e abril.<\/p>\n<p>Em consequ\u00eancia disso, a <strong>Prefeitura de Jundia\u00ed antecipou para fevereiro o evento \u201cDengue, aqui n\u00e3o!\u201d<\/strong>, organizado em parceria com o 12\u00ba GAC para o combate da doen\u00e7a, tradicionalmente realizado em abril. Na ocasi\u00e3o, foram visitados cerca de 10 mil domic\u00edlios. As equipes orientaram a popula\u00e7\u00e3o a identificar e eliminar criadouros e focos do mosquito. Agora, para refor\u00e7ar o combate \u00e0 dengue, a Prefeitura realiza mais essa a\u00e7\u00e3o de mobiliza\u00e7\u00e3o.<\/p>\n<p><strong>Vale destacar que as pessoas com sintomas da dengue (principalmente febre, dor de cabe\u00e7a e dor no corpo) n\u00e3o devem se automedicar. A orienta\u00e7\u00e3o \u00e9 que procurem uma unidade de sa\u00fade.<\/strong><\/p>\n<p><strong>Algumas dicas para eliminar criadouros:<\/strong><\/p>\n<p>&#8211; Guarde pneus em locais secos e cobertos<br \/>\n&#8211; Mantenha o lixo tampado<br \/>\n&#8211; Guarde garrafas vazias de boca para baixo<br \/>\n&#8211; Tampe as caixas d\u2019\u00e1gua<br \/>\n&#8211; Armazene adequadamente os materiais recicl\u00e1veis<br \/>\n&#8211; Tampe os ralos<br \/>\n&#8211; Limpe os terrenos<br \/>\n&#8211; N\u00e3o use pratos nos vasos de planta<\/p>\n<p><strong>Principais sintomas da dengue:<\/strong><\/p>\n<p>&#8211; Febre alta<br \/>\n&#8211; Dor de cabe\u00e7a<br \/>\n&#8211; Dor no fundo dos olhos<br \/>\n&#8211; Falta de apetite<br \/>\n&#8211; Dores nas articula\u00e7\u00f5es<br \/>\n&#8211; Fraqueza<br \/>\n&#8211; Manchas pelo corpo<\/p>\n<p><strong><em>Niza Souza<br \/>\nFotos: Arquivo PMJ<\/em><\/strong><\/p>\n","protected":false},"excerpt":{"rendered":"<p>O objetivo \u00e9 mobilizar as secretarias em uma a\u00e7\u00e3o na cidade para conscientizar a popula\u00e7\u00e3o sobre o combate ao mosquito<\/p>\n","protected":false},"author":11,"featured_media":132378,"comment_status":"closed","ping_status":"closed","sticky":false,"template":"","format":"standard","meta":{"footnotes":""},"categories":[2],"tags":[24,528,615,634,3,341,362],"ods":[],"class_list":["post-132114","post","type-post","status-publish","format-standard","has-post-thumbnail","hentry","category-noticias","tag-dengue","tag-dengue-aqui-nao","tag-prefeitura-em-acao","tag-prefeitura-em-acao-contra-a-dengue","tag-saude","tag-servicos-publicos","tag-unidade-de-vigilancia-de-zoonoses"],"_links":{"self":[{"href":"https:\/\/jundiai.sp.gov.br\/noticias\/wp-json\/wp\/v2\/posts\/132114","targetHints":{"allow":["GET"]}}],"collection":[{"href":"https:\/\/jundiai.sp.gov.br\/noticias\/wp-json\/wp\/v2\/posts"}],"about":[{"href":"https:\/\/jundiai.sp.gov.br\/noticias\/wp-json\/wp\/v2\/types\/post"}],"author":[{"embeddable":true,"href":"https:\/\/jundiai.sp.gov.br\/noticias\/wp-json\/wp\/v2\/users\/11"}],"replies":[{"embeddable":true,"href":"https:\/\/jundiai.sp.gov.br\/noticias\/wp-json\/wp\/v2\/comments?post=132114"}],"version-history":[{"count":10,"href":"https:\/\/jundiai.sp.gov.br\/noticias\/wp-json\/wp\/v2\/posts\/132114\/revisions"}],"predecessor-version":[{"id":160709,"href":"https:\/\/jundiai.sp.gov.br\/noticias\/wp-json\/wp\/v2\/posts\/132114\/revisions\/160709"}],"wp:featuredmedia":[{"embeddable":true,"href":"https:\/\/jundiai.sp.gov.br\/noticias\/wp-json\/wp\/v2\/media\/132378"}],"wp:attachment":[{"href":"https:\/\/jundiai.sp.gov.br\/noticias\/wp-json\/wp\/v2\/media?parent=132114"}],"wp:term":[{"taxonomy":"category","embeddable":true,"href":"https:\/\/jundiai.sp.gov.br\/noticias\/wp-json\/wp\/v2\/categories?post=132114"},{"taxonomy":"post_tag","embeddable":true,"href":"https:\/\/jundiai.sp.gov.br\/noticias\/wp-json\/wp\/v2\/tags?post=132114"},{"taxonomy":"ods","embeddable":true,"href":"https:\/\/jundiai.sp.gov.br\/noticias\/wp-json\/wp\/v2\/ods?post=132114"}],"curies":[{"name":"wp","href":"https:\/\/api.w.org\/{rel}","templated":true}]}}