{"id":132125,"date":"2015-04-04T18:31:00","date_gmt":"2015-04-04T21:31:00","guid":{"rendered":"https:\/\/jundiai.sp.gov.br\/noticias\/?p=132125"},"modified":"2016-11-04T11:26:52","modified_gmt":"2016-11-04T13:26:52","slug":"estacao-juventude-abre-como-espaco-de-dialogo-com-jovens","status":"publish","type":"post","link":"https:\/\/jundiai.sp.gov.br\/noticias\/2015\/04\/04\/estacao-juventude-abre-como-espaco-de-dialogo-com-jovens\/","title":{"rendered":"Esta\u00e7\u00e3o Juventude abre como &#8216;espa\u00e7o de di\u00e1logo&#8217;"},"content":{"rendered":"<p><strong>Um dos pr\u00e9dios das antigas oficinas da Companhia Paulista, no Complexo Fepasa, transformou-se neste s\u00e1bado (4) em um novo espa\u00e7o voltado para os jovens de 15 a 29 anos de idade &#8211; ou 93 mil moradores de Jundia\u00ed (24% da popula\u00e7\u00e3o total). O <a href=\"https:\/\/jundiai.sp.gov.br\/estacaojuventude\/\" target=\"_blank\">Esta\u00e7\u00e3o Juventude<\/a> vai ser um espa\u00e7o de informa\u00e7\u00e3o e de acesso \u00e0s pol\u00edticas p\u00fablicas voltadas para esse segmento e tamb\u00e9m um polo de eventos, oficinas e atividades.<\/strong><\/p>\n<p><a href=\"https:\/\/www.flickr.com\/photos\/prefeituradejundiai\/sets\/72157651346769378\/\" target=\"_blank\"><strong>CONFIRA AS FOTOS DA INAUGURA\u00c7\u00c3O<\/strong><\/a><\/p>\n<div id=\"attachment_132126\" style=\"width: 730px\" class=\"wp-caption aligncenter\"><a href=\"https:\/\/jundiai.sp.gov.br\/noticias\/wp-content\/uploads\/sites\/32\/2015\/04\/inauguracao_estacao_juventude_P_111G.jpg\"><img loading=\"lazy\" decoding=\"async\" aria-describedby=\"caption-attachment-132126\" class=\"size-large wp-image-132126\" src=\"https:\/\/jundiai.sp.gov.br\/noticias\/wp-content\/uploads\/sites\/32\/2015\/04\/inauguracao_estacao_juventude_P_111G-720x513.jpg\" alt=\"Pedro Bigardi e Medina recepcionados no Esta\u00e7\u00e3o Juventude\" width=\"720\" height=\"513\" srcset=\"https:\/\/jundiai.sp.gov.br\/noticias\/wp-content\/uploads\/sites\/32\/2015\/04\/inauguracao_estacao_juventude_P_111G-720x513.jpg 720w, https:\/\/jundiai.sp.gov.br\/noticias\/wp-content\/uploads\/sites\/32\/2015\/04\/inauguracao_estacao_juventude_P_111G-300x213.jpg 300w, https:\/\/jundiai.sp.gov.br\/noticias\/wp-content\/uploads\/sites\/32\/2015\/04\/inauguracao_estacao_juventude_P_111G.jpg 1240w\" sizes=\"auto, (max-width: 720px) 100vw, 720px\" \/><\/a><p id=\"caption-attachment-132126\" class=\"wp-caption-text\">Pedro Bigardi e Medina recepcionados no Esta\u00e7\u00e3o Juventude<\/p><\/div>\n<p>\u201cDedico essa inaugura\u00e7\u00e3o ao menino de 10 anos que morreu em um tiroteio no Rio de Janeiro, como lembran\u00e7a da viol\u00eancia que acontece hoje em diversos lugares do Pa\u00eds e do mundo. N\u00e3o \u00e9 esse o futuro que queremos, mas sim outro com direitos e que pretendemos construir junto\u201d, afirmou o prefeito Pedro Bigardi.<\/p>\n<p>O evento contou com a presen\u00e7a do secret\u00e1rio nacional de Juventude, Gabriel Medina. Ele destacou o projeto de Jundia\u00ed como um dos melhores recebidos pelo edital de conv\u00eanios. \u201cVejo um cen\u00e1rio promissor, pois em uma visita conheci pistas de skate, galeria de grafites e planos de ciclovias. Esse equipamento \u00e9 novo e busca ser um banco de dados como refer\u00eancia para os jovens encontrarem oportunidades\u201d, destacou.<\/p>\n<p>Instalado no pr\u00e9dio antes ocupado pela Defesa Civil, o novo Esta\u00e7\u00e3o Juventude come\u00e7a com uma s\u00e9rie de atividades. \u201cDesenvolvemos o projeto a partir de 2013 e agora come\u00e7amos dentro de um espa\u00e7o com muita intera\u00e7\u00e3o a outros projetos culturais e educacionais. Vamos refor\u00e7ar tamb\u00e9m o setor de apoio profissionalizante\u201d, afirmou a coordenadora Narrinam Camargo.<\/p>\n<p><strong>Conhe\u00e7a as oficinas<\/strong><br \/>\nAs primeiras atividades do Esta\u00e7\u00e3o Juventude come\u00e7am dia 11 de abril com oficinas de Profissionaliza\u00e7\u00e3o, Trabalho e Renda (dias 11, 19, 25 de abril e 2, 9, 16 e 23 de maio das 10h \u00e0s 12h).<\/p>\n<p>Depois,<strong> <a href=\"https:\/\/jundiai.sp.gov.br\/estacaojuventude\/\" target=\"_blank\">com inscri\u00e7\u00e3o pr\u00e9via e online<\/a><\/strong>, acontecem as oficinas de Transmiss\u00e3o ao Vivo com M\u00eddia Ninja (13 de abril e 4 e 8 de maio, das 14h \u00e0s 16h), Fotografia Digital com Felipe Zanoni (14 e 28 de abril e 19 de maio, das 10h \u00e0s 13h), Produ\u00e7\u00e3o de Moda com Coletivo Conflu\u00eancias (15 de abril e 6 e 27 de maio, das 15h \u00e0s 18h), Oficina Street Art com Coletivo Fite (16, 23 e 30 de abril e 14, 21 e 28 de maio, das 14h \u00e0s 17h), Percuss\u00e3o e Dan\u00e7a com Maracatu Jundia\u00ed (19 de abril e 17 de maio, das 15h \u00e0s 18h), Horta Vertical (20 de abril e 11 e 25 de maio, das 10h \u00e0s 13h); Vivendo o Verde: \u00c1gua (29 de abril e 13 e 27 de maio, das 10h \u00e0s 13h); Oficina de Propostas, com Coletivo Cidadonos (25 de abril e 9 e 16 de maio, das 14h \u00e0s 16h), Ocupa\u00e7\u00e3o, com Favela Sound System (26 de abril e 31 de maio, das 14h \u00e0s 21h) e M\u00eddias Sociais com Rodrigo G\u00f3es (8, 15 e 22 de maio, das 14h \u00e0s 17h).<\/p>\n<div id=\"attachment_132127\" style=\"width: 730px\" class=\"wp-caption aligncenter\"><a href=\"https:\/\/jundiai.sp.gov.br\/noticias\/wp-content\/uploads\/sites\/32\/2015\/04\/inauguracao_estacao_juventude_P_174G.jpg\"><img loading=\"lazy\" decoding=\"async\" aria-describedby=\"caption-attachment-132127\" class=\"size-large wp-image-132127\" src=\"https:\/\/jundiai.sp.gov.br\/noticias\/wp-content\/uploads\/sites\/32\/2015\/04\/inauguracao_estacao_juventude_P_174G-720x472.jpg\" alt=\"O evento movimentou o Complexo Fepasa\" width=\"720\" height=\"472\" srcset=\"https:\/\/jundiai.sp.gov.br\/noticias\/wp-content\/uploads\/sites\/32\/2015\/04\/inauguracao_estacao_juventude_P_174G-720x472.jpg 720w, https:\/\/jundiai.sp.gov.br\/noticias\/wp-content\/uploads\/sites\/32\/2015\/04\/inauguracao_estacao_juventude_P_174G-300x196.jpg 300w, https:\/\/jundiai.sp.gov.br\/noticias\/wp-content\/uploads\/sites\/32\/2015\/04\/inauguracao_estacao_juventude_P_174G.jpg 1240w\" sizes=\"auto, (max-width: 720px) 100vw, 720px\" \/><\/a><p id=\"caption-attachment-132127\" class=\"wp-caption-text\">O evento movimentou o Complexo Fepasa<\/p><\/div>\n<p><strong>Integra\u00e7\u00e3o<\/strong><br \/>\nPara o vereador Rafael Purgato, que representou a C\u00e2mara Municipal no evento, a proposta de busca de espa\u00e7o para os jovens \u00e9 importante. \u201cTemos que dialogar, criar pol\u00edticas p\u00fablicas e oportunidades. Isso \u00e9 importante em um momento onde pessoas acham que a solu\u00e7\u00e3o est\u00e1 nas pris\u00f5es\u201d, afirmou.<\/p>\n<p><strong>Assista \u00e0 reportagem da TVE Jundia\u00ed<\/strong><br \/>\n<iframe loading=\"lazy\" class=\"alignleft\" width=\"420\" height=\"315\" src=\"https:\/\/www.youtube.com\/embed\/ZE2J_XnOgbE\" frameborder=\"0\" allowfullscreen><\/iframe>O secret\u00e1rio nacional Gabriel Medina tamb\u00e9m refor\u00e7ou essa quest\u00e3o. Para ele, o momento \u00e9 at\u00e9 de defasagem educacional com o conhecimento compartimentado. Ele explicou que a proposta do projeto \u00e9 a territorializa\u00e7\u00e3o das informa\u00e7\u00f5es de pol\u00edticas para jovens e a realiza\u00e7\u00e3o de atividades que contemplem a emancipa\u00e7\u00e3o. \u201cEles v\u00e3o acessar tamb\u00e9m outros programas, como o Juventude Viva, que destaca principalmente a juventude negra. Nos dados de 2013, 50 mil mortes por viol\u00eancia no Brasil tinham 35 mil delas formadas por jovens e destes 75% eram negros\u201d, pontuou.<\/p>\n<p>O espa\u00e7o voltado para jovens surge em um extremo oposto ao que, no espa\u00e7o do Complexo Fepasa, \u00e9 mantido para uma entidade comunit\u00e1ria para a melhor idade \u2013 formando um di\u00e1logo simb\u00f3lico entre gera\u00e7\u00f5es. Entre os presentes ao ato o assessor especial do Gabinete do Prefeito para Assuntos das Coordenadorias, Vanderlei Victorino, o ouvidor Eginaldo Hon\u00f3rio, o comandante da Guarda, Jos\u00e9 Roberto Ferraz, os coordenadores Cl\u00e1udia Sartori (Idoso), Reinaldo Fernandes (Pessoa com Defici\u00eancia) e Marilza Campos (Mulher), entre outros.<\/p>\n<p>A trilha sonora contou com a coopera\u00e7\u00e3o do coletivo Favela Sound System, que usa discos de vinil e interven\u00e7\u00f5es de voz em uma sonoridade inspirada no modelo jamaicano e conduzido por Puppa Nasty, D.I.D. e Black I.<\/p>\n<p><strong>O acesso ao novo espa\u00e7o \u00e9 feito pelo n\u00famero 1.420 da avenida Uni\u00e3o dos Ferrovi\u00e1rios, na altura da rua Siqueira de Moraes.<\/strong><br \/>\n<strong><br \/>\nJos\u00e9 Arnaldo de Oliveira<br \/>\nFotos: Paulo Gr\u00e9gio<\/strong><\/p>\n","protected":false},"excerpt":{"rendered":"<p>Espa\u00e7o inaugurado nesse s\u00e1bado (4) \u00e9 voltado ao acesso \u00e0s pol\u00edticas p\u00fablicas aos jovens, que somam 24% da popula\u00e7\u00e3o total da cidade<\/p>\n","protected":false},"author":11,"featured_media":132433,"comment_status":"closed","ping_status":"closed","sticky":false,"template":"","format":"standard","meta":{"footnotes":""},"categories":[2],"tags":[174,356,87,562,509,621,58],"ods":[],"class_list":["post-132125","post","type-post","status-publish","format-standard","has-post-thumbnail","hentry","category-noticias","tag-coordenadoria-da-juventude","tag-coordenadoria-de-politicas-publicas-para-as-mulheres","tag-coordenadoria-do-idoso","tag-coordenadoria-do-trabalho-emprego-e-renda","tag-coordenadoria-dos-direitos-das-pessoas-com-deficiencia","tag-estacao-juventude","tag-prefeito"],"_links":{"self":[{"href":"https:\/\/jundiai.sp.gov.br\/noticias\/wp-json\/wp\/v2\/posts\/132125","targetHints":{"allow":["GET"]}}],"collection":[{"href":"https:\/\/jundiai.sp.gov.br\/noticias\/wp-json\/wp\/v2\/posts"}],"about":[{"href":"https:\/\/jundiai.sp.gov.br\/noticias\/wp-json\/wp\/v2\/types\/post"}],"author":[{"embeddable":true,"href":"https:\/\/jundiai.sp.gov.br\/noticias\/wp-json\/wp\/v2\/users\/11"}],"replies":[{"embeddable":true,"href":"https:\/\/jundiai.sp.gov.br\/noticias\/wp-json\/wp\/v2\/comments?post=132125"}],"version-history":[{"count":26,"href":"https:\/\/jundiai.sp.gov.br\/noticias\/wp-json\/wp\/v2\/posts\/132125\/revisions"}],"predecessor-version":[{"id":132798,"href":"https:\/\/jundiai.sp.gov.br\/noticias\/wp-json\/wp\/v2\/posts\/132125\/revisions\/132798"}],"wp:featuredmedia":[{"embeddable":true,"href":"https:\/\/jundiai.sp.gov.br\/noticias\/wp-json\/wp\/v2\/media\/132433"}],"wp:attachment":[{"href":"https:\/\/jundiai.sp.gov.br\/noticias\/wp-json\/wp\/v2\/media?parent=132125"}],"wp:term":[{"taxonomy":"category","embeddable":true,"href":"https:\/\/jundiai.sp.gov.br\/noticias\/wp-json\/wp\/v2\/categories?post=132125"},{"taxonomy":"post_tag","embeddable":true,"href":"https:\/\/jundiai.sp.gov.br\/noticias\/wp-json\/wp\/v2\/tags?post=132125"},{"taxonomy":"ods","embeddable":true,"href":"https:\/\/jundiai.sp.gov.br\/noticias\/wp-json\/wp\/v2\/ods?post=132125"}],"curies":[{"name":"wp","href":"https:\/\/api.w.org\/{rel}","templated":true}]}}