{"id":132782,"date":"2015-04-07T12:35:23","date_gmt":"2015-04-07T15:35:23","guid":{"rendered":"https:\/\/jundiai.sp.gov.br\/noticias\/?p=132782"},"modified":"2016-11-04T11:10:46","modified_gmt":"2016-11-04T13:10:46","slug":"novos-conselheiros-do-compac-tomam-posse-nesta-terca-7","status":"publish","type":"post","link":"https:\/\/jundiai.sp.gov.br\/noticias\/2015\/04\/07\/novos-conselheiros-do-compac-tomam-posse-nesta-terca-7\/","title":{"rendered":"Novos conselheiros do Compac tomam posse nesta ter\u00e7a (7)"},"content":{"rendered":"<p><strong>A reuni\u00e3o ordin\u00e1ria do Conselho Municipal de Patrim\u00f4nio Art\u00edstico e Cultural de Jundia\u00ed (Compac) empossa nesta ter\u00e7a-feira (7) tr\u00eas novos conselheiros eleitos. A escolha dos membros foi realizada na noite dessa segunda-feira (6), numa assembleia no Complexo Fepasa.<\/strong><\/p>\n<p><strong><a href=\"http:\/\/cultura.jundiai.sp.gov.br\/\" target=\"_blank\">VISITE O NOVO SITE DA CULTURA<\/a><\/strong><\/p>\n<p><strong>Fabio Pereira Garcia<\/strong>, estudante de Direito, <strong>Jurandir Aparecido Franco<\/strong>, dirigente sindical, e o historiador <strong>Carlos Camilo Mour\u00e3o<\/strong> foram eleitos com a participa\u00e7\u00e3o de <strong>82 votantes<\/strong>. O diretor Donizetti Aparecido Pinto informa que <strong>a posse dos novos membros ser\u00e1 realizada na Sala dos Rel\u00f3gios, dentro do Complexo Fepasa, a partir das 19h30. A cerim\u00f4nia \u00e9 aberta ao p\u00fablico.<\/strong><\/p>\n<p><strong>LEIA TAMB\u00c9M<br \/>\n<a href=\"https:\/\/jundiai.sp.gov.br\/noticias\/2015\/04\/06\/lancamento-do-cd-da-romaria-sera-nesta-quinta-9-com-entrada-gratuita\/\" target=\"_blank\">Lan\u00e7amento do CD da Romaria ser\u00e1 nesta quinta (9)<\/a><br \/>\n<a href=\"https:\/\/jundiai.sp.gov.br\/noticias\/2015\/04\/06\/polytheama-volta-a-ser-cinema-com-o-lucro-acima-da-vida\/\" target=\"_blank\">Polytheama volta a ser cinema com \u2018O Lucro acima da vida\u2019<\/a><br \/>\n<a href=\"https:\/\/jundiai.sp.gov.br\/noticias\/2015\/04\/06\/reuniao-discute-preparativos-para-virada-jundiai\/\" target=\"_blank\">Reuni\u00e3o da Cultura discute preparativos para \u2018Virada Jundia\u00ed\u2019<\/a><\/strong><\/p>\n<p><div id=\"attachment_132783\" style=\"width: 410px\" class=\"wp-caption alignright\"><a href=\"https:\/\/jundiai.sp.gov.br\/noticias\/wp-content\/uploads\/sites\/32\/2015\/04\/aumenta-participa\u00e7\u00e3o-nas-elei\u00e7\u00f5es-do-Compac_G.jpg\"><img loading=\"lazy\" decoding=\"async\" aria-describedby=\"caption-attachment-132783\" src=\"https:\/\/jundiai.sp.gov.br\/noticias\/wp-content\/uploads\/sites\/32\/2015\/04\/aumenta-participa\u00e7\u00e3o-nas-elei\u00e7\u00f5es-do-Compac_G-720x444.jpg\" alt=\"Elei\u00e7\u00e3o do Compac foi realizada no Complexo Fepasa\" width=\"400\" height=\"350\" class=\"size-large wp-image-132783\" \/><\/a><p id=\"caption-attachment-132783\" class=\"wp-caption-text\">Elei\u00e7\u00e3o do Compac foi realizada no Complexo Fepasa<\/p><\/div>O conselho \u00e9 constitu\u00eddo por <strong>19 membros e tr\u00eas suplentes<\/strong>, dos quais <strong>seis s\u00e3o indicados pelo Executivo, sete indicados por associa\u00e7\u00f5es e seis representantes da comunidade<\/strong>, eleitos em assembleia. O mandato tem dura\u00e7\u00e3o de <strong>dois anos<\/strong>.<\/p>\n<p>A presidente do Compac, Maria Angelica Ribeiro, diz que <strong>o n\u00famero de votantes tem aumentado muito nos \u00faltimos anos. &#8220;As oficinas que tem ocorrido por conta do <a href=\"http:\/\/pontetorta.jundiai.sp.gov.br\/\" target=\"_blank\">Projeto Ponte Torta<\/a>, do <a href=\"http:\/\/planodiretor.jundiai.sp.gov.br\/\" target=\"_blank\">Plano Diretor Participativo<\/a> e da ampla divulga\u00e7\u00e3o tem reavivado o sentimento de pertencimento na popula\u00e7\u00e3o e estimulado a participa\u00e7\u00e3o&#8221;<\/strong>, afirma.<\/p>\n<p>O historiador Carlos Camilo Mour\u00e3o, um dos eleitos, foi candidato pela segunda vez. &#8220;Espero poder contribuir com o Compac e me aprofundar mais sobre a atua\u00e7\u00e3o do conselho, podendo <strong>ajudar a cidade a conciliar o passado com o futuro<\/strong>&#8220;, disse.<\/p>\n<p>A cada reuni\u00e3o, feita toda primeira ter\u00e7a-feira de cada m\u00eas, o Compac tem deliberado <strong>cerca de 20 processos<\/strong>, como os de reforma, invent\u00e1rio e tombamento.<\/p>\n<p><strong>O que \u00e9<br \/>\nCriado em 2007, o Compac \u00e9 o \u00f3rg\u00e3o respons\u00e1vel pela prote\u00e7\u00e3o do patrim\u00f4nio cultural de Jundia\u00ed<\/strong>. Composto por representantes da sociedade civil organizada e por \u00f3rg\u00e3os e institui\u00e7\u00f5es p\u00fablicas, o conselho re\u00fane-se uma vez por m\u00eas, quando s\u00e3o <strong>analisados e deliberados os processos de invent\u00e1rio, tombamento, registro imaterial, registro documental e as propostas de interven\u00e7\u00e3o nos conjuntos urbanos protegidos<\/strong>.<\/p>\n<p><strong><em>Assessoria de Imprensa<br \/>\nFoto: Divulga\u00e7\u00e3o<\/em><\/strong><\/p>\n","protected":false},"excerpt":{"rendered":"<p>A reuni\u00e3o ordin\u00e1ria do Conselho Municipal de Patrim\u00f4nio Art\u00edstico e Cultural de Jundia\u00ed (Compac) empossa nesta ter\u00e7a-feira (7) tr\u00eas novos conselheiros eleitos. A escolha dos membros foi realizada na noite dessa segunda-feira (6), numa assembleia no Complexo Fepasa. VISITE O NOVO SITE DA CULTURA Fabio Pereira Garcia, estudante de Direito, Jurandir Aparecido Franco, dirigente sindical, [&hellip;]<\/p>\n","protected":false},"author":14,"featured_media":0,"comment_status":"closed","ping_status":"closed","sticky":false,"template":"","format":"standard","meta":{"footnotes":""},"categories":[2],"tags":[256,29,449,559,427],"ods":[],"class_list":["post-132782","post","type-post","status-publish","format-standard","hentry","category-noticias","tag-conselho-do-patrimonio-cultural-compac","tag-cultura","tag-espaco-expressa","tag-plano-diretor-participativo","tag-ponte-torta"],"_links":{"self":[{"href":"https:\/\/jundiai.sp.gov.br\/noticias\/wp-json\/wp\/v2\/posts\/132782","targetHints":{"allow":["GET"]}}],"collection":[{"href":"https:\/\/jundiai.sp.gov.br\/noticias\/wp-json\/wp\/v2\/posts"}],"about":[{"href":"https:\/\/jundiai.sp.gov.br\/noticias\/wp-json\/wp\/v2\/types\/post"}],"author":[{"embeddable":true,"href":"https:\/\/jundiai.sp.gov.br\/noticias\/wp-json\/wp\/v2\/users\/14"}],"replies":[{"embeddable":true,"href":"https:\/\/jundiai.sp.gov.br\/noticias\/wp-json\/wp\/v2\/comments?post=132782"}],"version-history":[{"count":2,"href":"https:\/\/jundiai.sp.gov.br\/noticias\/wp-json\/wp\/v2\/posts\/132782\/revisions"}],"predecessor-version":[{"id":132785,"href":"https:\/\/jundiai.sp.gov.br\/noticias\/wp-json\/wp\/v2\/posts\/132782\/revisions\/132785"}],"wp:attachment":[{"href":"https:\/\/jundiai.sp.gov.br\/noticias\/wp-json\/wp\/v2\/media?parent=132782"}],"wp:term":[{"taxonomy":"category","embeddable":true,"href":"https:\/\/jundiai.sp.gov.br\/noticias\/wp-json\/wp\/v2\/categories?post=132782"},{"taxonomy":"post_tag","embeddable":true,"href":"https:\/\/jundiai.sp.gov.br\/noticias\/wp-json\/wp\/v2\/tags?post=132782"},{"taxonomy":"ods","embeddable":true,"href":"https:\/\/jundiai.sp.gov.br\/noticias\/wp-json\/wp\/v2\/ods?post=132782"}],"curies":[{"name":"wp","href":"https:\/\/api.w.org\/{rel}","templated":true}]}}