{"id":133304,"date":"2015-04-08T15:35:03","date_gmt":"2015-04-08T18:35:03","guid":{"rendered":"https:\/\/jundiai.sp.gov.br\/noticias\/?p=133304"},"modified":"2016-11-04T11:10:48","modified_gmt":"2016-11-04T13:10:48","slug":"contra-a-dengue-alunos-vistoriam-escolas-e-fazem-dever-de-casa","status":"publish","type":"post","link":"https:\/\/jundiai.sp.gov.br\/noticias\/2015\/04\/08\/contra-a-dengue-alunos-vistoriam-escolas-e-fazem-dever-de-casa\/","title":{"rendered":"Alunos vistoriam escolas e fazem &#8216;dever de casa&#8217;"},"content":{"rendered":"<p><strong>Mais de 20 mil alunos da rede municipal de Educa\u00e7\u00e3o tamb\u00e9m participaram, nesta quarta-feira (8), do &#8216;Prefeitura em A\u00e7\u00e3o Contra a Dengue\u2019. O secret\u00e1rio de Educa\u00e7\u00e3o, Jos\u00e9 Renato Polli, acompanhou de perto o trabalho na Emeb Professor Geraldo Pinto Duarte Paes, no Jardim Ermida 2. Ao todo, 51 escolas de Ensino Fundamental foram envolvidas na iniciativa da Prefeitura de Jundia\u00ed.<\/strong><\/p>\n<p><strong><a href=\"https:\/\/www.flickr.com\/photos\/prefeituradejundiai\/sets\/72157651429992768\/\" target=\"_blank\">CONFIRA AS FOTOS<\/a><\/strong><\/p>\n<p><strong><a href=\"https:\/\/www.facebook.com\/media\/set\/?set=a.815228805225279.1073741834.122205287860971&#038;type=1\" target=\"_blank\">Voc\u00ea pode enviar fotos ou v\u00eddeos de sua participa\u00e7\u00e3o<\/a><\/strong><\/p>\n<p><strong>MAIS PREFEITURA EM A\u00c7\u00c3O CONTRA A DENGUE<br \/>\n<a href=\"https:\/\/jundiai.sp.gov.br\/noticias\/2015\/04\/08\/contra-a-dengue-terminais-de-onibus-recebem-limpeza-constante\/\" target=\"_blank\">Terminais de \u00f4nibus recebem limpeza constante<\/a><br \/>\n<a href=\"https:\/\/jundiai.sp.gov.br\/noticias\/2015\/04\/08\/contra-a-dengue-espacos-culturais-recebem-vistoria\/\" target=\"_blank\">Espa\u00e7os da secretaria de Cultura recebem vistoria<\/a><br \/>\n<a href=\"https:\/\/jundiai.sp.gov.br\/noticias\/2015\/04\/08\/contra-a-dengue-servicos-publicos-reforca-limpeza-e-retirada-de-entulhos\/\" target=\"_blank\">Servi\u00e7os P\u00fablicos refor\u00e7a limpeza em \u00e1reas da cidade<\/a><br \/>\n<a href=\"https:\/\/jundiai.sp.gov.br\/noticias\/2015\/04\/08\/prefeitura-em-acao-contra-a-dengue-percorre-toda-a-cidade\/\" target=\"_blank\">\u2018Prefeitura em A\u00e7\u00e3o Contra a Dengue\u2019 percorre a cidade<\/a><br \/>\n<a href=\"https:\/\/jundiai.sp.gov.br\/noticias\/2015\/04\/08\/centros-esportivos-entram-na-guerra-contra-mosquito-da-dengue\/\" target=\"_blank\">Centros esportivos entram na \u2018guerra\u2019 contra mosquito da dengue<\/a><\/strong><\/p>\n<div id=\"attachment_133308\" style=\"width: 730px\" class=\"wp-caption aligncenter\"><a href=\"https:\/\/jundiai.sp.gov.br\/noticias\/wp-content\/uploads\/sites\/32\/2015\/04\/acao_contra_dengue_sme_4G.jpg\"><img loading=\"lazy\" decoding=\"async\" aria-describedby=\"caption-attachment-133308\" src=\"https:\/\/jundiai.sp.gov.br\/noticias\/wp-content\/uploads\/sites\/32\/2015\/04\/acao_contra_dengue_sme_4G.jpg\" alt=\"Estudantes levam ensinamentos para casa: cidadania\" width=\"720\" height=\"513\" class=\"size-full wp-image-133308\" \/><\/a><p id=\"caption-attachment-133308\" class=\"wp-caption-text\">Estudantes levam ensinamentos para casa: cidadania<\/p><\/div>\n<p><strong>Para formar \u2018agentes mirins\u2019 no combate ao Aedes aegypti, os professores orientaram as crian\u00e7as sobre os cuidados necess\u00e1rios para evitar a prolifera\u00e7\u00e3o do mosquito. Depois, foi a vez de colocar em pr\u00e1tica o que aprenderam. Com um check list em m\u00e3os, os alunos vistoriaram todos os cantos das escolas. A ideia \u00e9 que, em casa, repitam a a\u00e7\u00e3o com os pais.<\/strong><\/p>\n<p>\u201cMeu tio teve dengue e ficou muito mal. Eu j\u00e1 sabia algumas coisas, mas agora aprendi mais. O mosquito est\u00e1 sendo mais esperto do que n\u00f3s. Por isso temos que cuidar do meio ambiente. Aqui na escola, junto com meus amigos, vamos retirar folhas para n\u00e3o empossar \u00e1gua na grelha. Vamos fazer a nossa parte\u201d, comentou Amanda de Oliveira Barreto, aluna do 5\u00ba ano da Emeb Geraldo, empolgada com a atividade.<\/p>\n<div id=\"attachment_133307\" style=\"width: 340px\" class=\"wp-caption alignleft\"><a href=\"https:\/\/jundiai.sp.gov.br\/noticias\/wp-content\/uploads\/sites\/32\/2015\/04\/acao_contra_dengue_sme_3G.jpg\"><img loading=\"lazy\" decoding=\"async\" aria-describedby=\"caption-attachment-133307\" src=\"https:\/\/jundiai.sp.gov.br\/noticias\/wp-content\/uploads\/sites\/32\/2015\/04\/acao_contra_dengue_sme_3G.jpg\" alt=\"Jos\u00e9 Renato Polli, secret\u00e1rio de Educa\u00e7\u00e3o, com alunos\" width=\"330\" height=\"370\" class=\"size-full wp-image-133307\" \/><\/a><p id=\"caption-attachment-133307\" class=\"wp-caption-text\">Jos\u00e9 Renato Polli, secret\u00e1rio de Educa\u00e7\u00e3o, com alunos<\/p><\/div>\n<p><strong>Exemplo<\/strong><br \/>\nPara o secret\u00e1rio, a a\u00e7\u00e3o educativa e preventiva realizada de forma integrada entre as secretarias s\u00f3 trar\u00e1 ganhos para a cidade. \u201cTrata-se de uma <strong>atividade importante de conscientiza\u00e7\u00e3o e combate<\/strong>, porque j\u00e1 existe uma epidemia no Estado. \u00c9, sem d\u00favida, um grande trabalho educativo que se d\u00e1 dentro e fora da escola. Tenho esperan\u00e7a que a popula\u00e7\u00e3o ajudar\u00e1 a resolver esse problema\u201d, destacou.<\/p>\n<p>A vice-diretora da unidade, Karina Verardo, tamb\u00e9m aprovou a iniciativa da Prefeitura de Jundia\u00ed. \u201cEst\u00e1 sendo uma atividade muito importante. Estamos mostrando aos alunos que s\u00f3 com uni\u00e3o de esfor\u00e7os, vamos evitar a dengue. A partir do que foi feito hoje, <strong>eles passar\u00e3o a ter um olhar diferenciado para a quest\u00e3o e levar\u00e3o as informa\u00e7\u00f5es para as fam\u00edlias<\/strong>.\u201d<\/p>\n<p>Todos os estudantes envolvidos na iniciativa levaram para casa um panfleto com orienta\u00e7\u00f5es e dicas de locais para vistoria com os pais.<\/p>\n<p><strong>A a\u00e7\u00e3o <\/strong><br \/>\nA Secretaria de Sa\u00fade conta com 19 equipes, que far\u00e3o durante todo o dia o trabalho de visitas nas casas. Os 20 centros esportivos tamb\u00e9m receberam limpezas feitas pelos administradores e a Secretaria de Transportes vistoriou os terminais de \u00f4nibus e passar\u00e1 pelo Complexo Fepasa. As 51 escolas municipais do ensino fundamental tamb\u00e9m entraram nessa luta contra a dengue.<\/p>\n<p>A popula\u00e7\u00e3o tamb\u00e9m pode fazer parte dessa iniciativa enviando fotos por meio de mensagem privada (inbox) na <strong><a href=\"http:\/\/on.fb.me\/1C7xWew\" target=\"_blank\">p\u00e1gina do Facebook da Prefeitura de Jundia\u00ed<\/a><\/strong>.<\/p>\n<p><em><strong>Roberta de S\u00e1<br \/>\nFotos: Fot\u00f3grafos PMJ<\/strong><\/em><\/p>\n","protected":false},"excerpt":{"rendered":"<p>Mais de 20 mil alunos da rede municipal participaram dom esfor\u00e7o coletivo do Prefeitura em A\u00e7\u00e3o contra a Dengue<\/p>\n","protected":false},"author":21,"featured_media":133478,"comment_status":"closed","ping_status":"closed","sticky":false,"template":"","format":"standard","meta":{"footnotes":""},"categories":[2],"tags":[24,6,615,634],"ods":[],"class_list":["post-133304","post","type-post","status-publish","format-standard","has-post-thumbnail","hentry","category-noticias","tag-dengue","tag-educacao","tag-prefeitura-em-acao","tag-prefeitura-em-acao-contra-a-dengue"],"_links":{"self":[{"href":"https:\/\/jundiai.sp.gov.br\/noticias\/wp-json\/wp\/v2\/posts\/133304","targetHints":{"allow":["GET"]}}],"collection":[{"href":"https:\/\/jundiai.sp.gov.br\/noticias\/wp-json\/wp\/v2\/posts"}],"about":[{"href":"https:\/\/jundiai.sp.gov.br\/noticias\/wp-json\/wp\/v2\/types\/post"}],"author":[{"embeddable":true,"href":"https:\/\/jundiai.sp.gov.br\/noticias\/wp-json\/wp\/v2\/users\/21"}],"replies":[{"embeddable":true,"href":"https:\/\/jundiai.sp.gov.br\/noticias\/wp-json\/wp\/v2\/comments?post=133304"}],"version-history":[{"count":16,"href":"https:\/\/jundiai.sp.gov.br\/noticias\/wp-json\/wp\/v2\/posts\/133304\/revisions"}],"predecessor-version":[{"id":133483,"href":"https:\/\/jundiai.sp.gov.br\/noticias\/wp-json\/wp\/v2\/posts\/133304\/revisions\/133483"}],"wp:featuredmedia":[{"embeddable":true,"href":"https:\/\/jundiai.sp.gov.br\/noticias\/wp-json\/wp\/v2\/media\/133478"}],"wp:attachment":[{"href":"https:\/\/jundiai.sp.gov.br\/noticias\/wp-json\/wp\/v2\/media?parent=133304"}],"wp:term":[{"taxonomy":"category","embeddable":true,"href":"https:\/\/jundiai.sp.gov.br\/noticias\/wp-json\/wp\/v2\/categories?post=133304"},{"taxonomy":"post_tag","embeddable":true,"href":"https:\/\/jundiai.sp.gov.br\/noticias\/wp-json\/wp\/v2\/tags?post=133304"},{"taxonomy":"ods","embeddable":true,"href":"https:\/\/jundiai.sp.gov.br\/noticias\/wp-json\/wp\/v2\/ods?post=133304"}],"curies":[{"name":"wp","href":"https:\/\/api.w.org\/{rel}","templated":true}]}}