{"id":134403,"date":"2015-04-13T18:26:21","date_gmt":"2015-04-13T21:26:21","guid":{"rendered":"https:\/\/jundiai.sp.gov.br\/noticias\/?p=134403"},"modified":"2016-11-04T11:22:05","modified_gmt":"2016-11-04T13:22:05","slug":"fundo-social-abre-vagas-para-cursos-profissionalizantes-2","status":"publish","type":"post","link":"https:\/\/jundiai.sp.gov.br\/noticias\/2015\/04\/13\/fundo-social-abre-vagas-para-cursos-profissionalizantes-2\/","title":{"rendered":"Inscri\u00e7\u00f5es para cursos do Fundo Social v\u00e3o at\u00e9 quinta"},"content":{"rendered":"<p><div id=\"attachment_134416\" style=\"width: 730px\" class=\"wp-caption aligncenter\"><a href=\"https:\/\/jundiai.sp.gov.br\/noticias\/wp-content\/uploads\/sites\/32\/2015\/04\/curso_jardinagem_funss_P_24G1.jpg\"><img loading=\"lazy\" decoding=\"async\" aria-describedby=\"caption-attachment-134416\" src=\"https:\/\/jundiai.sp.gov.br\/noticias\/wp-content\/uploads\/sites\/32\/2015\/04\/curso_jardinagem_funss_P_24G1-720x552.jpg\" alt=\"Curso de jardinagem realizado pelo Fundo Social\" width=\"720\" height=\"552\" class=\"size-large wp-image-134416\" srcset=\"https:\/\/jundiai.sp.gov.br\/noticias\/wp-content\/uploads\/sites\/32\/2015\/04\/curso_jardinagem_funss_P_24G1-720x552.jpg 720w, https:\/\/jundiai.sp.gov.br\/noticias\/wp-content\/uploads\/sites\/32\/2015\/04\/curso_jardinagem_funss_P_24G1-300x230.jpg 300w, https:\/\/jundiai.sp.gov.br\/noticias\/wp-content\/uploads\/sites\/32\/2015\/04\/curso_jardinagem_funss_P_24G1.jpg 1240w\" sizes=\"auto, (max-width: 720px) 100vw, 720px\" \/><\/a><p id=\"caption-attachment-134416\" class=\"wp-caption-text\">Curso de jardinagem realizado pelo Fundo Social<\/p><\/div><br \/>\n<strong>O Fundo Social de Solidariedade (Funss) de Jundia\u00ed abriu nesta segunda-feira (13) o per\u00edodo de inscri\u00e7\u00f5es para os cursos de capacita\u00e7\u00e3o profissional, oferecidos gratuitamente. Ao todo s\u00e3o 66 novas vagas. Os cursos oferecidos s\u00e3o de jardinagem b\u00e1sica, teclado e inicia\u00e7\u00e3o \u00e0 culin\u00e1ria com foco em forno e fog\u00e3o para empregadas dom\u00e9sticas, preparo de saladas e molhos frios e tamb\u00e9m massas e molhos.<\/strong><\/p>\n<p><strong>LEIA TAMB\u00c9M<br \/>\n<a href=\"https:\/\/jundiai.sp.gov.br\/noticias\/2015\/04\/02\/1o-clicknic-participa-da-campanha-de-inverno-do-fundo-social\/\" target=\"_blank\">1\u00ba Clicknic participa da Campanha de Inverno do Fundo Social<\/strong><\/a><br \/>\n<a href=\"https:\/\/jundiai.sp.gov.br\/noticias\/2015\/03\/31\/primeira-dama-participa-de-via-sacra-com-a-pastoral-da-mulher\/\" target=\"_blank\"><strong>Primeira-dama participa de via-sacra com a Pastoral da Mulher<\/strong><\/a><\/p>\n<p><iframe loading=\"lazy\" class=\"alignright\" width=\"420\" height=\"315\" src=\"https:\/\/www.youtube.com\/embed\/j7xIz6VvseA\" frameborder=\"0\" allowfullscreen><\/iframe>Os interessados devem morar em Jundia\u00ed e ter no m\u00ednimo 16 anos completos. Devem tamb\u00e9m se dirigir \u00e0 sede do Funss, na avenida Dona Manoela Lacerda de Vergueiro, dentro do Parque Comendador Ant\u00f4nio Carbonari (Parque da Uva), no Anhangaba\u00fa, com RG ou CPF e comprovante de resid\u00eancia (todos originais).<\/p>\n<p><strong>As inscri\u00e7\u00f5es poder\u00e3o ser feitas das 8h \u00e0s 17h. Os interessados podem se inscrever apenas em um curso. Caso o total de candidatos exceda o n\u00famero de vagas dispon\u00edveis, um sorteio p\u00fablico ser\u00e1 realizado na pr\u00f3xima sexta-feira (17), \u00e0s 14h30, no audit\u00f3rio do Fundo Social de Solidariedade &#8211; exceto para o curso de jardinagem b\u00e1sica, no qual todos os inscritos ser\u00e3o contemplados. <\/strong><\/p>\n<p><em><strong>Carolina Namura<br \/>\nFoto: Arquivo <\/strong><\/em><\/p>\n","protected":false},"excerpt":{"rendered":"<p>Ao todo, s\u00e3o 66 vagas para jardinagem b\u00e1sica, teclado e inicia\u00e7\u00e3o \u00e0 culin\u00e1ria, preparo de saladas, molhos e massas<\/p>\n","protected":false},"author":10,"featured_media":134415,"comment_status":"closed","ping_status":"closed","sticky":false,"template":"","format":"standard","meta":{"footnotes":""},"categories":[2],"tags":[416],"ods":[],"class_list":["post-134403","post","type-post","status-publish","format-standard","has-post-thumbnail","hentry","category-noticias","tag-fundo-social-de-solidariedade-funss"],"_links":{"self":[{"href":"https:\/\/jundiai.sp.gov.br\/noticias\/wp-json\/wp\/v2\/posts\/134403","targetHints":{"allow":["GET"]}}],"collection":[{"href":"https:\/\/jundiai.sp.gov.br\/noticias\/wp-json\/wp\/v2\/posts"}],"about":[{"href":"https:\/\/jundiai.sp.gov.br\/noticias\/wp-json\/wp\/v2\/types\/post"}],"author":[{"embeddable":true,"href":"https:\/\/jundiai.sp.gov.br\/noticias\/wp-json\/wp\/v2\/users\/10"}],"replies":[{"embeddable":true,"href":"https:\/\/jundiai.sp.gov.br\/noticias\/wp-json\/wp\/v2\/comments?post=134403"}],"version-history":[{"count":10,"href":"https:\/\/jundiai.sp.gov.br\/noticias\/wp-json\/wp\/v2\/posts\/134403\/revisions"}],"predecessor-version":[{"id":134588,"href":"https:\/\/jundiai.sp.gov.br\/noticias\/wp-json\/wp\/v2\/posts\/134403\/revisions\/134588"}],"wp:featuredmedia":[{"embeddable":true,"href":"https:\/\/jundiai.sp.gov.br\/noticias\/wp-json\/wp\/v2\/media\/134415"}],"wp:attachment":[{"href":"https:\/\/jundiai.sp.gov.br\/noticias\/wp-json\/wp\/v2\/media?parent=134403"}],"wp:term":[{"taxonomy":"category","embeddable":true,"href":"https:\/\/jundiai.sp.gov.br\/noticias\/wp-json\/wp\/v2\/categories?post=134403"},{"taxonomy":"post_tag","embeddable":true,"href":"https:\/\/jundiai.sp.gov.br\/noticias\/wp-json\/wp\/v2\/tags?post=134403"},{"taxonomy":"ods","embeddable":true,"href":"https:\/\/jundiai.sp.gov.br\/noticias\/wp-json\/wp\/v2\/ods?post=134403"}],"curies":[{"name":"wp","href":"https:\/\/api.w.org\/{rel}","templated":true}]}}