{"id":134669,"date":"2015-04-15T17:19:40","date_gmt":"2015-04-15T20:19:40","guid":{"rendered":"https:\/\/jundiai.sp.gov.br\/noticias\/?p=134669"},"modified":"2016-11-04T11:27:11","modified_gmt":"2016-11-04T13:27:11","slug":"educacao-divulga-regras-para-11a-olimpiada-de-redacao","status":"publish","type":"post","link":"https:\/\/jundiai.sp.gov.br\/noticias\/2015\/04\/15\/educacao-divulga-regras-para-11a-olimpiada-de-redacao\/","title":{"rendered":"Educa\u00e7\u00e3o divulga regras para 11\u00aa Olimp\u00edada de Reda\u00e7\u00e3o"},"content":{"rendered":"<p><strong>A Secretaria de Educa\u00e7\u00e3o publicou na <a href=\"http:\/\/imprensaoficial.jundiai.sp.gov.br\/edicao-4039-5\/\" target=\"_blank\">Imprensa Oficial (ver p\u00e1ginas 21 e 22)<\/a> desta quarta-feira (15) as regras para a 11\u00aa Olimp\u00edada de Reda\u00e7\u00e3o, realizada pela <a href=\"https:\/\/jundiai.sp.gov.br\/educacao\/complexo-argos\/biblioteca-publica-municipal-prof-nelson-foot\/\" target=\"_blank\">Biblioteca Municipal Professor Nelson Foot<\/a>. Neste ano, o tema central ser\u00e1 \u201cO mist\u00e9rio da rela\u00e7\u00e3o homem-natureza: dom\u00ednio ou submiss\u00e3o?&#8221; As inscri\u00e7\u00f5es poder\u00e3o ser feitas pelo site da Prefeitura de Jundia\u00ed entre os dias 21 de maio a 31 de agosto.<\/strong><\/p>\n<p><strong>LEIA TAMB\u00c9M<br \/>\n<a href=\"https:\/\/jundiai.sp.gov.br\/noticias\/2015\/04\/14\/periodo-de-inscricao-para-creches-comeca-nesta-quarta-15\/\" target=\"_blank\">Per\u00edodo de inscri\u00e7\u00e3o para creches come\u00e7a na quarta (15)<\/a><br \/>\n<a href=\"https:\/\/jundiai.sp.gov.br\/noticias\/2015\/04\/15\/jundiai-avanca-elaboracao-do-plano-municipal-de-educacao\/\" target=\"_blank\">Jundia\u00ed avan\u00e7a na elabora\u00e7\u00e3o do Plano Municipal de Educa\u00e7\u00e3o<\/a><br \/>\n<a href=\"https:\/\/jundiai.sp.gov.br\/noticias\/2015\/04\/14\/escola-tecnica-tem-inscricoes-abertas-para-cursos-tecnicos-gratuitos\/\" target=\"_blank\">Escola T\u00e9cnica tem inscri\u00e7\u00f5es abertas para cursos t\u00e9cnicos gratuitos<\/a><\/strong><\/p>\n<p>A Olimp\u00edada est\u00e1 aberta a todos os interessados que moram em Jundia\u00ed e regi\u00e3o. Ao todo, s\u00e3o <strong>cinco categorias: pr\u00e9-mirim <\/strong>(de 6 a 7 anos), <strong>mirim<\/strong> (8 a 10 anos),<strong> infantil <\/strong>(11 a 14 anos), <strong>juvenil <\/strong>(15 a 17 anos) e<strong> adulto <\/strong>(acima de 18 anos) . Cada categoria tem um <strong>subtema<\/strong> que dever\u00e1 ser desenvolvido a partir do tema central.<strong> Os textos dever\u00e3o ter 4.080 caracteres<\/strong>, no m\u00e1ximo.<\/p>\n<p>Uma comiss\u00e3o julgadora, formada por <strong>sete membros especialistas na \u00e1rea de educa\u00e7\u00e3o e literatura<\/strong>, selecionar\u00e1 <strong>60 textos<\/strong>. Al\u00e9m de <strong>certificados e livros<\/strong>, ser\u00e3o distribu\u00eddos<strong> pr\u00eamios em dinheiro, que v\u00e3o de R$ 2.440,81<\/strong> para o primeiro colocado de cada categoria, a <strong>R$ 250,00 <\/strong>para o 12\u00ba classificado.<strong> A cerim\u00f4nia de premia\u00e7\u00e3o ser\u00e1 realizada no dia 16 de outubro, no Parque Comendador Antonio Carbonari (Parque da Uva).<\/p>\n<p>Na \u00faltima edi\u00e7\u00e3o 2.575 pessoas participaram.<\/p>\n<p><em>Roberta de S\u00e1<\/em><\/strong><\/p>\n","protected":false},"excerpt":{"rendered":"<p>Inscri\u00e7\u00f5es poder\u00e3o ser feitas entre os dias 21 de maio a 31 de agosto. Al\u00e9m de certificados e livros, premia\u00e7\u00e3o pode chegar a R$ 2.440,81<\/p>\n","protected":false},"author":14,"featured_media":134679,"comment_status":"closed","ping_status":"closed","sticky":false,"template":"","format":"standard","meta":{"footnotes":""},"categories":[2],"tags":[645,505,6,644],"ods":[],"class_list":["post-134669","post","type-post","status-publish","format-standard","has-post-thumbnail","hentry","category-noticias","tag-11a-olimpiada-de-redacao","tag-biblioteca-municipal-professor-nelson-foot","tag-educacao","tag-olimpiada-de-redacao"],"_links":{"self":[{"href":"https:\/\/jundiai.sp.gov.br\/noticias\/wp-json\/wp\/v2\/posts\/134669","targetHints":{"allow":["GET"]}}],"collection":[{"href":"https:\/\/jundiai.sp.gov.br\/noticias\/wp-json\/wp\/v2\/posts"}],"about":[{"href":"https:\/\/jundiai.sp.gov.br\/noticias\/wp-json\/wp\/v2\/types\/post"}],"author":[{"embeddable":true,"href":"https:\/\/jundiai.sp.gov.br\/noticias\/wp-json\/wp\/v2\/users\/14"}],"replies":[{"embeddable":true,"href":"https:\/\/jundiai.sp.gov.br\/noticias\/wp-json\/wp\/v2\/comments?post=134669"}],"version-history":[{"count":3,"href":"https:\/\/jundiai.sp.gov.br\/noticias\/wp-json\/wp\/v2\/posts\/134669\/revisions"}],"predecessor-version":[{"id":134699,"href":"https:\/\/jundiai.sp.gov.br\/noticias\/wp-json\/wp\/v2\/posts\/134669\/revisions\/134699"}],"wp:featuredmedia":[{"embeddable":true,"href":"https:\/\/jundiai.sp.gov.br\/noticias\/wp-json\/wp\/v2\/media\/134679"}],"wp:attachment":[{"href":"https:\/\/jundiai.sp.gov.br\/noticias\/wp-json\/wp\/v2\/media?parent=134669"}],"wp:term":[{"taxonomy":"category","embeddable":true,"href":"https:\/\/jundiai.sp.gov.br\/noticias\/wp-json\/wp\/v2\/categories?post=134669"},{"taxonomy":"post_tag","embeddable":true,"href":"https:\/\/jundiai.sp.gov.br\/noticias\/wp-json\/wp\/v2\/tags?post=134669"},{"taxonomy":"ods","embeddable":true,"href":"https:\/\/jundiai.sp.gov.br\/noticias\/wp-json\/wp\/v2\/ods?post=134669"}],"curies":[{"name":"wp","href":"https:\/\/api.w.org\/{rel}","templated":true}]}}