{"id":135052,"date":"2015-04-22T11:13:40","date_gmt":"2015-04-22T14:13:40","guid":{"rendered":"https:\/\/jundiai.sp.gov.br\/noticias\/?p=135052"},"modified":"2020-11-06T14:39:23","modified_gmt":"2020-11-06T17:39:23","slug":"sarau-permite-compartilhar-a-manifestacao-cultural-espontanea","status":"publish","type":"post","link":"https:\/\/jundiai.sp.gov.br\/noticias\/2015\/04\/22\/sarau-permite-compartilhar-a-manifestacao-cultural-espontanea\/","title":{"rendered":"Sarau permite compartilhar a manifesta\u00e7\u00e3o cultural espont\u00e2nea"},"content":{"rendered":"<div id=\"attachment_135055\" style=\"width: 410px\" class=\"wp-caption alignleft\"><a href=\"https:\/\/jundiai.sp.gov.br\/noticias\/wp-content\/uploads\/sites\/32\/2015\/04\/Sarau_g.jpg\"><img loading=\"lazy\" decoding=\"async\" aria-describedby=\"caption-attachment-135055\" class=\"size-large wp-image-135055\" src=\"https:\/\/jundiai.sp.gov.br\/noticias\/wp-content\/uploads\/sites\/32\/2015\/04\/Sarau_g-720x405.jpg\" alt=\"Popula\u00e7\u00e3o participou efetivamente do sarau\" width=\"400\" height=\"350\" \/><\/a><p id=\"caption-attachment-135055\" class=\"wp-caption-text\">Popula\u00e7\u00e3o participou efetivamente do sarau<\/p><\/div>\n<p><strong>O centro comunit\u00e1rio do Parque dos Ing\u00e1s recebeu s\u00e1bado (18) um sarau in\u00e9dito, que reuniu integrantes de oficinas realizadas no local e convidados. Promovido pela <a href=\"https:\/\/cultura.jundiai.sp.gov.br\/\" target=\"_blank\" rel=\"noopener noreferrer\">Secretaria de Cultura<\/a>, por meio da Diretoria de A\u00e7\u00e3o Comunit\u00e1ria, a iniciativa permitiu a integra\u00e7\u00e3o dos participantes e deixou a emo\u00e7\u00e3o \u00e0 flor da pele. <\/strong><\/p>\n<p>O poeta, cantador popular e contador de causos Eufra Modesto deu o tom inicial, convidando o p\u00fablico a manifestar os talentos art\u00edsticos, alguns adormecidos pelo tempo. <strong>M\u00fasica, cantigas de roda com integrantes da oficina de viol\u00e3o, literatura de cordel, o folcl\u00f3rico trava-l\u00ednguas, dan\u00e7a, a participa\u00e7\u00e3o de uma contadora de hist\u00f3rias e o contagiante di\u00e1logo de corpos<\/strong> promovido pelo mestre P\u00e1ssaro e o grupo da Capoeira Idalina foram algumas das atividades compartilhadas entre os presentes.<\/p>\n<p><strong>LEIA TAMB\u00c9M<br \/>\n<\/strong><a href=\"https:\/\/jundiai.sp.gov.br\/noticias\/2015\/04\/17\/cultura-realiza-selecao-para-a-mostra-de-danca-2015-nesta-sexta-17\/\" target=\"_blank\" rel=\"noopener noreferrer\">Cultura realiza sele\u00e7\u00e3o para a \u2018Mostra de Dan\u00e7a\u2019 nesta sexta (17)<\/a><br \/>\n<a href=\"https:\/\/jundiai.sp.gov.br\/noticias\/2015\/04\/15\/coordenadoria-da-igualdade-racial-reafirma-parceria-com-cultura\/\" target=\"_blank\" rel=\"noopener noreferrer\">Coordenadoria da Igualdade Racial reafirma parceria com Cultura<\/a><br \/>\n<a href=\"https:\/\/jundiai.sp.gov.br\/noticias\/2015\/04\/14\/ministerio-da-cultura-participa-de-debate-para-fortalecer-o-conselho\/\" target=\"_blank\" rel=\"noopener noreferrer\">Minist\u00e9rio da Cultura participa de debate para fortalecer o conselho<\/a><\/p>\n<p>Eliane da Silva Pinto, diretora de A\u00e7\u00e3o Comunit\u00e1ria, destaca a <strong>import\u00e2ncia que o evento representa para que os talentos da comunidade sejam conhecidos e despertados<\/strong>. \u201cA gente vem com a din\u00e2mica, mas <strong>em cada local \u00e9 a comunidade que sinaliza o andamento do sara<\/strong>u. N\u00e3o \u00e9 um show e n\u00e3o tem uma programa\u00e7\u00e3o fechada. A <strong>diferen\u00e7a \u00e9 a liberdade na exposi\u00e7\u00e3o da arte de cada um<\/strong>. \u00c9 sempre uma surpresa, n\u00e3o d\u00e1 para prever\u201d, afirma.<\/p>\n<p>Ela lembrou que a ideia \u00e9 <strong>criar o h\u00e1bito na comunidade para que as pessoas passem a organizar e promover os saraus espontaneamente, integrando-os ao calend\u00e1rio das programa\u00e7\u00f5es<\/strong>.<\/p>\n<div id=\"attachment_135054\" style=\"width: 410px\" class=\"wp-caption alignright\"><a href=\"https:\/\/jundiai.sp.gov.br\/noticias\/wp-content\/uploads\/sites\/32\/2015\/04\/SarauPqIngas_G.jpg\"><img loading=\"lazy\" decoding=\"async\" aria-describedby=\"caption-attachment-135054\" class=\"size-large wp-image-135054\" src=\"https:\/\/jundiai.sp.gov.br\/noticias\/wp-content\/uploads\/sites\/32\/2015\/04\/SarauPqIngas_G-720x405.jpg\" alt=\"Contadora de hist\u00f3rias surpreendeu e emocionou\" width=\"400\" height=\"350\" \/><\/a><p id=\"caption-attachment-135054\" class=\"wp-caption-text\">Contadora de hist\u00f3rias surpreendeu e emocionou<\/p><\/div>\n<p><strong>Talento<\/strong><br \/>\nRespons\u00e1vel pelo <strong>Programa de Fomento e Difus\u00e3o Cultural nas Comunidades<\/strong>, Eufra Modesto sinaliza que <strong>o papel de compartilhar faz do sarau uma oportunidade das pessoas cantarem e libertarem-se, dando vaz\u00e3o e libertando o talento que vem da alma<\/strong>. \u201cEssa constru\u00e7\u00e3o s\u00f3 existe aqui, nenhum sarau ser\u00e1 igual a esse, a energia \u00e9 \u00fanica\u201d, descreve o artista.<\/p>\n<p>O l\u00edder comunit\u00e1rio Valdir Lira refor\u00e7a a quest\u00e3o do <strong>incentivo \u00e0 comunidade na participa\u00e7\u00e3o das atividades<\/strong>. \u201cQueremos valorizar o que j\u00e1 existe, trazendo sempre algo novo e unindo ainda mais os talentos art\u00edsticos\u201d.<\/p>\n<p>Edson Santos de Jesus, estudante de Psicologia, acompanha os trabalhos da comunidade e demonstrou empolga\u00e7\u00e3o ao participar. \u201cAcredito que <strong>exista uma car\u00eancia das pessoas manifestarem a pr\u00f3pria arte. Colocar m\u00fasica e outras atividades art\u00edsticas na comunidade \u00e9 um trabalho grandioso<\/strong>\u201d, salientou.<\/p>\n<p>Nos momentos finais, a contadora de hist\u00f3rias Elaine Alves surpreendeu e emocionou a todos com a narrativa musical. O grupo de capoeira liderado pelo mestre P\u00e1ssaro fechou o sarau levando inclusive crian\u00e7as para a roda, que de imediato demonstraram talento e sensibilidade. \u201cA capoeira me proporcionou o conhecimento da<strong> m\u00fasica, hist\u00f3ria e literatura<\/strong>, me transportando cada vez mais para a realidade socioecon\u00f4mica do Brasil. Da\u00ed a import\u00e2ncia de que os alunos tamb\u00e9m possam ter esse conhecimento e participar de encontros que promovam essa integra\u00e7\u00e3o\u201d, lembrou o mestre.<\/p>\n<p><strong><em>Assessoria de Imprensa<br \/>\nFotos: Divulga\u00e7\u00e3o<\/em><\/strong><\/p>\n","protected":false},"excerpt":{"rendered":"<p>O centro comunit\u00e1rio do Parque dos Ing\u00e1s recebeu s\u00e1bado (18) um sarau in\u00e9dito, que reuniu integrantes de oficinas realizadas no local e convidados. Promovido pela Secretaria de Cultura, por meio da Diretoria de A\u00e7\u00e3o Comunit\u00e1ria, a iniciativa permitiu a integra\u00e7\u00e3o dos participantes e deixou a emo\u00e7\u00e3o \u00e0 flor da pele. O poeta, cantador popular e [&hellip;]<\/p>\n","protected":false},"author":14,"featured_media":0,"comment_status":"closed","ping_status":"closed","sticky":false,"template":"","format":"standard","meta":{"footnotes":""},"categories":[2],"tags":[29],"ods":[],"class_list":["post-135052","post","type-post","status-publish","format-standard","hentry","category-noticias","tag-cultura"],"_links":{"self":[{"href":"https:\/\/jundiai.sp.gov.br\/noticias\/wp-json\/wp\/v2\/posts\/135052","targetHints":{"allow":["GET"]}}],"collection":[{"href":"https:\/\/jundiai.sp.gov.br\/noticias\/wp-json\/wp\/v2\/posts"}],"about":[{"href":"https:\/\/jundiai.sp.gov.br\/noticias\/wp-json\/wp\/v2\/types\/post"}],"author":[{"embeddable":true,"href":"https:\/\/jundiai.sp.gov.br\/noticias\/wp-json\/wp\/v2\/users\/14"}],"replies":[{"embeddable":true,"href":"https:\/\/jundiai.sp.gov.br\/noticias\/wp-json\/wp\/v2\/comments?post=135052"}],"version-history":[{"count":4,"href":"https:\/\/jundiai.sp.gov.br\/noticias\/wp-json\/wp\/v2\/posts\/135052\/revisions"}],"predecessor-version":[{"id":258276,"href":"https:\/\/jundiai.sp.gov.br\/noticias\/wp-json\/wp\/v2\/posts\/135052\/revisions\/258276"}],"wp:attachment":[{"href":"https:\/\/jundiai.sp.gov.br\/noticias\/wp-json\/wp\/v2\/media?parent=135052"}],"wp:term":[{"taxonomy":"category","embeddable":true,"href":"https:\/\/jundiai.sp.gov.br\/noticias\/wp-json\/wp\/v2\/categories?post=135052"},{"taxonomy":"post_tag","embeddable":true,"href":"https:\/\/jundiai.sp.gov.br\/noticias\/wp-json\/wp\/v2\/tags?post=135052"},{"taxonomy":"ods","embeddable":true,"href":"https:\/\/jundiai.sp.gov.br\/noticias\/wp-json\/wp\/v2\/ods?post=135052"}],"curies":[{"name":"wp","href":"https:\/\/api.w.org\/{rel}","templated":true}]}}