{"id":135058,"date":"2015-04-22T11:28:12","date_gmt":"2015-04-22T14:28:12","guid":{"rendered":"https:\/\/jundiai.sp.gov.br\/noticias\/?p=135058"},"modified":"2016-11-04T11:27:15","modified_gmt":"2016-11-04T13:27:15","slug":"programacao-do-11o-aniversario-do-parque-da-cidade","status":"publish","type":"post","link":"https:\/\/jundiai.sp.gov.br\/noticias\/2015\/04\/22\/programacao-do-11o-aniversario-do-parque-da-cidade\/","title":{"rendered":"Programa\u00e7\u00e3o do 11\u00ba anivers\u00e1rio do Parque da Cidade"},"content":{"rendered":"<h2>S\u00e1bado (25)<\/h2>\n<p><strong>No decorrer do dia<\/strong> &#8211; <em>Oficinas culturais (bexigas, pintura facial, desenho, malabares e atividades circenses)<\/em><\/p>\n<ul>\n<li><em><strong>10h<\/strong> &#8211; Baillare Est\u00fadio de Dan\u00e7a (dan\u00e7a);<\/em><\/li>\n<li><em><strong>10h40<\/strong> &#8211; Amira Dan\u00e7a e Movimento (dan\u00e7a);<\/em><\/li>\n<li><em><strong>11h15<\/strong> &#8211; Dengue (teatro);<\/em><\/li>\n<li><em><strong>12h30<\/strong> &#8211; A Caixa (teatro);<\/em><\/li>\n<li><em><strong>13h30<\/strong> &#8211; Show musical;<\/em><\/li>\n<li><em><strong>14h<\/strong> &#8211; Teatro folcl\u00f3rico (teatro);<\/em><\/li>\n<li><em><strong>15h<\/strong> &#8211; Premiere Est\u00fadio de Dan\u00e7a (dan\u00e7a);<\/em><\/li>\n<li><em><strong>15h30<\/strong> &#8211; Escola de Dan\u00e7a Anna Paula Ballet (dan\u00e7a);<\/em><\/li>\n<li><em><strong>16h<\/strong> &#8211; Escola de Dan\u00e7a IOA (dan\u00e7a);<\/em><\/li>\n<li><em><strong>16h30<\/strong> &#8211; Lilian Ferret St\u00fadio de Dan\u00e7a &#8211; Grupo Azul e Branco (dan\u00e7a);<\/em><\/li>\n<li><em><strong>17h<\/strong> &#8211; Cinema.<\/em><\/li>\n<\/ul>\n<h2>Domingo (26)<\/h2>\n<p><strong>No decorrer do dia<\/strong> &#8211;<em> oficinas culturais &#8211; (bexigas, pintura facial, desenho, malabares e atividades circenses)<\/em><\/p>\n<ul>\n<li><em><strong>10h<\/strong> \u2013 Aula de Zumba;<\/em><\/li>\n<li><em><strong>11h<\/strong> &#8211; Amarati (dan\u00e7a);<\/em><\/li>\n<li><em><strong>11h20<\/strong> &#8211; An\u00e1lia Franco (dan\u00e7a);<\/em><\/li>\n<li><em><strong>11h40<\/strong> &#8211; Escola de Dan\u00e7a Anna Paula Ballet (dan\u00e7a);<\/em><\/li>\n<li><em><strong>12h15<\/strong> &#8211; Com que chap\u00e9u eu vou (teatro);<\/em><\/li>\n<li><em><strong>13h30<\/strong> &#8211; Show musical;<\/em><\/li>\n<li><em><strong>14h30<\/strong> &#8211; Est\u00fadio de Dan\u00e7a Vanessa Tam\u00eaga (dan\u00e7a);<\/em><\/li>\n<li><em><strong>15h<\/strong> &#8211; Dengue (teatro);<\/em><\/li>\n<li><em><strong>16h<\/strong> &#8211; Tempo de Brincar (m\u00fasica).<\/em><\/li>\n<\/ul>\n<p><strong><em>Assessoria de Imprensa DAE<\/em><\/strong><\/p>\n","protected":false},"excerpt":{"rendered":"<p>S\u00e1bado (25) No decorrer do dia &#8211; Oficinas culturais (bexigas, pintura facial, desenho, malabares e atividades circenses) 10h &#8211; Baillare Est\u00fadio de Dan\u00e7a (dan\u00e7a); 10h40 &#8211; Amira Dan\u00e7a e Movimento (dan\u00e7a); 11h15 &#8211; Dengue (teatro); 12h30 &#8211; A Caixa (teatro); 13h30 &#8211; Show musical; 14h &#8211; Teatro folcl\u00f3rico (teatro); 15h &#8211; Premiere Est\u00fadio de Dan\u00e7a [&hellip;]<\/p>\n","protected":false},"author":14,"featured_media":0,"comment_status":"closed","ping_status":"closed","sticky":false,"template":"","format":"standard","meta":{"footnotes":""},"categories":[2],"tags":[66,47],"ods":[],"class_list":["post-135058","post","type-post","status-publish","format-standard","hentry","category-noticias","tag-dae","tag-parque-da-cidade"],"_links":{"self":[{"href":"https:\/\/jundiai.sp.gov.br\/noticias\/wp-json\/wp\/v2\/posts\/135058","targetHints":{"allow":["GET"]}}],"collection":[{"href":"https:\/\/jundiai.sp.gov.br\/noticias\/wp-json\/wp\/v2\/posts"}],"about":[{"href":"https:\/\/jundiai.sp.gov.br\/noticias\/wp-json\/wp\/v2\/types\/post"}],"author":[{"embeddable":true,"href":"https:\/\/jundiai.sp.gov.br\/noticias\/wp-json\/wp\/v2\/users\/14"}],"replies":[{"embeddable":true,"href":"https:\/\/jundiai.sp.gov.br\/noticias\/wp-json\/wp\/v2\/comments?post=135058"}],"version-history":[{"count":3,"href":"https:\/\/jundiai.sp.gov.br\/noticias\/wp-json\/wp\/v2\/posts\/135058\/revisions"}],"predecessor-version":[{"id":135061,"href":"https:\/\/jundiai.sp.gov.br\/noticias\/wp-json\/wp\/v2\/posts\/135058\/revisions\/135061"}],"wp:attachment":[{"href":"https:\/\/jundiai.sp.gov.br\/noticias\/wp-json\/wp\/v2\/media?parent=135058"}],"wp:term":[{"taxonomy":"category","embeddable":true,"href":"https:\/\/jundiai.sp.gov.br\/noticias\/wp-json\/wp\/v2\/categories?post=135058"},{"taxonomy":"post_tag","embeddable":true,"href":"https:\/\/jundiai.sp.gov.br\/noticias\/wp-json\/wp\/v2\/tags?post=135058"},{"taxonomy":"ods","embeddable":true,"href":"https:\/\/jundiai.sp.gov.br\/noticias\/wp-json\/wp\/v2\/ods?post=135058"}],"curies":[{"name":"wp","href":"https:\/\/api.w.org\/{rel}","templated":true}]}}