{"id":135133,"date":"2015-04-22T17:55:53","date_gmt":"2015-04-22T20:55:53","guid":{"rendered":"https:\/\/jundiai.sp.gov.br\/noticias\/?p=135133"},"modified":"2016-11-04T11:27:16","modified_gmt":"2016-11-04T13:27:16","slug":"sorteados-tem-de-efetuar-matricula-para-cursos-profissionalizantes-do-fundo-social","status":"publish","type":"post","link":"https:\/\/jundiai.sp.gov.br\/noticias\/2015\/04\/22\/sorteados-tem-de-efetuar-matricula-para-cursos-profissionalizantes-do-fundo-social\/","title":{"rendered":"Fundo Social realiza sorteio para cursos profissionalizantes"},"content":{"rendered":"<p><strong>O <a href=\"https:\/\/www.facebook.com\/fundosocialsolidariedadedejundiai?fref=ts\" target=\"_blank\">Fundo Social de Solidariedade (Funss)<\/a> realizou o sorteio para defini\u00e7\u00e3o das vagas abertas para os cursos de teclado e inicia\u00e7\u00e3o \u00e0 culin\u00e1ria, na sexta-feira (17). O ato foi aberto ao p\u00fablico na sede do Fundo Social, dentro do Parque Comendador Ant\u00f4nio Carbonari (Parque da Uva). J\u00e1 para o curso de jardinagem b\u00e1sica, como previsto anteriormente, todos os inscritos tiveram acesso a uma vaga sem a necessidade de sorteio.<\/strong><\/p>\n<p>O sorteio foi coordenado pelo diretor do Funss, Paulo C\u00e9sar de Sant\u2019Anna. Os nomes foram retirados da urna pelas pessoas que acompanharam todo o processo. \u201c<strong>O Fundo Social, assim como os outros \u00f3rg\u00e3os do governo Pedro Bigardi, preza pela transpar\u00eancia. Esse foi o m\u00e9todo mais justo que encontramos para contemplar os interessados<\/strong>\u201d, destacou.<\/p>\n<p><strong>LEIA TAMB\u00c9M<br \/>\n<a href=\"https:\/\/jundiai.sp.gov.br\/noticias\/2015\/04\/22\/prefeitura-abre-concurso-publico-para-diversas-categorias\/\" target=\"_blank\">Prefeitura abre concurso para diversas categorias<\/a><br \/>\n<a href=\"https:\/\/jundiai.sp.gov.br\/noticias\/2015\/04\/22\/confira-as-vagas-de-emprego-do-pat-para-a-proxima-semana-3\/\" target=\"_blank\">Confira as vagas de emprego do PAT para esta semana<\/a><\/strong><\/p>\n<div id=\"attachment_135134\" style=\"width: 730px\" class=\"wp-caption aligncenter\"><a href=\"https:\/\/jundiai.sp.gov.br\/noticias\/wp-content\/uploads\/sites\/32\/2015\/04\/curso_jardinagem_funss_P_24G11.jpg\"><img loading=\"lazy\" decoding=\"async\" aria-describedby=\"caption-attachment-135134\" class=\"size-large wp-image-135134\" src=\"https:\/\/jundiai.sp.gov.br\/noticias\/wp-content\/uploads\/sites\/32\/2015\/04\/curso_jardinagem_funss_P_24G11-720x552.jpg\" alt=\"Jardinagem \u00e9 um dos cursos realizados pelo Fundo Social\" width=\"720\" height=\"552\" srcset=\"https:\/\/jundiai.sp.gov.br\/noticias\/wp-content\/uploads\/sites\/32\/2015\/04\/curso_jardinagem_funss_P_24G11-720x552.jpg 720w, https:\/\/jundiai.sp.gov.br\/noticias\/wp-content\/uploads\/sites\/32\/2015\/04\/curso_jardinagem_funss_P_24G11-300x230.jpg 300w, https:\/\/jundiai.sp.gov.br\/noticias\/wp-content\/uploads\/sites\/32\/2015\/04\/curso_jardinagem_funss_P_24G11.jpg 1240w\" sizes=\"auto, (max-width: 720px) 100vw, 720px\" \/><\/a><p id=\"caption-attachment-135134\" class=\"wp-caption-text\">Jardinagem \u00e9 um dos cursos realizados pelo Fundo Social<\/p><\/div>\n<p>A <strong>emo\u00e7\u00e3o tomou conta de Nancy Bardella quando o nome dela foi anunciado<\/strong>. &#8220;Sempre quis fazer aulas de teclado, mas n\u00e3o tive oportunidade. Agora j\u00e1 posso fazer minha matr\u00edcula&#8221;, comemorou.<\/p>\n<p>O aposentado Joel Joaquim Miranda tamb\u00e9m foi sorteado para participar do curso de teclado. &#8220;Sou um sortudo&#8221;, brincou.<\/p>\n<p><strong>Matr\u00edculas<br \/>\nTodos os contemplados ser\u00e3o avisados por telefone pela equipe do Fundo Social e convocados para efetuar a matr\u00edcula nos respectivos cursos, de 4 a 8 de maio, das 8h \u00e0s 17h, na sede do Funss, localizada na avenida Dona Manoela Lacerda de Vergueiro, s\/n\u00ba, no Parque Comendador Ant\u00f4nio Carbonari (Parque da Uva), munidos do original e c\u00f3pia do RG, comprovante de endere\u00e7o e duas fotos 3 \u00d7 4 recentes.<\/strong><\/p>\n<p>Al\u00e9m das pessoas sorteadas, h\u00e1 tamb\u00e9m uma lista de espera para os casos de desist\u00eancia.<\/p>\n<p><strong><em>Carolina Namura<br \/>\nFoto: Arquivo PMJ<\/em><\/strong><\/p>\n","protected":false},"excerpt":{"rendered":"<p>Contemplados para os cursos gratuitos de jardinagem b\u00e1sica, teclado e inicia\u00e7\u00e3o \u00e0 culin\u00e1ria v\u00e3o ser contactados por telefone<\/p>\n","protected":false},"author":14,"featured_media":135136,"comment_status":"closed","ping_status":"closed","sticky":false,"template":"","format":"standard","meta":{"footnotes":""},"categories":[2],"tags":[430,416],"ods":[],"class_list":["post-135133","post","type-post","status-publish","format-standard","has-post-thumbnail","hentry","category-noticias","tag-cursos-gratuitos","tag-fundo-social-de-solidariedade-funss"],"_links":{"self":[{"href":"https:\/\/jundiai.sp.gov.br\/noticias\/wp-json\/wp\/v2\/posts\/135133","targetHints":{"allow":["GET"]}}],"collection":[{"href":"https:\/\/jundiai.sp.gov.br\/noticias\/wp-json\/wp\/v2\/posts"}],"about":[{"href":"https:\/\/jundiai.sp.gov.br\/noticias\/wp-json\/wp\/v2\/types\/post"}],"author":[{"embeddable":true,"href":"https:\/\/jundiai.sp.gov.br\/noticias\/wp-json\/wp\/v2\/users\/14"}],"replies":[{"embeddable":true,"href":"https:\/\/jundiai.sp.gov.br\/noticias\/wp-json\/wp\/v2\/comments?post=135133"}],"version-history":[{"count":8,"href":"https:\/\/jundiai.sp.gov.br\/noticias\/wp-json\/wp\/v2\/posts\/135133\/revisions"}],"predecessor-version":[{"id":160687,"href":"https:\/\/jundiai.sp.gov.br\/noticias\/wp-json\/wp\/v2\/posts\/135133\/revisions\/160687"}],"wp:featuredmedia":[{"embeddable":true,"href":"https:\/\/jundiai.sp.gov.br\/noticias\/wp-json\/wp\/v2\/media\/135136"}],"wp:attachment":[{"href":"https:\/\/jundiai.sp.gov.br\/noticias\/wp-json\/wp\/v2\/media?parent=135133"}],"wp:term":[{"taxonomy":"category","embeddable":true,"href":"https:\/\/jundiai.sp.gov.br\/noticias\/wp-json\/wp\/v2\/categories?post=135133"},{"taxonomy":"post_tag","embeddable":true,"href":"https:\/\/jundiai.sp.gov.br\/noticias\/wp-json\/wp\/v2\/tags?post=135133"},{"taxonomy":"ods","embeddable":true,"href":"https:\/\/jundiai.sp.gov.br\/noticias\/wp-json\/wp\/v2\/ods?post=135133"}],"curies":[{"name":"wp","href":"https:\/\/api.w.org\/{rel}","templated":true}]}}