{"id":135355,"date":"2015-04-24T15:53:36","date_gmt":"2015-04-24T18:53:36","guid":{"rendered":"https:\/\/jundiai.sp.gov.br\/noticias\/?p=135355"},"modified":"2020-11-06T14:18:24","modified_gmt":"2020-11-06T17:18:24","slug":"estacao-juventude-inscricoes-passam-de-300","status":"publish","type":"post","link":"https:\/\/jundiai.sp.gov.br\/noticias\/2015\/04\/24\/estacao-juventude-inscricoes-passam-de-300\/","title":{"rendered":"Esta\u00e7\u00e3o Juventude: inscri\u00e7\u00f5es passam de 300"},"content":{"rendered":"<p><strong>Dan\u00e7a, fotografia, moda e profissionaliza\u00e7\u00e3o foram alguns dos temas das oficinas realizadas no Esta\u00e7\u00e3o Juventude desde a inaugura\u00e7\u00e3o do espa\u00e7o, h\u00e1 menos de um m\u00eas. Mais de 320 jovens fizeram inscri\u00e7\u00f5es para as atividades. O programa do Governo Federal \u00e9 ministrado em Jundia\u00ed pela Coordenadoria da Juventude. <\/strong><\/p>\n<p><strong>A inaugura\u00e7\u00e3o, dia 4 de abril, contou com a presen\u00e7a do prefeito Pedro Bigardi e do secret\u00e1rio nacional de Juventude da Presid\u00eancia da Rep\u00fablica, Gabriel Medina. A a\u00e7\u00e3o faz parte das metas do governo municipal de ampliar os espa\u00e7os destinados aos jovens na cidade e oferecer a eles mecanismos para discutir o que querem para Jundia\u00ed.<\/strong><\/p>\n<p><strong>LEIA TAMB\u00c9M<br \/>\n<\/strong><a href=\"https:\/\/jundiai.sp.gov.br\/noticias\/2015\/04\/23\/coordenadoria-apresenta-propostas-ao-napd-e-peama\/\" target=\"_blank\" rel=\"noopener noreferrer\">Coordenadoria apresenta propostas ao NAPD e Peama<\/a><br \/>\n<a href=\"https:\/\/jundiai.sp.gov.br\/noticias\/2015\/04\/22\/jovens-podem-opinar-sobre-a-programacao-cultural-em-jundiai\/\" target=\"_blank\" rel=\"noopener noreferrer\">Jovens podem opinar sobre a programa\u00e7\u00e3o cultural em Jundia\u00ed<\/a><\/p>\n<div id=\"attachment_135357\" style=\"width: 730px\" class=\"wp-caption aligncenter\"><a href=\"https:\/\/jundiai.sp.gov.br\/noticias\/wp-content\/uploads\/sites\/32\/2015\/04\/inauguracao_estacao_juventude_P_111g.jpg\"><img loading=\"lazy\" decoding=\"async\" aria-describedby=\"caption-attachment-135357\" class=\"size-full wp-image-135357\" src=\"https:\/\/jundiai.sp.gov.br\/noticias\/wp-content\/uploads\/sites\/32\/2015\/04\/inauguracao_estacao_juventude_P_111g.jpg\" alt=\"O espa\u00e7o foi inaugurado pelo prefeito Pedro Bigardi : inova\u00e7\u00e3o\" width=\"720\" height=\"513\" \/><\/a><p id=\"caption-attachment-135357\" class=\"wp-caption-text\">O espa\u00e7o foi inaugurado pelo prefeito Pedro Bigardi: inova\u00e7\u00e3o<\/p><\/div>\n<p>O espa\u00e7o, que \u00e9 destinado a pessoas de 15 a 29 anos de idade, al\u00e9m de realizar diversas atividades, fornece informa\u00e7\u00f5es que facilitam o acesso a servi\u00e7os e pol\u00edticas p\u00fablicas. Um exemplo desta facilidade \u00e9 a <strong>oficina de propostas com o Coletivo Cidadonos<\/strong>, que ser\u00e1 realizada neste <strong>s\u00e1bado (25), das 14h \u00e0s 16h30<\/strong>, e deve promover uma din\u00e2mica para a elabora\u00e7\u00e3o de propostas cidad\u00e3s, estimular o debate de ideias e opini\u00f5es sobre a cidade.<\/p>\n<p>O que for discutido na atividade poder\u00e1 ser indicado como contribui\u00e7\u00e3o para o <strong>Plano Diretor Participativo<\/strong> \u2013 lei municipal que planeja o futuro da cidade com participa\u00e7\u00e3o de toda sociedade, por meio de oficinas territoriais.<\/p>\n<p>De acordo com a titular da coordenadoria, Narrinam Camargo, a oficina faz parte do desafio de mostrar que <strong>o espa\u00e7o \u00e9 tamb\u00e9m para forma\u00e7\u00e3o de pol\u00edticas p\u00fablicas<\/strong>. \u201cDesta forma podemos garantir que os jovens sejam mais participativos\u201d, disse. Ela ainda lembra que o pr\u00f3prio Esta\u00e7\u00e3o Juventude nasceu por demanda, portanto, outras a\u00e7\u00f5es podem ser efetuadas da mesma forma.<\/p>\n<div id=\"attachment_135356\" style=\"width: 410px\" class=\"wp-caption alignleft\"><a href=\"https:\/\/jundiai.sp.gov.br\/noticias\/wp-content\/uploads\/sites\/32\/2015\/04\/Coord_o_G.jpg\"><img loading=\"lazy\" decoding=\"async\" aria-describedby=\"caption-attachment-135356\" class=\"size-full wp-image-135356\" src=\"https:\/\/jundiai.sp.gov.br\/noticias\/wp-content\/uploads\/sites\/32\/2015\/04\/Coord_o_G.jpg\" alt=\"Oficina Street Art realizada no Esta\u00e7\u00e3o Juventude\" width=\"400\" height=\"400\" \/><\/a><p id=\"caption-attachment-135356\" class=\"wp-caption-text\">Oficina Street Art realizada no Esta\u00e7\u00e3o Juventude<\/p><\/div>\n<p><strong>Elogios<\/strong><br \/>\nNo espa\u00e7o, j\u00e1 foram realizadas dez atividades, entre oficinas e workshops, e todas com elogios dos participantes.<\/p>\n<p>Luis Santos, estudante de jornalismo, participou do workshop Produ\u00e7\u00e3o de Moda e destacou que apesar de conhecer bastante sobre o assunto, a atividade foi essencial para mostrar v\u00e1rios pontos que passavam despercebidos por ele. \u201c<strong>Ensina muita coisa em pouco tempo<\/strong>\u201d, comentou. \u201cAs atividades s\u00e3o totalmente aproveit\u00e1veis para n\u00f3s, jovens\u201d, concluiu.<\/p>\n<p>A coordenadoria destaca a grande procura dos cursos. \u201cNossa vis\u00e3o \u00e9 de que realmente existia essa demanda de um lugar espec\u00edfico para os jovens, que tenha atividades para esse p\u00fablico e, enfim, conseguimos isto&#8221;, comenta Narrinam.<\/p>\n<p><strong>Quem tiver interesse em participar de alguma oficina deve verificar a programa\u00e7\u00e3o no site da Prefeitura de Jundia\u00ed e realizar a inscri\u00e7\u00e3o, que \u00e9 gratuita. O Esta\u00e7\u00e3o Juventude fica no Complexo Fepasa, na avenida Uni\u00e3o dos Ferrovi\u00e1rios, 1420.<\/strong><\/p>\n<p><strong>Pr\u00f3ximas atividades<\/strong><br \/>\nO calend\u00e1rio de atividades do programa est\u00e1 conclu\u00eddo at\u00e9 maio, por\u00e9m, para as pr\u00f3ximas atra\u00e7\u00f5es do local, a coordenadoria pede ajuda dos pr\u00f3prios jundiaienses.<\/p>\n<p>No domingo (26), na p\u00e1gina do Facebook da <strong>Coordenadoria da Juventude<\/strong>, uma publica\u00e7\u00e3o dar\u00e1 <strong>espa\u00e7o aos jovens para que respondam o que querem ver, entre oficinas, workshops, cineclubes, entre outras, no Esta\u00e7\u00e3o Juventude<\/strong>.<\/p>\n<p>As sugest\u00f5es ser\u00e3o recebidas pela rede social, que \u00e9 o principal meio de comunica\u00e7\u00e3o entre a coordenadoria e os jovens &#8211; uma hashtag \u00e9 parte principal do logotipo do \u00f3rg\u00e3o, inclusive.<\/p>\n<p><em><strong>Assessoria de Imprensa<br \/>\nFotos: Paulo Gr\u00e9gio e Divulga\u00e7\u00e3o<\/strong><\/em><\/p>\n","protected":false},"excerpt":{"rendered":"<p>Dan\u00e7a, fotografia, moda e profissionaliza\u00e7\u00e3o foram alguns dos temas das oficinas realizadas no Esta\u00e7\u00e3o Juventude desde a inaugura\u00e7\u00e3o do espa\u00e7o, h\u00e1 menos de um m\u00eas. Mais de 320 jovens fizeram inscri\u00e7\u00f5es para as atividades. O programa do Governo Federal \u00e9 ministrado em Jundia\u00ed pela Coordenadoria da Juventude. A inaugura\u00e7\u00e3o, dia 4 de abril, contou com [&hellip;]<\/p>\n","protected":false},"author":21,"featured_media":0,"comment_status":"closed","ping_status":"closed","sticky":false,"template":"","format":"standard","meta":{"footnotes":""},"categories":[2],"tags":[174,621],"ods":[],"class_list":["post-135355","post","type-post","status-publish","format-standard","hentry","category-noticias","tag-coordenadoria-da-juventude","tag-estacao-juventude"],"_links":{"self":[{"href":"https:\/\/jundiai.sp.gov.br\/noticias\/wp-json\/wp\/v2\/posts\/135355","targetHints":{"allow":["GET"]}}],"collection":[{"href":"https:\/\/jundiai.sp.gov.br\/noticias\/wp-json\/wp\/v2\/posts"}],"about":[{"href":"https:\/\/jundiai.sp.gov.br\/noticias\/wp-json\/wp\/v2\/types\/post"}],"author":[{"embeddable":true,"href":"https:\/\/jundiai.sp.gov.br\/noticias\/wp-json\/wp\/v2\/users\/21"}],"replies":[{"embeddable":true,"href":"https:\/\/jundiai.sp.gov.br\/noticias\/wp-json\/wp\/v2\/comments?post=135355"}],"version-history":[{"count":3,"href":"https:\/\/jundiai.sp.gov.br\/noticias\/wp-json\/wp\/v2\/posts\/135355\/revisions"}],"predecessor-version":[{"id":258222,"href":"https:\/\/jundiai.sp.gov.br\/noticias\/wp-json\/wp\/v2\/posts\/135355\/revisions\/258222"}],"wp:attachment":[{"href":"https:\/\/jundiai.sp.gov.br\/noticias\/wp-json\/wp\/v2\/media?parent=135355"}],"wp:term":[{"taxonomy":"category","embeddable":true,"href":"https:\/\/jundiai.sp.gov.br\/noticias\/wp-json\/wp\/v2\/categories?post=135355"},{"taxonomy":"post_tag","embeddable":true,"href":"https:\/\/jundiai.sp.gov.br\/noticias\/wp-json\/wp\/v2\/tags?post=135355"},{"taxonomy":"ods","embeddable":true,"href":"https:\/\/jundiai.sp.gov.br\/noticias\/wp-json\/wp\/v2\/ods?post=135355"}],"curies":[{"name":"wp","href":"https:\/\/api.w.org\/{rel}","templated":true}]}}