{"id":135366,"date":"2015-04-24T16:19:12","date_gmt":"2015-04-24T19:19:12","guid":{"rendered":"https:\/\/jundiai.sp.gov.br\/noticias\/?p=135366"},"modified":"2016-11-04T11:27:31","modified_gmt":"2016-11-04T13:27:31","slug":"prefeitura-destaca-valor-das-festas-tradicionais-em-jundiai","status":"publish","type":"post","link":"https:\/\/jundiai.sp.gov.br\/noticias\/2015\/04\/24\/prefeitura-destaca-valor-das-festas-tradicionais-em-jundiai\/","title":{"rendered":"Prefeitura destaca valor das festas tradicionais em Jundia\u00ed"},"content":{"rendered":"<p><strong>A 51\u00aa Festa da Varginha, realizada aos s\u00e1bados e domingos at\u00e9 o dia 3 de maio, \u00e9 um dos exemplos do circuito de festas tradicionais que fazem parte da cultura local. E a Prefeitura de Jundia\u00ed tem procurado n\u00e3o apenas apoiar esses eventos mas tamb\u00e9m valoriz\u00e1-los como um dos elementos da pr\u00f3pria identidade do munic\u00edpio.<\/strong><\/p>\n<p><strong>LEIA TAMB\u00c9M<br \/>\n<a href=\"https:\/\/jundiai.sp.gov.br\/noticias\/2015\/04\/23\/polytheama-comemora-dia-internacional-da-danca-2\/\" target=\"_blank\">Polytheama comemora Dia Internacional da Dan\u00e7a<\/a><br \/>\n<a href=\"https:\/\/jundiai.sp.gov.br\/noticias\/2015\/04\/24\/orquestra-municipal-de-jundiai-abre-a-temporada-neste-sabado-25\/\" target=\"_blank\">Orquestra Municipal abre a temporada neste s\u00e1bado (25)<\/a><br \/>\n<a href=\"https:\/\/jundiai.sp.gov.br\/noticias\/2015\/04\/23\/novo-mirante-para-a-ponte-torta-comeca-a-ser-construido\/\" target=\"_blank\">Novo mirante para a Ponte Torta come\u00e7a a ser constru\u00eddo<\/a><br \/>\n<a href=\"https:\/\/jundiai.sp.gov.br\/noticias\/2015\/04\/23\/bumbo-do-japi-3o-roda-de-samba-consolida-encontros-mensais\/\" target=\"_blank\">Bumbo do Japi: 3\u00ba Roda de Samba consolida encontros mensais<\/a><\/strong><\/p>\n<p><div id=\"attachment_135374\" style=\"width: 340px\" class=\"wp-caption alignright\"><a href=\"https:\/\/jundiai.sp.gov.br\/noticias\/wp-content\/uploads\/sites\/32\/2015\/04\/festa_varginha_brunholi_G.jpg\"><img loading=\"lazy\" decoding=\"async\" aria-describedby=\"caption-attachment-135374\" src=\"https:\/\/jundiai.sp.gov.br\/noticias\/wp-content\/uploads\/sites\/32\/2015\/04\/festa_varginha_brunholi_G-720x902.jpg\" alt=\"Marcos Brunholi com organizadores da festa na Varginha\" width=\"330\" height=\"370\" class=\"size-large wp-image-135374\" \/><\/a><p id=\"caption-attachment-135374\" class=\"wp-caption-text\">Marcos Brunholi com organizadores da festa na Varginha<\/p><\/div>\u201c<strong>Temos nosso calend\u00e1rio de eventos, que permite apoiar iniciativas comunit\u00e1rias. E esse aspecto tem sido muito destacado pelo prefeito Pedro Bigardi, inclusive no formato das festas de bairro que adotamos para a Festa da Uva\u201d<\/strong>, comentou o secret\u00e1rio Agricultura, Abastecimento e Turismo, Marcos Brunholi, em visita ao primeiro final de semana do evento.<\/p>\n<p>De acordo com a organiza\u00e7\u00e3o da festa, o interesse do p\u00fablico somente aumenta de ano para ano. &#8220;Acho que o voluntariado cria muito essa coisa do acolhimento, do ambiente familiar e das boas comidas t\u00edpicas, a tradi\u00e7\u00e3o da comida de quermesse&#8221;, comenta Carlos Pereira do Prado, o Carlitos.<\/p>\n<p><strong>Em Jundia\u00ed, as diversas festas tradicionais revezam-se ao longo do ano. Depois da Varginha, na regi\u00e3o de Santa Clara, come\u00e7a dia 16 de maio a <a href=\"http:\/\/www.festaitalianadejundiai.com.br\/\" target=\"_blank\">Festa Italiana de Jundia\u00ed<\/a>, no bairro da Col\u00f4nia, seguida pela abertura dia 30 de maio da Festa da Terra Nova, tamb\u00e9m na borda da serra.<\/strong><\/p>\n<p>Para Brunholi, as caracter\u00edsticas desses eventos formam um aprendizado sobre <strong>tradi\u00e7\u00f5es, solidariedade e cultura para todos os moradores<\/strong>.<\/p>\n<p><strong><em>Jos\u00e9 Arnaldo de Oliveira<br \/>\nFoto: Fot\u00f3grafos PMJ<\/em><\/strong><\/p>\n<p><strong>Assista \u00e0 reportagem da TVE Jundia\u00ed<\/strong><br \/>\n<iframe loading=\"lazy\" width=\"420\" height=\"315\" src=\"https:\/\/www.youtube.com\/embed\/OebQ2NTOpPo\" frameborder=\"0\" allowfullscreen><\/iframe><\/p>\n","protected":false},"excerpt":{"rendered":"<p>A 51\u00aa Festa da Varginha, realizada aos s\u00e1bados e domingos at\u00e9 o dia 3 de maio, \u00e9 um dos exemplos do circuito de festas tradicionais que fazem parte da cultura local. E a Prefeitura de Jundia\u00ed tem procurado n\u00e3o apenas apoiar esses eventos mas tamb\u00e9m valoriz\u00e1-los como um dos elementos da pr\u00f3pria identidade do munic\u00edpio. [&hellip;]<\/p>\n","protected":false},"author":14,"featured_media":0,"comment_status":"closed","ping_status":"closed","sticky":false,"template":"","format":"standard","meta":{"footnotes":""},"categories":[2],"tags":[41],"ods":[],"class_list":["post-135366","post","type-post","status-publish","format-standard","hentry","category-noticias","tag-agricultura-abastecimento-e-turismo"],"_links":{"self":[{"href":"https:\/\/jundiai.sp.gov.br\/noticias\/wp-json\/wp\/v2\/posts\/135366","targetHints":{"allow":["GET"]}}],"collection":[{"href":"https:\/\/jundiai.sp.gov.br\/noticias\/wp-json\/wp\/v2\/posts"}],"about":[{"href":"https:\/\/jundiai.sp.gov.br\/noticias\/wp-json\/wp\/v2\/types\/post"}],"author":[{"embeddable":true,"href":"https:\/\/jundiai.sp.gov.br\/noticias\/wp-json\/wp\/v2\/users\/14"}],"replies":[{"embeddable":true,"href":"https:\/\/jundiai.sp.gov.br\/noticias\/wp-json\/wp\/v2\/comments?post=135366"}],"version-history":[{"count":6,"href":"https:\/\/jundiai.sp.gov.br\/noticias\/wp-json\/wp\/v2\/posts\/135366\/revisions"}],"predecessor-version":[{"id":167601,"href":"https:\/\/jundiai.sp.gov.br\/noticias\/wp-json\/wp\/v2\/posts\/135366\/revisions\/167601"}],"wp:attachment":[{"href":"https:\/\/jundiai.sp.gov.br\/noticias\/wp-json\/wp\/v2\/media?parent=135366"}],"wp:term":[{"taxonomy":"category","embeddable":true,"href":"https:\/\/jundiai.sp.gov.br\/noticias\/wp-json\/wp\/v2\/categories?post=135366"},{"taxonomy":"post_tag","embeddable":true,"href":"https:\/\/jundiai.sp.gov.br\/noticias\/wp-json\/wp\/v2\/tags?post=135366"},{"taxonomy":"ods","embeddable":true,"href":"https:\/\/jundiai.sp.gov.br\/noticias\/wp-json\/wp\/v2\/ods?post=135366"}],"curies":[{"name":"wp","href":"https:\/\/api.w.org\/{rel}","templated":true}]}}