{"id":135519,"date":"2015-04-25T17:47:11","date_gmt":"2015-04-25T20:47:11","guid":{"rendered":"https:\/\/jundiai.sp.gov.br\/noticias\/?p=135519"},"modified":"2016-11-04T11:22:13","modified_gmt":"2016-11-04T13:22:13","slug":"dia-da-cidadania-mostra-uniao-intensa-no-tamoio","status":"publish","type":"post","link":"https:\/\/jundiai.sp.gov.br\/noticias\/2015\/04\/25\/dia-da-cidadania-mostra-uniao-intensa-no-tamoio\/","title":{"rendered":"Dia da Cidadania mostra uni\u00e3o intensa no Jardim Tamoio"},"content":{"rendered":"<p>Em uma ampla diversidade de servi\u00e7os aos moradores, o <strong>Dia da Cidadania<\/strong>, neste s\u00e1bado (25), transformou a escola municipal EMEB Judith de Almeida Curado, no Cidade Nova 1, em rede de oportunidades para moradores de todas as idades. <strong>A iniciativa, apoiada pela Prefeitura de Jundia\u00ed e que envolveu diversas entidades, surgiu na Rede Intersetorial do Jardim Tamoio e contou com atividades esportivas, culturais e de apoio e orienta\u00e7\u00e3o.<\/strong><\/p>\n<p><strong>LEIA TAMB\u00c9M<\/strong><br \/>\n<a href=\"https:\/\/jundiai.sp.gov.br\/noticias\/2015\/04\/25\/centro-bem-te-vi-inaugura-nova-sede\/\" target=\"_blank\"><strong> Centro Bem-Te-Vi inaugura nova sede<\/strong><\/a><\/p>\n<div id=\"attachment_135935\" style=\"width: 730px\" class=\"wp-caption aligncenter\"><a href=\"https:\/\/jundiai.sp.gov.br\/noticias\/wp-content\/uploads\/sites\/32\/2015\/04\/Dia_Cidadania_A_13g1.jpg\"><img loading=\"lazy\" decoding=\"async\" aria-describedby=\"caption-attachment-135935\" src=\"https:\/\/jundiai.sp.gov.br\/noticias\/wp-content\/uploads\/sites\/32\/2015\/04\/Dia_Cidadania_A_13g1-720x473.jpg\" alt=\"Atividades de sa\u00fade, vistas pelo vice-prefeito, tamb\u00e9m fizeram parte do roteiro\" width=\"720\" height=\"473\" class=\"size-large wp-image-135935\" srcset=\"https:\/\/jundiai.sp.gov.br\/noticias\/wp-content\/uploads\/sites\/32\/2015\/04\/Dia_Cidadania_A_13g1-720x473.jpg 720w, https:\/\/jundiai.sp.gov.br\/noticias\/wp-content\/uploads\/sites\/32\/2015\/04\/Dia_Cidadania_A_13g1-300x197.jpg 300w, https:\/\/jundiai.sp.gov.br\/noticias\/wp-content\/uploads\/sites\/32\/2015\/04\/Dia_Cidadania_A_13g1.jpg 1240w\" sizes=\"auto, (max-width: 720px) 100vw, 720px\" \/><\/a><p id=\"caption-attachment-135935\" class=\"wp-caption-text\">Atividades de sa\u00fade, vistas pelo vice-prefeito, tamb\u00e9m fizeram parte do roteiro<\/p><\/div>\n<p><strong>\u201cO trabalho em parcerias \u00e9 interessante, porque cria novas oportunidades\u201d, afirmou o vice-prefeito Durval Orlato, que representou o prefeito Pedro Bigardi. Uma das coordenadoras, Alda Renata Orsi (do Centro de Refer\u00eancia de Assist\u00eancia Social), destacou que o evento teve foco nos direitos \u00e0 cidade.<\/strong><\/p>\n<p><iframe loading=\"lazy\" class=\"alignleft\" width=\"420\" height=\"315\" src=\"https:\/\/www.youtube.com\/embed\/u-ri9elPzDs\" frameborder=\"0\" allowfullscreen><\/iframe>Estiveram presentes, entre outros, os ve\u00edculos m\u00f3veis do <strong>Procon e do Consult\u00f3rio de Rua e mais as rodas de capoeira, dan\u00e7a circular, maracatu de idosos e zumba, al\u00e9m do Labirinto de Sensa\u00e7\u00f5es e as salas de corte de cabelo ou orienta\u00e7\u00e3o de curr\u00edculo. Alguns moradores tamb\u00e9m levaram produtos artesanais ou aliment\u00edcios para divulgarem aos visitantes.<\/strong><\/p>\n<p>De acordo com Miguel Arcanjo, presidente da Associa\u00e7\u00e3o de Amigos do Bairro do Jardim Tamoio, o resultado \u00e9 muito positivo para o acesso de moradores. \u201cEsperamos que seja algo peri\u00f3dico\u201d, comentou.<\/p>\n<p>A C\u00e2mara Municipal tamb\u00e9m esteve presente com o vereador M\u00e1rcio \u201cCabeleireiro\u201d Pentecostes de Souza.<br \/>\n<strong><br \/>\nJos\u00e9 Arnaldo de Oliveira<br \/>\nFotos: Alessandro Rosman<\/strong><\/p>\n","protected":false},"excerpt":{"rendered":"<p>A iniciativa, apoiada pela Prefeitura, surgiu na Rede Intersetorial do Jardim Tamoio e contou com atividades esportivas e culturais<\/p>\n","protected":false},"author":11,"featured_media":135522,"comment_status":"closed","ping_status":"closed","sticky":false,"template":"","format":"standard","meta":{"footnotes":""},"categories":[2],"tags":[617,29,34,6,49,33,3,73,665,362],"ods":[],"class_list":["post-135519","post","type-post","status-publish","format-standard","has-post-thumbnail","hentry","category-noticias","tag-coordenadoria-de-bem-estar-animal-cobema","tag-cultura","tag-defesa-civil","tag-educacao","tag-fundacao-municipal-de-acao-social-fumas","tag-procon","tag-saude","tag-secretaria-de-assistencia-e-desenvolvimento-social-semads","tag-unidade-basica-de-saude-ubs","tag-unidade-de-vigilancia-de-zoonoses"],"_links":{"self":[{"href":"https:\/\/jundiai.sp.gov.br\/noticias\/wp-json\/wp\/v2\/posts\/135519","targetHints":{"allow":["GET"]}}],"collection":[{"href":"https:\/\/jundiai.sp.gov.br\/noticias\/wp-json\/wp\/v2\/posts"}],"about":[{"href":"https:\/\/jundiai.sp.gov.br\/noticias\/wp-json\/wp\/v2\/types\/post"}],"author":[{"embeddable":true,"href":"https:\/\/jundiai.sp.gov.br\/noticias\/wp-json\/wp\/v2\/users\/11"}],"replies":[{"embeddable":true,"href":"https:\/\/jundiai.sp.gov.br\/noticias\/wp-json\/wp\/v2\/comments?post=135519"}],"version-history":[{"count":8,"href":"https:\/\/jundiai.sp.gov.br\/noticias\/wp-json\/wp\/v2\/posts\/135519\/revisions"}],"predecessor-version":[{"id":135937,"href":"https:\/\/jundiai.sp.gov.br\/noticias\/wp-json\/wp\/v2\/posts\/135519\/revisions\/135937"}],"wp:featuredmedia":[{"embeddable":true,"href":"https:\/\/jundiai.sp.gov.br\/noticias\/wp-json\/wp\/v2\/media\/135522"}],"wp:attachment":[{"href":"https:\/\/jundiai.sp.gov.br\/noticias\/wp-json\/wp\/v2\/media?parent=135519"}],"wp:term":[{"taxonomy":"category","embeddable":true,"href":"https:\/\/jundiai.sp.gov.br\/noticias\/wp-json\/wp\/v2\/categories?post=135519"},{"taxonomy":"post_tag","embeddable":true,"href":"https:\/\/jundiai.sp.gov.br\/noticias\/wp-json\/wp\/v2\/tags?post=135519"},{"taxonomy":"ods","embeddable":true,"href":"https:\/\/jundiai.sp.gov.br\/noticias\/wp-json\/wp\/v2\/ods?post=135519"}],"curies":[{"name":"wp","href":"https:\/\/api.w.org\/{rel}","templated":true}]}}