{"id":135623,"date":"2015-04-27T18:41:26","date_gmt":"2015-04-27T21:41:26","guid":{"rendered":"https:\/\/jundiai.sp.gov.br\/noticias\/?p=135623"},"modified":"2020-11-05T10:31:32","modified_gmt":"2020-11-05T13:31:32","slug":"prefeitura-em-acao-habitacao-e-destaque-na-zona-leste","status":"publish","type":"post","link":"https:\/\/jundiai.sp.gov.br\/noticias\/2015\/04\/27\/prefeitura-em-acao-habitacao-e-destaque-na-zona-leste\/","title":{"rendered":"Prefeitura em A\u00e7\u00e3o: habita\u00e7\u00e3o \u00e9 destaque na Zona Leste"},"content":{"rendered":"<p><strong>Os moradores do Jardim S\u00e3o Camilo v\u00e3o contar ainda com mais mudan\u00e7as no bairro a partir de setembro deste ano. Dando continuidade ao programa Prefeitura em A\u00e7\u00e3o na Zona Leste, o prefeito Pedro Bigardi, acompanhado de secret\u00e1rios e vereadores, visitou as obras das <a href=\"https:\/\/jundiai.sp.gov.br\/noticias\/2014\/11\/05\/obras-dos-apartamentos-do-sao-camilo-avancam\/\" target=\"_blank\" rel=\"noopener noreferrer\">400 unidades habitacionais na avenida Giustiniano Borin<\/a>, na manh\u00e3 desta segunda-feira (27). <\/strong><\/p>\n<p><a href=\"https:\/\/www.flickr.com\/photos\/prefeituradejundiai\/sets\/72157652203800632\/\" target=\"_blank\" rel=\"noopener noreferrer\"><strong>CONFIRA AS FOTOS<\/strong><\/a><\/p>\n<p>\u201cEssa \u00e9 uma obra de qualidade e faz parte do processo de reurbaniza\u00e7\u00e3o. N\u00e3o estamos tirando as pessoas do bairro onde vivem, mas estamos proporcionando melhor qualidade de vida e realizando um trabalho social junto a isso\u201d, explica o prefeito.<\/p>\n<p><a href=\"https:\/\/jundiai.sp.gov.br\/noticias\/tag\/prefeitura-em-acao\/\" target=\"_blank\" rel=\"noopener noreferrer\"><strong>CONHE\u00c7A TODAS AS A\u00c7\u00d5ES DO PREFEITURA EM A\u00c7\u00c3O<\/strong><\/a><\/p>\n<p><strong>LEIA TAMB\u00c9M<br \/>\n<\/strong><a href=\"https:\/\/jundiai.sp.gov.br\/noticias\/2015\/04\/26\/asfalto-vira-simbolo-de-atencao-na-zona-leste\/\" target=\"_blank\" rel=\"noopener noreferrer\">Asfalto vira s\u00edmbolo de aten\u00e7\u00e3o na Zona Leste<\/a><br \/>\n<a href=\"https:\/\/jundiai.sp.gov.br\/noticias\/2015\/04\/24\/centro-de-linguas-abre-inscricao-na-proxima-quarta-feira-29\/\" target=\"_blank\" rel=\"noopener noreferrer\">Centro de L\u00ednguas abre inscri\u00e7\u00f5es na quarta-feira (29)<\/a><br \/>\n<a href=\"https:\/\/jundiai.sp.gov.br\/noticias\/2015\/04\/24\/prefeitura-tem-concurso-publico-aberto-para-diversas-categorias\/\" target=\"_blank\" rel=\"noopener noreferrer\">Prefeitura abre novo concurso p\u00fablico para v\u00e1rias categorias<\/a><\/p>\n<div id=\"attachment_135624\" style=\"width: 730px\" class=\"wp-caption aligncenter\"><a href=\"https:\/\/jundiai.sp.gov.br\/noticias\/wp-content\/uploads\/sites\/32\/2015\/04\/obras_apartamentos_sao_camilo_P_-300G.jpg\"><img loading=\"lazy\" decoding=\"async\" aria-describedby=\"caption-attachment-135624\" class=\"size-large wp-image-135624\" src=\"https:\/\/jundiai.sp.gov.br\/noticias\/wp-content\/uploads\/sites\/32\/2015\/04\/obras_apartamentos_sao_camilo_P_-300G-720x478.jpg\" alt=\"Prefeito faz visita t\u00e9cnica \u00e0s unidades habitacionais do S\u00e3o Camilo\" width=\"720\" height=\"478\" srcset=\"https:\/\/jundiai.sp.gov.br\/noticias\/wp-content\/uploads\/sites\/32\/2015\/04\/obras_apartamentos_sao_camilo_P_-300G-720x478.jpg 720w, https:\/\/jundiai.sp.gov.br\/noticias\/wp-content\/uploads\/sites\/32\/2015\/04\/obras_apartamentos_sao_camilo_P_-300G-300x199.jpg 300w, https:\/\/jundiai.sp.gov.br\/noticias\/wp-content\/uploads\/sites\/32\/2015\/04\/obras_apartamentos_sao_camilo_P_-300G.jpg 1240w\" sizes=\"auto, (max-width: 720px) 100vw, 720px\" \/><\/a><p id=\"caption-attachment-135624\" class=\"wp-caption-text\">Prefeito faz visita t\u00e9cnica \u00e0s unidades habitacionais do S\u00e3o Camilo<\/p><\/div>\n<p>V\u00e3o ocupar o local <strong>100 fam\u00edlias<\/strong> que sa\u00edram do bairro e hoje vivem com o aux\u00edlio-aluguel em outros bairros da cidade e ainda <strong>outras 300 <\/strong>que sair\u00e3o de suas casas por conta do novo sistema vi\u00e1rio a ser implantado em breve.<\/p>\n<p>O tapeceiro Aguinaldo Mingoti est\u00e1 <strong>ansioso para se transferir para o novo apartamento com a fam\u00edlia<\/strong>. \u201cMeus pais tamb\u00e9m vir\u00e3o para c\u00e1 em um apartamento vizinho. Gostamos do espa\u00e7o, bem organizado e bonito\u201d, disse.<\/p>\n<p><iframe loading=\"lazy\" class=\"alignleft\" src=\"https:\/\/www.youtube.com\/embed\/RRQxEMktb2k\" width=\"420\" height=\"315\" frameborder=\"0\" allowfullscreen=\"allowfullscreen\"><\/iframe>Os apartamentos t\u00eam <strong>45 m\u00b2, com sala, cozinha, banheiro, dois dormit\u00f3rios e \u00e1rea de servi\u00e7o<\/strong>. Al\u00e9m disso, h\u00e1 uma <strong>sacada com 1 metro e meio quadrado<\/strong>. Todos foram preparados pensando na <strong>acessibilidade<\/strong>. \u201cOs moradores v\u00e3o continuar usando os <strong>mesmos equipamentos p\u00fablicos<\/strong> e o conjunto ainda habitacional conta com<strong> dois centros comunit\u00e1rios, ciclofaixa e paisagismo<\/strong>\u201d, pontua o superintende da <strong><a href=\"http:\/\/fumas.jundiai.sp.gov.br\/\" target=\"_blank\" rel=\"noopener noreferrer\">Funda\u00e7\u00e3o Municipal de A\u00e7\u00e3o Social (Fumas)<\/a><\/strong>, Waldemar Foelkel.<\/p>\n<p>O <strong>sistema vi\u00e1rio<\/strong> vai ligar a parte baixa do bairro \u00e0 parte alta. Ser\u00e1 iniciado na rua \u00c2ngelo Riveli, no Jardim da Fonte, e chegar\u00e1 at\u00e9 a Pedro Ravaiane. Est\u00e3o previstas ainda uma <strong>academia ao ar livre e uma pra\u00e7a. Al\u00e9m disso, em dezembro de 2013, <a href=\"https:\/\/jundiai.sp.gov.br\/noticias\/2013\/12\/07\/sao-camilo-recebe-nova-ubs\/\" target=\"_blank\" rel=\"noopener noreferrer\">foi inaugurada a nova Unidade B\u00e1sica de Sa\u00fade no bairro<\/a><\/strong>.<\/p>\n<p><strong>O investimento total dos apartamentos \u00e9 de R$ 38,4 milh\u00f5es<\/strong>. Desse valor <strong>R$ 30,4 milh\u00f5es do Governo Federal e R$ 8 milh\u00f5es do Governo Estadual<\/strong>. A <strong>abertura do sistema vi\u00e1rio no bairro custar\u00e1 cerca de R$ 17 milh\u00f5es, sendo R$ 15 milh\u00f5es do Governo Federal e outros R$ 2 milh\u00f5es de contrapartida do munic\u00edpio<\/strong>.<\/p>\n<p>Estiverem presentes os secret\u00e1rios: de Esporte e Lazer, Cristiano Lopes; de Planejamento e Meio Ambiente, Daniela da C\u00e2mara Sutti; de Assist\u00eancia e Desenvolvimento Social (Semads), Rita de C\u00e1ssia Marchiore; o diretor presidente da Escola de Governo e Gest\u00e3o, Marcelo Lo Monaco; o presidente da <a href=\"http:\/\/iprejun.sp.gov.br\/\" target=\"_blank\" rel=\"noopener noreferrer\">Iprejun<\/a>, Eudis Urbano; o Comandante da Guarda Municipal, Jos\u00e9 Roberto Ferraz; o coordenador do Gabinete de Gest\u00e3o Integrada do Munic\u00edpio, Jos\u00e9 Carlos Pires; o diretor presidente da <a href=\"http:\/\/www.daejundiai.com.br\/\" target=\"_blank\" rel=\"noopener noreferrer\">DAE<\/a>, Jamil Yatim; a titular da Coordenadoria do Idoso, Claudia Sartori; os assessores Alan Piccolo e Lir\u00e1ucio Tarini J\u00fanior, al\u00e9m dos vereadores Jos\u00e9 Dias, M\u00e1rcio Pentecostes, Gerson Sartori e o superintendente regional da Caixa, Henrique Parra Parra.<\/p>\n<p>O programa <strong>Prefeitura em A\u00e7\u00e3o na Zona Leste<\/strong> continua nesta<strong> segunda-feira (27). \u00c0s 18h ser\u00e1 realizada a apresenta\u00e7\u00e3o do novo \u00f4nibus do itiner\u00e1rio Centro \u2013 Ivoturucaia e anunciada a pavimenta\u00e7\u00e3o da Est\u00e2ncia Alpina. Ambos ocorrem na Par\u00f3quia Santo Ant\u00f4nio de P\u00e1dua, na avenida Jos\u00e9 Mezzalira, 5247, no Ivoturucaia.<\/strong><\/p>\n<div id=\"attachment_135625\" style=\"width: 730px\" class=\"wp-caption aligncenter\"><a href=\"https:\/\/jundiai.sp.gov.br\/noticias\/wp-content\/uploads\/sites\/32\/2015\/04\/obras_apartamentos_sao_camilo_P_-352G.jpg\"><img loading=\"lazy\" decoding=\"async\" aria-describedby=\"caption-attachment-135625\" class=\"size-large wp-image-135625\" src=\"https:\/\/jundiai.sp.gov.br\/noticias\/wp-content\/uploads\/sites\/32\/2015\/04\/obras_apartamentos_sao_camilo_P_-352G-720x531.jpg\" alt=\"Moradores do bairro conhecem apartamentos\" width=\"720\" height=\"531\" srcset=\"https:\/\/jundiai.sp.gov.br\/noticias\/wp-content\/uploads\/sites\/32\/2015\/04\/obras_apartamentos_sao_camilo_P_-352G-720x531.jpg 720w, https:\/\/jundiai.sp.gov.br\/noticias\/wp-content\/uploads\/sites\/32\/2015\/04\/obras_apartamentos_sao_camilo_P_-352G-300x221.jpg 300w, https:\/\/jundiai.sp.gov.br\/noticias\/wp-content\/uploads\/sites\/32\/2015\/04\/obras_apartamentos_sao_camilo_P_-352G.jpg 1240w\" sizes=\"auto, (max-width: 720px) 100vw, 720px\" \/><\/a><p id=\"caption-attachment-135625\" class=\"wp-caption-text\">Moradores do bairro conhecem apartamentos<\/p><\/div>\n<p><strong><em>Luiza Ronchi<br \/>\nFotos: Paulo Gr\u00e9gio<\/em><\/strong><\/p>\n","protected":false},"excerpt":{"rendered":"<p>Ainda nesta segunda (27), programa prossegue no Ivoturucaia, com apresenta\u00e7\u00e3o de \u00f4nibus e pavimenta\u00e7\u00e3o<\/p>\n","protected":false},"author":14,"featured_media":135663,"comment_status":"closed","ping_status":"closed","sticky":false,"template":"","format":"standard","meta":{"footnotes":""},"categories":[2],"tags":[49,490,58,615,338],"ods":[],"class_list":["post-135623","post","type-post","status-publish","format-standard","has-post-thumbnail","hentry","category-noticias","tag-fundacao-municipal-de-acao-social-fumas","tag-habitacao","tag-prefeito","tag-prefeitura-em-acao","tag-transportes"],"_links":{"self":[{"href":"https:\/\/jundiai.sp.gov.br\/noticias\/wp-json\/wp\/v2\/posts\/135623","targetHints":{"allow":["GET"]}}],"collection":[{"href":"https:\/\/jundiai.sp.gov.br\/noticias\/wp-json\/wp\/v2\/posts"}],"about":[{"href":"https:\/\/jundiai.sp.gov.br\/noticias\/wp-json\/wp\/v2\/types\/post"}],"author":[{"embeddable":true,"href":"https:\/\/jundiai.sp.gov.br\/noticias\/wp-json\/wp\/v2\/users\/14"}],"replies":[{"embeddable":true,"href":"https:\/\/jundiai.sp.gov.br\/noticias\/wp-json\/wp\/v2\/comments?post=135623"}],"version-history":[{"count":11,"href":"https:\/\/jundiai.sp.gov.br\/noticias\/wp-json\/wp\/v2\/posts\/135623\/revisions"}],"predecessor-version":[{"id":257716,"href":"https:\/\/jundiai.sp.gov.br\/noticias\/wp-json\/wp\/v2\/posts\/135623\/revisions\/257716"}],"wp:featuredmedia":[{"embeddable":true,"href":"https:\/\/jundiai.sp.gov.br\/noticias\/wp-json\/wp\/v2\/media\/135663"}],"wp:attachment":[{"href":"https:\/\/jundiai.sp.gov.br\/noticias\/wp-json\/wp\/v2\/media?parent=135623"}],"wp:term":[{"taxonomy":"category","embeddable":true,"href":"https:\/\/jundiai.sp.gov.br\/noticias\/wp-json\/wp\/v2\/categories?post=135623"},{"taxonomy":"post_tag","embeddable":true,"href":"https:\/\/jundiai.sp.gov.br\/noticias\/wp-json\/wp\/v2\/tags?post=135623"},{"taxonomy":"ods","embeddable":true,"href":"https:\/\/jundiai.sp.gov.br\/noticias\/wp-json\/wp\/v2\/ods?post=135623"}],"curies":[{"name":"wp","href":"https:\/\/api.w.org\/{rel}","templated":true}]}}