{"id":136501,"date":"2015-04-30T19:47:57","date_gmt":"2015-04-30T22:47:57","guid":{"rendered":"https:\/\/jundiai.sp.gov.br\/noticias\/?p=136501"},"modified":"2018-07-16T17:00:22","modified_gmt":"2018-07-16T20:00:22","slug":"nota-jundiaiense-e-lancada-e-vira-modelo-no-brasil","status":"publish","type":"post","link":"https:\/\/jundiai.sp.gov.br\/noticias\/2015\/04\/30\/nota-jundiaiense-e-lancada-e-vira-modelo-no-brasil\/","title":{"rendered":"Nota Jundiaiense \u00e9 lan\u00e7ada e vira modelo no Brasil"},"content":{"rendered":"<p><strong>O programa Nota Fiscal Jundiaiense foi oficialmente apresentado na manh\u00e3 desta quinta-feira (30), no audit\u00f3rio do <a href=\"http:\/\/www.ciesp.com.br\/jundiai\/\" target=\"_blank\">Centro das Ind\u00fastrias do Estado de S\u00e3o Paulo (Ciesp)<\/a>, pelo prefeito Pedro Bigardi. O evento &#8211; organizado pela Secretaria de Finan\u00e7as &#8211; reuniu bom p\u00fablico, entre interessados, t\u00e9cnicos, secret\u00e1rios municipais e vereadores. A novidade j\u00e1 est\u00e1 valendo e as pessoas podem cadastrar o CPF no site oficial.<\/strong><\/p>\n<p><strong>O prefeito deixou claro que n\u00e3o se trata de um novo imposto, mas sim de um impulso criativo que vai viabilizar novo f\u00f4lego em investimentos para Jundia\u00ed.<\/strong> \u201cN\u00e3o \u00e9 novidade que boa parte do or\u00e7amento municipal est\u00e1 comprometida em cobrir despesas com os equipamentos p\u00fablicos, gest\u00e3o, fornecedores e funcionalismo. Por isso, h\u00e1 uma import\u00e2ncia cada vez maior em buscar cr\u00e9dito e criar novas maneiras de obten\u00e7\u00e3o de caixa para investimento. A Nota Fiscal Jundiaiense vem diretamente ao encontro dessa realidade, porque inibe a pr\u00e1tica da evas\u00e3o fiscal, al\u00e9m de premiar os participantes.\u201d<\/p>\n<p><strong>SAIBA MAIS<br \/>\n<a href=\"https:\/\/jundiai.sp.gov.br\/noticias\/2015\/03\/23\/como-vai-funcionar-a-nota-fiscal-jundiaiense\/\" target=\"_blank\"><strong>Como vai funcionar a Nota Fiscal Jundiaiense<\/strong><\/a><br \/>\n<a href=\"https:\/\/jundiai.sp.gov.br\/noticias\/2015\/04\/24\/esta-tudo-pronto-para-o-inicio-da-nota-fiscal-jundiaiense\/\" target=\"_blank\">Est\u00e1 tudo pronto para o in\u00edcio da Nota Fiscal Jundiaiense<\/strong><\/a><br \/>\n<a href=\"https:\/\/jundiai.sp.gov.br\/noticias\/2015\/03\/25\/nota-fiscal-jundiaiense-tem-boa-repercussao-na-cidade\/\" target=\"_blank\"><strong>Nota Fiscal Jundiaiense tem boa repercuss\u00e3o na cidade<\/strong><\/a><br \/>\n<a href=\"https:\/\/jundiai.sp.gov.br\/noticias\/2015\/03\/23\/nota-fiscal-jundiaiense-chega-em-abril-e-premia-consumidores\/\" target=\"_blank\"><strong>\u2018Nota Fiscal Jundiaiense\u2019 chega em abril e premia consumidores<\/strong><\/a><\/p>\n<div id=\"attachment_136514\" style=\"width: 730px\" class=\"wp-caption aligncenter\"><a href=\"https:\/\/jundiai.sp.gov.br\/noticias\/wp-content\/uploads\/sites\/32\/2015\/04\/Nota_Fiscal_Jundiaiense_c_37_G.jpg\"><img loading=\"lazy\" decoding=\"async\" aria-describedby=\"caption-attachment-136514\" src=\"https:\/\/jundiai.sp.gov.br\/noticias\/wp-content\/uploads\/sites\/32\/2015\/04\/Nota_Fiscal_Jundiaiense_c_37_G-720x500.jpg\" alt=\"Evento foi realizado no audit\u00f3rio do Ciesp\" width=\"720\" height=\"500\" class=\"size-large wp-image-136514\" srcset=\"https:\/\/jundiai.sp.gov.br\/noticias\/wp-content\/uploads\/sites\/32\/2015\/04\/Nota_Fiscal_Jundiaiense_c_37_G-720x500.jpg 720w, https:\/\/jundiai.sp.gov.br\/noticias\/wp-content\/uploads\/sites\/32\/2015\/04\/Nota_Fiscal_Jundiaiense_c_37_G-300x208.jpg 300w, https:\/\/jundiai.sp.gov.br\/noticias\/wp-content\/uploads\/sites\/32\/2015\/04\/Nota_Fiscal_Jundiaiense_c_37_G.jpg 1240w\" sizes=\"auto, (max-width: 720px) 100vw, 720px\" \/><\/a><p id=\"caption-attachment-136514\" class=\"wp-caption-text\">Evento foi realizado no audit\u00f3rio do Ciesp<\/p><\/div>\n<p>Para refor\u00e7ar as iniciativas do atual governo em aumentar o limite de investimentos destinados \u00e0 popula\u00e7\u00e3o, Pedro Bigardi lembrou que desde 2013 j\u00e1 foram arrecadados pelo munic\u00edpio R$ 500 milh\u00f5es em recursos de programas estaduais e federais. As verbas foram destinadas principalmente para \u00e1reas como habita\u00e7\u00e3o e infraestrutura. &#8220;Tenho certeza de que esse passo servir\u00e1 de exemplo para cidades de todo Brasil, visto o car\u00e1ter in\u00e9dito do programa&#8221;, refor\u00e7ou Pedro Bigardi.<\/p>\n<p><iframe loading=\"lazy\" class=\"alignleft\" width=\"420\" height=\"315\" src=\"https:\/\/www.youtube.com\/embed\/oKclj4-7fno\" frameborder=\"0\" allowfullscreen><\/iframe><strong>J\u00e1 o secret\u00e1rio de Finan\u00e7as, Pedro Galindo, citou Drummond e da Vinci para ilustrar a relev\u00e2ncia da criatividade no ambiente p\u00fablico, muitas vezes norteado por excessivas amarras legais que o balizam e, por conseguinte, diminuem a margem para inova\u00e7\u00f5es.<\/strong> \u201cMesmo dentro desse ambiente herm\u00e9tico, formatamos o programa e o aprimoramos em rela\u00e7\u00e3o \u00e0 Nota Fiscal Paulista. Essa medida nos tira de uma zona de conforto, porque ousa pensar Jundia\u00ed a longo prazo\u201d, descreveu, lembrando que a cidade \u00e9 um n\u00edtido polo de presta\u00e7\u00e3o de servi\u00e7os.<\/p>\n<p>O presidente da C\u00e2mara Municipal, Marcelo Gastaldo, lembrou-se de quando o texto da Nota Fiscal Jundiaiense tramitou no Legislativo. \u201cO consumidor poder\u00e1, se quiser, destinar parte do dinheiro recebido para institui\u00e7\u00f5es sociais da cidade.\u201d Gastaldo tamb\u00e9m enalteceu o ineditismo da iniciativa e afirmou que \u201cela ficar\u00e1 marcada na hist\u00f3ria da cidade\u201d.<\/p>\n<p><div id=\"attachment_136515\" style=\"width: 340px\" class=\"wp-caption alignleft\"><a href=\"https:\/\/jundiai.sp.gov.br\/noticias\/wp-content\/uploads\/sites\/32\/2015\/04\/Nota_Fiscal_Jundiaiense_c_45_G.jpg\"><img loading=\"lazy\" decoding=\"async\" aria-describedby=\"caption-attachment-136515\" src=\"https:\/\/jundiai.sp.gov.br\/noticias\/wp-content\/uploads\/sites\/32\/2015\/04\/Nota_Fiscal_Jundiaiense_c_45_G-720x750.jpg\" alt=\"Prefeito Pedro Bigardi testou os equipamentos no fim do lan\u00e7amento \" width=\"330\" height=\"370\" class=\"size-large wp-image-136515\" \/><\/a><p id=\"caption-attachment-136515\" class=\"wp-caption-text\">Prefeito Pedro Bigardi testou os equipamentos no fim do lan\u00e7amento<br \/><\/p><\/div><strong>Saiu do papel<\/strong><br \/>\n<strong>Jos\u00e9 Carlos da Costa Amaro, diretor do Departamento de Fiscaliza\u00e7\u00e3o de Tributos (ligado \u00e0 Secretaria de Finan\u00e7as) fez a apresenta\u00e7\u00e3o do programa e recordou que o projeto estava engavetado h\u00e1 mais de dez anos antes de ser colocado em pr\u00e1tica pela atual administra\u00e7\u00e3o municipal em 2014.<\/strong><\/p>\n<p>As m\u00e1quinas emissoras do cupom fiscal come\u00e7am a ser distribu\u00eddas a partir da pr\u00f3xima semana. No primeiro est\u00e1gio, ser\u00e3o 200 estabelecimentos prestadores de servi\u00e7o que receber\u00e3o os equipamentos da Prefeitura sem custo algum. Por\u00e9m, todo prestador de servi\u00e7o independentemente da m\u00e1quina, pode e deve emitir a nota pela internet quando o consumidor assim desejar, via <a href=\"https:\/\/jundiai.ginfes.com.br\/\" target=\"_blank\">site da Nota Fiscal Eletr\u00f4nica<\/a>.<\/p>\n<p>Participaram da solenidade os secret\u00e1rios de Desenvolvimento Econ\u00f4mico, Ci\u00eancia e Tecnologia, Marcelo Cereser; de Educa\u00e7\u00e3o, Jos\u00e9 Renato Polli; de Sa\u00fade, Lu\u00eds Carlos Casarin; de Rela\u00e7\u00f5es Institucionais, Lir\u00e1ucio Tarini; e de Assist\u00eancia e Desenvolvimento Social, Rita de C\u00e1ssia Marchiore. Tamb\u00e9m participaram o diretor-presidente da Escola de Governo, Marcelo Lo Monaco; o coordenador do Procon, Adilton Garcia; e o vereador Gerson Sartori, l\u00edder do governo na C\u00e2mara Municipal.<\/p>\n<p><em><strong>Thiago Secco<br \/>\nFotos: Cleber de Almeida <\/strong><\/em><\/p>\n","protected":false},"excerpt":{"rendered":"<p>Consumidores j\u00e1 podem cadastrar o CPF e come\u00e7ar a acumular cr\u00e9ditos nas compras de servi\u00e7o em Jundia\u00ed   <\/p>\n","protected":false},"author":5,"featured_media":136523,"comment_status":"closed","ping_status":"closed","sticky":false,"template":"","format":"standard","meta":{"footnotes":""},"categories":[2],"tags":[345,589],"ods":[],"class_list":["post-136501","post","type-post","status-publish","format-standard","has-post-thumbnail","hentry","category-noticias","tag-financas","tag-nota-fiscal-jundiaiense"],"_links":{"self":[{"href":"https:\/\/jundiai.sp.gov.br\/noticias\/wp-json\/wp\/v2\/posts\/136501","targetHints":{"allow":["GET"]}}],"collection":[{"href":"https:\/\/jundiai.sp.gov.br\/noticias\/wp-json\/wp\/v2\/posts"}],"about":[{"href":"https:\/\/jundiai.sp.gov.br\/noticias\/wp-json\/wp\/v2\/types\/post"}],"author":[{"embeddable":true,"href":"https:\/\/jundiai.sp.gov.br\/noticias\/wp-json\/wp\/v2\/users\/5"}],"replies":[{"embeddable":true,"href":"https:\/\/jundiai.sp.gov.br\/noticias\/wp-json\/wp\/v2\/comments?post=136501"}],"version-history":[{"count":6,"href":"https:\/\/jundiai.sp.gov.br\/noticias\/wp-json\/wp\/v2\/posts\/136501\/revisions"}],"predecessor-version":[{"id":219181,"href":"https:\/\/jundiai.sp.gov.br\/noticias\/wp-json\/wp\/v2\/posts\/136501\/revisions\/219181"}],"wp:featuredmedia":[{"embeddable":true,"href":"https:\/\/jundiai.sp.gov.br\/noticias\/wp-json\/wp\/v2\/media\/136523"}],"wp:attachment":[{"href":"https:\/\/jundiai.sp.gov.br\/noticias\/wp-json\/wp\/v2\/media?parent=136501"}],"wp:term":[{"taxonomy":"category","embeddable":true,"href":"https:\/\/jundiai.sp.gov.br\/noticias\/wp-json\/wp\/v2\/categories?post=136501"},{"taxonomy":"post_tag","embeddable":true,"href":"https:\/\/jundiai.sp.gov.br\/noticias\/wp-json\/wp\/v2\/tags?post=136501"},{"taxonomy":"ods","embeddable":true,"href":"https:\/\/jundiai.sp.gov.br\/noticias\/wp-json\/wp\/v2\/ods?post=136501"}],"curies":[{"name":"wp","href":"https:\/\/api.w.org\/{rel}","templated":true}]}}