{"id":136676,"date":"2015-04-30T18:33:15","date_gmt":"2015-04-30T21:33:15","guid":{"rendered":"https:\/\/jundiai.sp.gov.br\/noticias\/?p=136676"},"modified":"2017-11-21T11:00:55","modified_gmt":"2017-11-21T13:00:55","slug":"parceria-entre-cerest-bancarios-e-unicamp-inicia-nova-etapa","status":"publish","type":"post","link":"https:\/\/jundiai.sp.gov.br\/noticias\/2015\/04\/30\/parceria-entre-cerest-bancarios-e-unicamp-inicia-nova-etapa\/","title":{"rendered":"Parceria entre Cerest, Banc\u00e1rios e Unicamp inicia nova etapa"},"content":{"rendered":"<p><strong>A parceria entre o Centro de Refer\u00eancia em Sa\u00fade do Trabalhador (Cerest), o <a href=\"http:\/\/www.bancariosjundiai.com.br\/\" target=\"_blank\">Sindicato dos Banc\u00e1rios de Jundia\u00ed e Regi\u00e3o<\/a> e a <a href=\"http:\/\/www.unicamp.br\/unicamp\/\" target=\"_blank\">Universidade Estadual de Campinas (Unicamp)<\/a> para avaliar a sa\u00fade dos banc\u00e1rios de Jundia\u00ed come\u00e7a nova etapa. Configurada por a\u00e7\u00f5es tamb\u00e9m conjuntas, a iniciativa tem como objetivo a busca da preven\u00e7\u00e3o do adoecimento dos trabalhadores.<\/strong><\/p>\n<p>O resultado da pesquisa realizada com pelo menos 240 banc\u00e1rios, no final do ano passado, aponta para a necessidade das novas a\u00e7\u00f5es. O material foi entregue ao Cerest nesta quinta-feira (30), pela universidade. De acordo com o professor assistente, S\u00e9rgio de Lucca, que coordenou a pesquisa, o resultado n\u00e3o pode ser divulgado ainda, uma vez que deve aguardar primeiro a publica\u00e7\u00e3o em revistas ou livros cient\u00edficos.<\/p>\n<div id=\"attachment_136677\" style=\"width: 730px\" class=\"wp-caption aligncenter\"><a href=\"https:\/\/jundiai.sp.gov.br\/noticias\/wp-content\/uploads\/sites\/32\/2015\/04\/reuniao_pesquisa_unicamp_G.jpg\"><img loading=\"lazy\" decoding=\"async\" aria-describedby=\"caption-attachment-136677\" src=\"https:\/\/jundiai.sp.gov.br\/noticias\/wp-content\/uploads\/sites\/32\/2015\/04\/reuniao_pesquisa_unicamp_G-720x448.jpg\" alt=\"Reuni\u00e3o foi realizada na sede do Cerest\" width=\"720\" height=\"448\" class=\"size-large wp-image-136677\" srcset=\"https:\/\/jundiai.sp.gov.br\/noticias\/wp-content\/uploads\/sites\/32\/2015\/04\/reuniao_pesquisa_unicamp_G-720x448.jpg 720w, https:\/\/jundiai.sp.gov.br\/noticias\/wp-content\/uploads\/sites\/32\/2015\/04\/reuniao_pesquisa_unicamp_G-300x186.jpg 300w, https:\/\/jundiai.sp.gov.br\/noticias\/wp-content\/uploads\/sites\/32\/2015\/04\/reuniao_pesquisa_unicamp_G.jpg 1240w\" sizes=\"auto, (max-width: 720px) 100vw, 720px\" \/><\/a><p id=\"caption-attachment-136677\" class=\"wp-caption-text\">Reuni\u00e3o foi realizada na sede do Cerest<\/p><\/div>\n<p>\u201cEsses resultados podem ser discutidos e trabalhados nos f\u00f3runs espec\u00edficos dos banc\u00e1rios, ou at\u00e9 mesmo pelos t\u00e9cnicos do Cerest. Mas, antes da publica\u00e7\u00e3o desses dados em revista cient\u00edfica, n\u00e3o podemos torn\u00e1-los p\u00fablico\u201d, disse o professor, que tamb\u00e9m \u00e9 m\u00e9dico do trabalho.<\/p>\n<p><strong>Para o gerente do Cerest, Jesus dos Santos, a conclus\u00e3o desta primeira etapa traz satisfa\u00e7\u00e3o e, ao mesmo tempo, o impulso para afastar do meio ambiente de trabalho dos banc\u00e1rios os fatores que os levam aos transtornos mentais. <\/strong>\u201cEstamos satisfeitos com a conclus\u00e3o dessa primeira etapa de trabalho nesse projeto denominado \u2018Extrato da Sa\u00fade dos Banc\u00e1rios\u2019, iniciado h\u00e1 mais de um ano pelo Cerest. E, por certo, nos sentimos impulsionados para novas a\u00e7\u00f5es, em busca da boa sa\u00fade dos banc\u00e1rios.\u201d<\/p>\n<p>Douglas Yamagata, presidente do Sindicato dos Banc\u00e1rios de Jundia\u00ed e Regi\u00e3o, tamb\u00e9m segue nessa mesma linha do Cerest e afirma que o resultado n\u00e3o o surpreende. \u201cNa realidade, j\u00e1 esper\u00e1vamos estes resultados que estamos vendo aqui. Eles n\u00e3o nos surpreendem, mas posso afirmar que isso, agora de forma oficializada, nos anima ainda mais a continuarmos em busca do combate aos fatores que levam nossos colegas ao adoecimento\u201d, revelou.<\/p>\n<p><strong>Convidados<\/strong><br \/>\nRepresentando a Confedera\u00e7\u00e3o Nacional dos Trabalhadores do Ramo Financeiro (Contraf), com sede em S\u00e3o Paulo, esteve presente o diretor Walcir Previtale.<\/p>\n<p>Pela Federa\u00e7\u00e3o dos Trabalhadores em Empresas de Cr\u00e9dito (Fetec), tamb\u00e9m com sede em S\u00e3o Paulo, compareceram os diretores Adma Gomes e Darci Torres Medina (Lob\u00e3o).<\/p>\n<p><em><strong>Assessoria de Imprensa<br \/>\nFoto: Divulga\u00e7\u00e3o <\/strong><\/em><\/p>\n","protected":false},"excerpt":{"rendered":"<p>A parceria entre o Centro de Refer\u00eancia em Sa\u00fade do Trabalhador (Cerest), o Sindicato dos Banc\u00e1rios de Jundia\u00ed e Regi\u00e3o e a Universidade Estadual de Campinas (Unicamp) para avaliar a sa\u00fade dos banc\u00e1rios de Jundia\u00ed come\u00e7a nova etapa. Configurada por a\u00e7\u00f5es tamb\u00e9m conjuntas, a iniciativa tem como objetivo a busca da preven\u00e7\u00e3o do adoecimento dos [&hellip;]<\/p>\n","protected":false},"author":5,"featured_media":0,"comment_status":"closed","ping_status":"closed","sticky":false,"template":"","format":"standard","meta":{"footnotes":""},"categories":[2],"tags":[262],"ods":[],"class_list":["post-136676","post","type-post","status-publish","format-standard","hentry","category-noticias","tag-cerest"],"_links":{"self":[{"href":"https:\/\/jundiai.sp.gov.br\/noticias\/wp-json\/wp\/v2\/posts\/136676","targetHints":{"allow":["GET"]}}],"collection":[{"href":"https:\/\/jundiai.sp.gov.br\/noticias\/wp-json\/wp\/v2\/posts"}],"about":[{"href":"https:\/\/jundiai.sp.gov.br\/noticias\/wp-json\/wp\/v2\/types\/post"}],"author":[{"embeddable":true,"href":"https:\/\/jundiai.sp.gov.br\/noticias\/wp-json\/wp\/v2\/users\/5"}],"replies":[{"embeddable":true,"href":"https:\/\/jundiai.sp.gov.br\/noticias\/wp-json\/wp\/v2\/comments?post=136676"}],"version-history":[{"count":4,"href":"https:\/\/jundiai.sp.gov.br\/noticias\/wp-json\/wp\/v2\/posts\/136676\/revisions"}],"predecessor-version":[{"id":209242,"href":"https:\/\/jundiai.sp.gov.br\/noticias\/wp-json\/wp\/v2\/posts\/136676\/revisions\/209242"}],"wp:attachment":[{"href":"https:\/\/jundiai.sp.gov.br\/noticias\/wp-json\/wp\/v2\/media?parent=136676"}],"wp:term":[{"taxonomy":"category","embeddable":true,"href":"https:\/\/jundiai.sp.gov.br\/noticias\/wp-json\/wp\/v2\/categories?post=136676"},{"taxonomy":"post_tag","embeddable":true,"href":"https:\/\/jundiai.sp.gov.br\/noticias\/wp-json\/wp\/v2\/tags?post=136676"},{"taxonomy":"ods","embeddable":true,"href":"https:\/\/jundiai.sp.gov.br\/noticias\/wp-json\/wp\/v2\/ods?post=136676"}],"curies":[{"name":"wp","href":"https:\/\/api.w.org\/{rel}","templated":true}]}}