{"id":136689,"date":"2015-04-30T18:45:13","date_gmt":"2015-04-30T21:45:13","guid":{"rendered":"https:\/\/jundiai.sp.gov.br\/noticias\/?p=136689"},"modified":"2016-11-04T11:31:04","modified_gmt":"2016-11-04T13:31:04","slug":"grupo-gestor-define-1o-forum-do-plano-diretor-participativo","status":"publish","type":"post","link":"https:\/\/jundiai.sp.gov.br\/noticias\/2015\/04\/30\/grupo-gestor-define-1o-forum-do-plano-diretor-participativo\/","title":{"rendered":"Grupo Gestor define 1\u00ba F\u00f3rum do Plano Diretor Participativo"},"content":{"rendered":"<p><a href=\"https:\/\/jundiai.sp.gov.br\/noticias\/wp-content\/uploads\/sites\/32\/2015\/04\/plano_diretor_no_unianchieta_G.jpg\"><img loading=\"lazy\" decoding=\"async\" src=\"https:\/\/jundiai.sp.gov.br\/noticias\/wp-content\/uploads\/sites\/32\/2015\/04\/plano_diretor_no_unianchieta_G-696x960.jpg\" alt=\"plano_diretor_no_unianchieta_G\" width=\"330\" height=\"3700\" class=\"alignleft size-large wp-image-136691\" \/><\/a><strong>O 1\u00ba F\u00f3rum do Plano Diretor Participativo, aberto a todos os moradores de Jundia\u00ed, est\u00e1 confirmado para o dia 30 de maio (s\u00e1bado), no campus do Centro Universit\u00e1rio Anchieta. A iniciativa foi aprovada pelo Grupo Gestor, formado por 24 representantes da sociedade civil e 16 representantes do poder p\u00fablico municipal, em reuni\u00e3o realizada na noite dessa quinta-feira (29).<\/strong><\/p>\n<p>\u201cTivemos uma <strong><a href=\"http:\/\/planodiretor.jundiai.sp.gov.br\/resultados-dos-questionarios\/\" target=\"_blank\">leitura comunit\u00e1ria dos desafios da cidade<\/a><\/strong>, com mais de 1 mil participantes nos question\u00e1rios e reuni\u00f5es nos bairros, al\u00e9m de um intenso trabalho t\u00e9cnico de todos os setores da administra\u00e7\u00e3o. O resultado \u00e9 um <strong>diagn\u00f3stico que ser\u00e1 mostrado no f\u00f3rum para que as pessoas entendam e possam colocar as propostas para evitar um crescimento desordenado<\/strong>\u201d, afirma a secret\u00e1ria de Planejamento e Meio Ambiente, Daniela da Camara Sutti.<\/p>\n<p>Com o tema<strong> Jundia\u00ed Que Temos<\/strong>, o evento n\u00e3o exige conhecimento t\u00e9cnico da legisla\u00e7\u00e3o, mas apenas a <strong>viv\u00eancia da cidade que moradores j\u00e1 mostraram que possuem<\/strong>. Vai ser desenvolvido com a <strong>apresenta\u00e7\u00e3o do diagn\u00f3stico na parte da manh\u00e3, a partir das 9h, com apoio do especialista Kazuo Nakano<\/strong>, que atuou no plano de S\u00e3o Paulo e tamb\u00e9m para o <strong><a href=\"http:\/\/www.cidades.gov.br\/\" target=\"_blank\">Minist\u00e9rio das Cidades<\/a><\/strong>. No per\u00edodo da tarde, depois de intervalo, ser\u00e1 realizado a <strong>partir das 14h um trabalho em grupos para os interessados<\/strong>.<\/p>\n<p>Esse trabalho vai ser importante para o encaminhamento do 2\u00ba F\u00f3rum, provavelmente em junho, com o tema <strong>Jundia\u00ed Que Queremos<\/strong> com a indica\u00e7\u00e3o de <strong>propostas deliberativas para uma legisla\u00e7\u00e3o revista sobre o crescimento da cidade.<\/p>\n<p>As inscri\u00e7\u00f5es para o 1\u00ba F\u00f3rum do Plano Diretor Participativo ser\u00e3o abertas em maio.<\/strong><\/p>\n<p><strong><em>Jos\u00e9 Arnaldo de Oliveira<\/em><\/strong><\/p>\n","protected":false},"excerpt":{"rendered":"<p>O 1\u00ba F\u00f3rum do Plano Diretor Participativo, aberto a todos os moradores de Jundia\u00ed, est\u00e1 confirmado para o dia 30 de maio (s\u00e1bado), no campus do Centro Universit\u00e1rio Anchieta. A iniciativa foi aprovada pelo Grupo Gestor, formado por 24 representantes da sociedade civil e 16 representantes do poder p\u00fablico municipal, em reuni\u00e3o realizada na noite [&hellip;]<\/p>\n","protected":false},"author":14,"featured_media":0,"comment_status":"closed","ping_status":"closed","sticky":false,"template":"","format":"standard","meta":{"footnotes":""},"categories":[2],"tags":[32,559],"ods":[],"class_list":["post-136689","post","type-post","status-publish","format-standard","hentry","category-noticias","tag-planejamento-e-meio-ambiente","tag-plano-diretor-participativo"],"_links":{"self":[{"href":"https:\/\/jundiai.sp.gov.br\/noticias\/wp-json\/wp\/v2\/posts\/136689","targetHints":{"allow":["GET"]}}],"collection":[{"href":"https:\/\/jundiai.sp.gov.br\/noticias\/wp-json\/wp\/v2\/posts"}],"about":[{"href":"https:\/\/jundiai.sp.gov.br\/noticias\/wp-json\/wp\/v2\/types\/post"}],"author":[{"embeddable":true,"href":"https:\/\/jundiai.sp.gov.br\/noticias\/wp-json\/wp\/v2\/users\/14"}],"replies":[{"embeddable":true,"href":"https:\/\/jundiai.sp.gov.br\/noticias\/wp-json\/wp\/v2\/comments?post=136689"}],"version-history":[{"count":2,"href":"https:\/\/jundiai.sp.gov.br\/noticias\/wp-json\/wp\/v2\/posts\/136689\/revisions"}],"predecessor-version":[{"id":136692,"href":"https:\/\/jundiai.sp.gov.br\/noticias\/wp-json\/wp\/v2\/posts\/136689\/revisions\/136692"}],"wp:attachment":[{"href":"https:\/\/jundiai.sp.gov.br\/noticias\/wp-json\/wp\/v2\/media?parent=136689"}],"wp:term":[{"taxonomy":"category","embeddable":true,"href":"https:\/\/jundiai.sp.gov.br\/noticias\/wp-json\/wp\/v2\/categories?post=136689"},{"taxonomy":"post_tag","embeddable":true,"href":"https:\/\/jundiai.sp.gov.br\/noticias\/wp-json\/wp\/v2\/tags?post=136689"},{"taxonomy":"ods","embeddable":true,"href":"https:\/\/jundiai.sp.gov.br\/noticias\/wp-json\/wp\/v2\/ods?post=136689"}],"curies":[{"name":"wp","href":"https:\/\/api.w.org\/{rel}","templated":true}]}}