{"id":137218,"date":"2015-05-06T15:56:13","date_gmt":"2015-05-06T18:56:13","guid":{"rendered":"https:\/\/jundiai.sp.gov.br\/noticias\/?p=137218"},"modified":"2016-11-04T11:31:39","modified_gmt":"2016-11-04T13:31:39","slug":"prefeitura-camara-e-iniciativa-privada-tratam-area-de-lazer-para-o-jardim-tamoio","status":"publish","type":"post","link":"https:\/\/jundiai.sp.gov.br\/noticias\/2015\/05\/06\/prefeitura-camara-e-iniciativa-privada-tratam-area-de-lazer-para-o-jardim-tamoio\/","title":{"rendered":"Prefeitura, C\u00e2mara e iniciativa privada tratam de \u00e1rea no Tamoio"},"content":{"rendered":"<p><strong>O chefe de Gabinete da Prefeitura de Jundia\u00ed, Alan Piccolo, recebeu o vereador M\u00e1rcio Pentecostes de Souza e representantes da construtora F.A Oliva nesta quarta-feira (6). \u201cEstamos discutindo a contrapartida que a empresa realizar\u00e1 no Jardim Tamoio, ainda este ano. O projeto est\u00e1 sendo desenvolvido em conjunto com a comunidade e F.A Oliva\u201d, explicou Piccolo.<\/strong><\/p>\n<p><strong>Os moradores daquela regi\u00e3o ser\u00e3o contemplados com uma \u00e1rea de lazer para atender toda a fam\u00edlia, com academia ao ar livre, playground para as crian\u00e7as, quadra esportiva e jardinagem.<\/strong><\/p>\n<p><strong>LEIA TAMB\u00c9M<br \/>\n<a href=\"https:\/\/jundiai.sp.gov.br\/noticias\/2015\/05\/06\/segunda-edicao-da-roda-de-causos-sera-realizada-no-jardim-tamoio\/\" target=\"_blank\">Segunda edi\u00e7\u00e3o da \u2018Roda de Causos\u2019 ser\u00e1 realizada no Jardim Tamoio<\/a><\/strong><\/p>\n<div id=\"attachment_137219\" style=\"width: 730px\" class=\"wp-caption aligncenter\"><a href=\"https:\/\/jundiai.sp.gov.br\/noticias\/wp-content\/uploads\/sites\/32\/2015\/05\/parceria_FA_oliva_D14g.jpg\"><img loading=\"lazy\" decoding=\"async\" aria-describedby=\"caption-attachment-137219\" class=\"size-large wp-image-137219\" src=\"https:\/\/jundiai.sp.gov.br\/noticias\/wp-content\/uploads\/sites\/32\/2015\/05\/parceria_FA_oliva_D14g-720x480.jpg\" alt=\"Reuni\u00e3o discute nova \u00e1rea de lazer para o Jardim Tamoio\" width=\"720\" height=\"480\" srcset=\"https:\/\/jundiai.sp.gov.br\/noticias\/wp-content\/uploads\/sites\/32\/2015\/05\/parceria_FA_oliva_D14g-720x480.jpg 720w, https:\/\/jundiai.sp.gov.br\/noticias\/wp-content\/uploads\/sites\/32\/2015\/05\/parceria_FA_oliva_D14g-300x200.jpg 300w, https:\/\/jundiai.sp.gov.br\/noticias\/wp-content\/uploads\/sites\/32\/2015\/05\/parceria_FA_oliva_D14g.jpg 1240w\" sizes=\"auto, (max-width: 720px) 100vw, 720px\" \/><\/a><p id=\"caption-attachment-137219\" class=\"wp-caption-text\">Reuni\u00e3o discute nova \u00e1rea de lazer para o Jardim Tamoio<\/p><\/div>\n<p><strong><a href=\"https:\/\/jundiai.sp.gov.br\/noticias\/2015\/04\/30\/pedro-bigardi-anuncia-area-de-lazer-no-jardim-tamoio\/\" target=\"_blank\">O an\u00fancio da obra foi feito pelo prefeito Pedro Bigardi em abril, durante a realiza\u00e7\u00e3o do programa Prefeitura em A\u00e7\u00e3o na Regi\u00e3o Leste<\/a><\/strong>. A \u00e1rea de lazer ser\u00e1 constru\u00edda na rua da Mina, no N\u00facleo Balsan.<\/p>\n<p>\u201cEssa \u00e9 uma <strong>demanda antiga dos moradores. Queremos levar mais lazer e qualidade para a regi\u00e3o<\/strong>\u201d, pontuou o vereador M\u00e1rcio Pentecostes, ao lado dos representantes da construtora, Sandra Bernardi e Murillo Castilho.<\/p>\n<p><strong>Mais lazer<\/strong><br \/>\nNa Vila Cidadania, os <strong>moradores j\u00e1 podem usufruir de um <a href=\"https:\/\/jundiai.sp.gov.br\/noticias\/2015\/03\/06\/nova-praca-na-vila-cidadania-e-o-33o-espaco-com-intervencao-da-prefeitura\/\" target=\"_blank\">espa\u00e7o com muito verde e academia ao ar livre. A Prefeitura revitalizou o local que era utilizado como descarte irregular de entulho<\/a>. A pr\u00f3xima etapa ser\u00e1 a constru\u00e7\u00e3o de uma \u00e1rea com playground e revitalizar a quadra do bairro<\/strong>.<\/p>\n<p><strong>\u00c1reas de lazer tamb\u00e9m foram entregues no <a href=\"https:\/\/jundiai.sp.gov.br\/noticias\/2015\/04\/30\/sao-camilo-e-taruma-ganham-areas-de-lazer-revitalizadas\/\" target=\"_blank\">Jardim S\u00e3o Camilo e Jardim Tarum\u00e3<\/a> e a <a href=\"https:\/\/jundiai.sp.gov.br\/noticias\/2015\/03\/11\/praca-da-vila-aparecida-sera-reformada-e-tera-academia-ao-ar-livre\/\" target=\"_blank\">pra\u00e7a Leonardo Timpone, na Vila Aparecida receber\u00e1 obras de revitaliza\u00e7\u00e3o<\/a>. Ser\u00e1 instalada nova ilumina\u00e7\u00e3o, bancos e mesas, academia ao ar livre, paisagismo e troca de piso<\/strong>.<\/p>\n<div id=\"attachment_137220\" style=\"width: 730px\" class=\"wp-caption aligncenter\"><a href=\"https:\/\/jundiai.sp.gov.br\/noticias\/wp-content\/uploads\/sites\/32\/2015\/05\/Vila_Cidadania_A_46G.jpg\"><img loading=\"lazy\" decoding=\"async\" aria-describedby=\"caption-attachment-137220\" class=\"size-large wp-image-137220\" src=\"https:\/\/jundiai.sp.gov.br\/noticias\/wp-content\/uploads\/sites\/32\/2015\/05\/Vila_Cidadania_A_46G-720x486.jpg\" alt=\"Bigardi e moradora: Prefeitura em A\u00e7\u00e3o\" width=\"720\" height=\"486\" srcset=\"https:\/\/jundiai.sp.gov.br\/noticias\/wp-content\/uploads\/sites\/32\/2015\/05\/Vila_Cidadania_A_46G-720x486.jpg 720w, https:\/\/jundiai.sp.gov.br\/noticias\/wp-content\/uploads\/sites\/32\/2015\/05\/Vila_Cidadania_A_46G-300x202.jpg 300w, https:\/\/jundiai.sp.gov.br\/noticias\/wp-content\/uploads\/sites\/32\/2015\/05\/Vila_Cidadania_A_46G.jpg 1240w\" sizes=\"auto, (max-width: 720px) 100vw, 720px\" \/><\/a><p id=\"caption-attachment-137220\" class=\"wp-caption-text\">Bigardi e moradora: Prefeitura em A\u00e7\u00e3o<\/p><\/div>\n<p><strong><em>Luiza Ronchi<br \/>\nFotos: Dorival Pinheiro Filho e Fot\u00f3grafos PMJ<\/em><\/strong><\/p>\n","protected":false},"excerpt":{"rendered":"<p>O chefe de Gabinete da Prefeitura de Jundia\u00ed, Alan Piccolo, recebeu o vereador M\u00e1rcio Pentecostes de Souza e representantes da construtora F.A Oliva nesta quarta-feira (6). \u201cEstamos discutindo a contrapartida que a empresa realizar\u00e1 no Jardim Tamoio, ainda este ano. O projeto est\u00e1 sendo desenvolvido em conjunto com a comunidade e F.A Oliva\u201d, explicou Piccolo. [&hellip;]<\/p>\n","protected":false},"author":14,"featured_media":0,"comment_status":"closed","ping_status":"closed","sticky":false,"template":"","format":"standard","meta":{"footnotes":""},"categories":[2],"tags":[403,341],"ods":[],"class_list":["post-137218","post","type-post","status-publish","format-standard","hentry","category-noticias","tag-revitalizacao","tag-servicos-publicos"],"_links":{"self":[{"href":"https:\/\/jundiai.sp.gov.br\/noticias\/wp-json\/wp\/v2\/posts\/137218","targetHints":{"allow":["GET"]}}],"collection":[{"href":"https:\/\/jundiai.sp.gov.br\/noticias\/wp-json\/wp\/v2\/posts"}],"about":[{"href":"https:\/\/jundiai.sp.gov.br\/noticias\/wp-json\/wp\/v2\/types\/post"}],"author":[{"embeddable":true,"href":"https:\/\/jundiai.sp.gov.br\/noticias\/wp-json\/wp\/v2\/users\/14"}],"replies":[{"embeddable":true,"href":"https:\/\/jundiai.sp.gov.br\/noticias\/wp-json\/wp\/v2\/comments?post=137218"}],"version-history":[{"count":6,"href":"https:\/\/jundiai.sp.gov.br\/noticias\/wp-json\/wp\/v2\/posts\/137218\/revisions"}],"predecessor-version":[{"id":166075,"href":"https:\/\/jundiai.sp.gov.br\/noticias\/wp-json\/wp\/v2\/posts\/137218\/revisions\/166075"}],"wp:attachment":[{"href":"https:\/\/jundiai.sp.gov.br\/noticias\/wp-json\/wp\/v2\/media?parent=137218"}],"wp:term":[{"taxonomy":"category","embeddable":true,"href":"https:\/\/jundiai.sp.gov.br\/noticias\/wp-json\/wp\/v2\/categories?post=137218"},{"taxonomy":"post_tag","embeddable":true,"href":"https:\/\/jundiai.sp.gov.br\/noticias\/wp-json\/wp\/v2\/tags?post=137218"},{"taxonomy":"ods","embeddable":true,"href":"https:\/\/jundiai.sp.gov.br\/noticias\/wp-json\/wp\/v2\/ods?post=137218"}],"curies":[{"name":"wp","href":"https:\/\/api.w.org\/{rel}","templated":true}]}}