{"id":137267,"date":"2015-05-07T12:54:45","date_gmt":"2015-05-07T15:54:45","guid":{"rendered":"https:\/\/jundiai.sp.gov.br\/noticias\/?p=137267"},"modified":"2020-11-06T14:31:07","modified_gmt":"2020-11-06T17:31:07","slug":"1o-encontro-de-coletivos-culturais-ouve-os-jovens-neste-sabado-9","status":"publish","type":"post","link":"https:\/\/jundiai.sp.gov.br\/noticias\/2015\/05\/07\/1o-encontro-de-coletivos-culturais-ouve-os-jovens-neste-sabado-9\/","title":{"rendered":"1\u00ba Encontro de Coletivos Culturais ouve os jovens neste s\u00e1bado (9)"},"content":{"rendered":"<p><strong>O 1\u00ba Encontro de Coletivos Culturais de Jundia\u00ed ser\u00e1 realizado neste s\u00e1bado (9), \u00e0s 10h, na Sala dos Rel\u00f3gios do Complexo Fepasa. Promovido pela <a href=\"https:\/\/cultura.jundiai.sp.gov.br\/\" target=\"_blank\" rel=\"noopener noreferrer\">Secretaria de Cultura<\/a> em parceria com a Coordenadoria da Juventude, o evento \u00e9 aberto ao p\u00fablico e faz parte do Programa de Participa\u00e7\u00e3o Popular. O objetivo \u00e9 ouvir os coletivos e a comunidade para a constru\u00e7\u00e3o das pol\u00edticas p\u00fablicas municipais no \u00e2mbito da cultura.<\/strong><\/p>\n<p><strong>LEIA TAMB\u00c9M<br \/>\n<\/strong><a href=\"https:\/\/jundiai.sp.gov.br\/noticias\/2015\/05\/06\/coordenadoria-da-juventude-e-referencia-para-osasco\/\" target=\"_blank\" rel=\"noopener noreferrer\">Coordenadoria da Juventude \u00e9 refer\u00eancia para Osasco<\/a><br \/>\n<a href=\"https:\/\/jundiai.sp.gov.br\/noticias\/2015\/05\/06\/mostra-de-danca-promete-muita-emocao-no-polytheama\/\" target=\"_blank\" rel=\"noopener noreferrer\">Mostra de Dan\u00e7a promete muita emo\u00e7\u00e3o no Polytheama<\/a><\/p>\n<div id=\"attachment_137269\" style=\"width: 410px\" class=\"wp-caption alignleft\"><a href=\"https:\/\/jundiai.sp.gov.br\/noticias\/wp-content\/uploads\/sites\/32\/2015\/05\/encontro_coletivos_G.jpg\"><img loading=\"lazy\" decoding=\"async\" aria-describedby=\"caption-attachment-137269\" class=\"size-large wp-image-137269\" src=\"https:\/\/jundiai.sp.gov.br\/noticias\/wp-content\/uploads\/sites\/32\/2015\/05\/encontro_coletivos_G-720x508.jpg\" alt=\"evento \u00e9 aberto ao p\u00fablico e faz parte do Programa de Participa\u00e7\u00e3o Popular\" width=\"400\" height=\"350\" \/><\/a><p id=\"caption-attachment-137269\" class=\"wp-caption-text\">evento \u00e9 aberto ao p\u00fablico e faz parte do Programa de Participa\u00e7\u00e3o Popular<\/p><\/div>\n<p>\u201cQueremos apresentar a secretaria \u00e0 juventude e saber qual a <strong>opini\u00e3o deles sobre o que querem e esperam da cultura<\/strong>. Nossa meta \u00e9 <strong>criar a\u00e7\u00f5es conjuntas para fortalecer a a\u00e7\u00e3o de cada coletivo nos respectivos bairros<\/strong>\u201d, informa o diretor de Cultura, Jean Camoleze.<\/p>\n<p>O evento ser\u00e1 dividido em <strong>dois momentos<\/strong>. O primeiro com uma<strong> apresenta\u00e7\u00e3o do Programa de Participa\u00e7\u00e3o Popular da Diretoria de Cultura<\/strong> e o segundo com um<strong> di\u00e1logo para cria\u00e7\u00e3o de uma agenda de trabalho e as pr\u00f3ximas a\u00e7\u00f5es do encontro<\/strong>.<\/p>\n<p>\u201cN\u00e3o podemos tratar a cultura como mercadoria, pois ela tem a capacidade de <strong>transformar a sociedade e favorecer a emancipa\u00e7\u00e3o hist\u00f3rica e a livre circula\u00e7\u00e3o das ideias<\/strong>&#8220;, destaca Jean.<\/p>\n<p><strong><em>Assessoria de Imprensa<\/em><\/strong><\/p>\n","protected":false},"excerpt":{"rendered":"<p>O 1\u00ba Encontro de Coletivos Culturais de Jundia\u00ed ser\u00e1 realizado neste s\u00e1bado (9), \u00e0s 10h, na Sala dos Rel\u00f3gios do Complexo Fepasa. Promovido pela Secretaria de Cultura em parceria com a Coordenadoria da Juventude, o evento \u00e9 aberto ao p\u00fablico e faz parte do Programa de Participa\u00e7\u00e3o Popular. O objetivo \u00e9 ouvir os coletivos e [&hellip;]<\/p>\n","protected":false},"author":14,"featured_media":0,"comment_status":"closed","ping_status":"closed","sticky":false,"template":"","format":"standard","meta":{"footnotes":""},"categories":[2],"tags":[174,29,449],"ods":[],"class_list":["post-137267","post","type-post","status-publish","format-standard","hentry","category-noticias","tag-coordenadoria-da-juventude","tag-cultura","tag-espaco-expressa"],"_links":{"self":[{"href":"https:\/\/jundiai.sp.gov.br\/noticias\/wp-json\/wp\/v2\/posts\/137267","targetHints":{"allow":["GET"]}}],"collection":[{"href":"https:\/\/jundiai.sp.gov.br\/noticias\/wp-json\/wp\/v2\/posts"}],"about":[{"href":"https:\/\/jundiai.sp.gov.br\/noticias\/wp-json\/wp\/v2\/types\/post"}],"author":[{"embeddable":true,"href":"https:\/\/jundiai.sp.gov.br\/noticias\/wp-json\/wp\/v2\/users\/14"}],"replies":[{"embeddable":true,"href":"https:\/\/jundiai.sp.gov.br\/noticias\/wp-json\/wp\/v2\/comments?post=137267"}],"version-history":[{"count":4,"href":"https:\/\/jundiai.sp.gov.br\/noticias\/wp-json\/wp\/v2\/posts\/137267\/revisions"}],"predecessor-version":[{"id":258256,"href":"https:\/\/jundiai.sp.gov.br\/noticias\/wp-json\/wp\/v2\/posts\/137267\/revisions\/258256"}],"wp:attachment":[{"href":"https:\/\/jundiai.sp.gov.br\/noticias\/wp-json\/wp\/v2\/media?parent=137267"}],"wp:term":[{"taxonomy":"category","embeddable":true,"href":"https:\/\/jundiai.sp.gov.br\/noticias\/wp-json\/wp\/v2\/categories?post=137267"},{"taxonomy":"post_tag","embeddable":true,"href":"https:\/\/jundiai.sp.gov.br\/noticias\/wp-json\/wp\/v2\/tags?post=137267"},{"taxonomy":"ods","embeddable":true,"href":"https:\/\/jundiai.sp.gov.br\/noticias\/wp-json\/wp\/v2\/ods?post=137267"}],"curies":[{"name":"wp","href":"https:\/\/api.w.org\/{rel}","templated":true}]}}