{"id":137338,"date":"2015-05-07T15:22:29","date_gmt":"2015-05-07T18:22:29","guid":{"rendered":"https:\/\/jundiai.sp.gov.br\/noticias\/?p=137338"},"modified":"2016-11-04T11:32:06","modified_gmt":"2016-11-04T13:32:06","slug":"sexta-no-centro-esta-de-volta-com-big-chico-e-trio-em-transe-no-proximo-dia-15","status":"publish","type":"post","link":"https:\/\/jundiai.sp.gov.br\/noticias\/2015\/05\/07\/sexta-no-centro-esta-de-volta-com-big-chico-e-trio-em-transe-no-proximo-dia-15\/","title":{"rendered":"&#8216;Sexta no Centro&#8217; est\u00e1 de volta com Big Chico e Trio em Transe no dia 15"},"content":{"rendered":"<p><strong>O evento &#8220;Sexta no Centro &#8211; Cultura e Gastronomia para toda a fam\u00edlia&#8221; volta a agitar a regi\u00e3o central de Jundia\u00ed na pr\u00f3xima sexta (15), com repert\u00f3rio diversificado de atra\u00e7\u00f5es, incluindo shows de artistas locais, exposi\u00e7\u00e3o de artesanato e barracas com comidas t\u00edpicas da nossa regi\u00e3o.<\/strong><\/p>\n<p>As atra\u00e7\u00f5es da abertura ser\u00e3o Big Chico e Banda e, na sequ\u00eancia, Trio em Transe. \u201cA gente se sente em casa quando se apresenta em Jundia\u00ed, tocando para a fam\u00edlia e amigos. \u00c9 sempre muito especial. Prometemos um grande show, com novidades no repert\u00f3rio e na forma\u00e7\u00e3o, comemorando 20 anos de carreira. Teremos blues, black music e soul\u201d, afirma o cantor, gaitista e guitarrista Big Chico.<\/p>\n<p><strong>LEIA TAMB\u00c9M<br \/>\n<a href=\"https:\/\/jundiai.sp.gov.br\/noticias\/2015\/05\/07\/sarau-movimenta-novo-horizonte-nesta-sexta-feira-8\/\" target=\"_blank\">Sarau movimenta Novo Horizonte nesta sexta-feira (8)<\/a><br \/>\n<a href=\"https:\/\/jundiai.sp.gov.br\/noticias\/2015\/05\/06\/mostra-de-danca-promete-muita-emocao-no-polytheama\/\" target=\"_blank\">Mostra de Dan\u00e7a promete muita emo\u00e7\u00e3o no Polytheama<\/a><br \/>\n<a href=\"https:\/\/jundiai.sp.gov.br\/noticias\/2015\/05\/06\/galeria-sedia-workshop-gratuito-sobre-exposicao-do-artista-tchelo\/\" target=\"_blank\">Galeria sedia workshop gratuito sobre exposi\u00e7\u00e3o do artista Tchelo<\/a><br \/>\n<a href=\"https:\/\/jundiai.sp.gov.br\/noticias\/2015\/05\/07\/1o-encontro-de-coletivos-culturais-ouve-os-jovens-neste-sabado-9\/\" target=\"_blank\">1\u00ba Encontro de Coletivos Culturais ouve os jovens neste s\u00e1bado (9)<\/a><\/strong><\/p>\n<div id=\"attachment_137341\" style=\"width: 730px\" class=\"wp-caption aligncenter\"><a href=\"https:\/\/jundiai.sp.gov.br\/noticias\/wp-content\/uploads\/sites\/32\/2015\/05\/trio_tranze_g.jpg\"><img loading=\"lazy\" decoding=\"async\" aria-describedby=\"caption-attachment-137341\" class=\"size-large wp-image-137341\" src=\"https:\/\/jundiai.sp.gov.br\/noticias\/wp-content\/uploads\/sites\/32\/2015\/05\/trio_tranze_g-720x480.jpg\" alt=\"Trio em Transe vai animar a primeira edi\u00e7\u00e3o de 2015\" width=\"720\" height=\"480\" srcset=\"https:\/\/jundiai.sp.gov.br\/noticias\/wp-content\/uploads\/sites\/32\/2015\/05\/trio_tranze_g-720x480.jpg 720w, https:\/\/jundiai.sp.gov.br\/noticias\/wp-content\/uploads\/sites\/32\/2015\/05\/trio_tranze_g-300x200.jpg 300w, https:\/\/jundiai.sp.gov.br\/noticias\/wp-content\/uploads\/sites\/32\/2015\/05\/trio_tranze_g.jpg 1240w\" sizes=\"auto, (max-width: 720px) 100vw, 720px\" \/><\/a><p id=\"caption-attachment-137341\" class=\"wp-caption-text\">Trio em Transe vai animar a primeira edi\u00e7\u00e3o de 2015<\/p><\/div>\n<p>A outra atra\u00e7\u00e3o da abertura \u00e9 a <strong>banda Trio em Transe<\/strong>, com um repert\u00f3rio vasto de MPB, rock e reggae. \u201cParticipar de um evento como esse, <strong>valorizando a cultural local<\/strong>, \u00e9 sempre uma honra. Nossa expectativa \u00e9 que as pessoas dancem muito ao som da nossa banda\u201d, destaca o m\u00fasico Tom Nando (viol\u00e3o e vocal).<\/p>\n<div id=\"attachment_137346\" style=\"width: 340px\" class=\"wp-caption alignright\"><a href=\"https:\/\/jundiai.sp.gov.br\/noticias\/wp-content\/uploads\/sites\/32\/2015\/05\/big_chico_1G.jpg\"><img loading=\"lazy\" decoding=\"async\" aria-describedby=\"caption-attachment-137346\" class=\"size-large wp-image-137346\" src=\"https:\/\/jundiai.sp.gov.br\/noticias\/wp-content\/uploads\/sites\/32\/2015\/05\/big_chico_1G-706x960.jpg\" alt=\"Big Chico \u00e9 uma das atra\u00e7\u00f5es na sexta (15) na Sexta no Centro \" width=\"330\" height=\"370\" \/><\/a><p id=\"caption-attachment-137346\" class=\"wp-caption-text\">Big Chico \u00e9 uma das atra\u00e7\u00f5es na sexta (15) na Sexta no Centro<\/p><\/div>\n<p><strong>H\u00e1 cerca de um ano as secretarias de Cultura e de Agricultura, Abastecimento e Turismo estrearam o evento, que fez grande sucesso com o objetivo de revitalizar o Centro da cidade, como defende a administra\u00e7\u00e3o do prefeito Pedro Bigardi.<\/strong><\/p>\n<p>Para o secret\u00e1rio de Cultura, T\u00e9rcio Marinho, a<strong> \u201cSexta no Centro\u201d marca o in\u00edcio de uma nova fase para a cidade. \u201cAo levar atra\u00e7\u00f5es art\u00edsticas e gastron\u00f4micas para o Centro, reativa-se a vida noturna e a popula\u00e7\u00e3o ganha uma nova op\u00e7\u00e3o cultural\u201d<\/strong>, destaca.<\/p>\n<p>O diretor de Cultura, Jean Camoleze, diz que <strong>grande parte da popula\u00e7\u00e3o de Jundia\u00ed tem como refer\u00eancia de Centro apenas o com\u00e9rcio<\/strong>. &#8220;A necessidade de <strong>criar um referencial cultural no Centro, para a popula\u00e7\u00e3o, faz deste evento o ponto de partida para a expans\u00e3o cultural da nossa regi\u00e3o central<\/strong>&#8220;, explica.<\/p>\n<p>Para Valeria Oliveira, assessora de Turismo, a <strong>valoriza\u00e7\u00e3o do Centro s\u00f3 pode ocorrer se ele for, de fato, ocupado<\/strong>. &#8220;A melhor maneira \u00e9 <strong>oferecendo \u00e0 popula\u00e7\u00e3o atra\u00e7\u00f5es culturais de qualidade, com excelentes op\u00e7\u00f5es de gastronomia<\/strong>, que conseguimos com a presen\u00e7a dos inscritos nos <strong>Varej\u00f5es Noturnos<\/strong>, al\u00e9m da oportunidade oferecida aos <strong>artes\u00e3os do Programa Jundia\u00ed Feito \u00e0 M\u00e3o<\/strong>, que podem expor e comercializar seus produtos. Certamente \u00e9 <strong>um dos projetos de maior relev\u00e2ncia para a Cultura e o Turismo em nosso munic\u00edpio<\/strong>&#8220;, garante.<\/p>\n<p>A data do evento tamb\u00e9m ser\u00e1 aproveitada para o <strong><a href=\"https:\/\/jundiai.sp.gov.br\/noticias\/2015\/05\/04\/reuniao-aberta-apresenta-o-urbanismo-caminhavel\/\" target=\"_blank\">lan\u00e7amento do cont\u00eainer-oficina do projeto Urbanismo Caminh\u00e1vel, que vai funcionar durante tr\u00eas meses na pra\u00e7a da Matriz<\/a>.<\/strong><\/p>\n<p><strong>O que \u00e9 que a Sexta tem?<\/strong><br \/>\n<strong>A Sexta no Centro valoriza os artistas locais e atrai um p\u00fablico diversificado de toda a regi\u00e3o de Jundia\u00ed em busca de boa m\u00fasica, boa comida e artesanato de alta qualidade.<\/strong><\/p>\n<p>As barracas de comidinhas e quitutes v\u00e3o abrir o apetite dos famintos com<strong> doces, past\u00e9is, churros, tapioca e a vers\u00e3o local dos pratos mais famosos das comidas \u00e1rabe, japonesa, portuguesa e italiana<\/strong>.<\/p>\n<p>O <strong>artesanato jundiaiens<\/strong>e faz uma verdadeira exposi\u00e7\u00e3o de arte a c\u00e9u aberto com <strong>pinturas em madeira, em tecido, pe\u00e7as recicladas, patchwork e bijuterias<\/strong>.<\/p>\n<p>Jean Camoleze informa que as a<strong>tra\u00e7\u00f5es musicais est\u00e3o sendo definidas<\/strong>, mas que o <strong>n\u00famero do p\u00fablico nas edi\u00e7\u00f5es passadas comprova que a ideia j\u00e1 deu certo.<\/strong><\/p>\n<p><strong>Servi\u00e7o:<br \/>\nA Sexta no Centro \u00e9 realizada uma vez por m\u00eas, das 18 \u00e0s 22 horas, na Pra\u00e7a Governador Pedro de Toledo. A entrada \u00e9 franca.<\/strong><\/p>\n<p>Agende-se para os pr\u00f3ximos eventos: 12 de junho, 10 de julho, 14 de agosto, 11 de setembro, 9 de outubro e 13 de novembro.<\/p>\n<p><strong><em>Assessoria de Imprensa<br \/>\nFotos: Arquivo PMJ e Divulga\u00e7\u00e3o<\/em><\/strong><\/p>\n","protected":false},"excerpt":{"rendered":"<p>Visitantes encontram tamb\u00e9m shows de artistas locais, exposi\u00e7\u00e3o de artesanato e barracas com comidas t\u00edpicas da regi\u00e3o<\/p>\n","protected":false},"author":14,"featured_media":137350,"comment_status":"closed","ping_status":"closed","sticky":false,"template":"","format":"standard","meta":{"footnotes":""},"categories":[2],"tags":[41,29,293,32,659,294,320],"ods":[],"class_list":["post-137338","post","type-post","status-publish","format-standard","has-post-thumbnail","hentry","category-noticias","tag-agricultura-abastecimento-e-turismo","tag-cultura","tag-jundiai-feito-a-mao","tag-planejamento-e-meio-ambiente","tag-projeto-urbanismo-caminhavel","tag-sexta-no-centro","tag-varejao-noturno"],"_links":{"self":[{"href":"https:\/\/jundiai.sp.gov.br\/noticias\/wp-json\/wp\/v2\/posts\/137338","targetHints":{"allow":["GET"]}}],"collection":[{"href":"https:\/\/jundiai.sp.gov.br\/noticias\/wp-json\/wp\/v2\/posts"}],"about":[{"href":"https:\/\/jundiai.sp.gov.br\/noticias\/wp-json\/wp\/v2\/types\/post"}],"author":[{"embeddable":true,"href":"https:\/\/jundiai.sp.gov.br\/noticias\/wp-json\/wp\/v2\/users\/14"}],"replies":[{"embeddable":true,"href":"https:\/\/jundiai.sp.gov.br\/noticias\/wp-json\/wp\/v2\/comments?post=137338"}],"version-history":[{"count":18,"href":"https:\/\/jundiai.sp.gov.br\/noticias\/wp-json\/wp\/v2\/posts\/137338\/revisions"}],"predecessor-version":[{"id":160664,"href":"https:\/\/jundiai.sp.gov.br\/noticias\/wp-json\/wp\/v2\/posts\/137338\/revisions\/160664"}],"wp:featuredmedia":[{"embeddable":true,"href":"https:\/\/jundiai.sp.gov.br\/noticias\/wp-json\/wp\/v2\/media\/137350"}],"wp:attachment":[{"href":"https:\/\/jundiai.sp.gov.br\/noticias\/wp-json\/wp\/v2\/media?parent=137338"}],"wp:term":[{"taxonomy":"category","embeddable":true,"href":"https:\/\/jundiai.sp.gov.br\/noticias\/wp-json\/wp\/v2\/categories?post=137338"},{"taxonomy":"post_tag","embeddable":true,"href":"https:\/\/jundiai.sp.gov.br\/noticias\/wp-json\/wp\/v2\/tags?post=137338"},{"taxonomy":"ods","embeddable":true,"href":"https:\/\/jundiai.sp.gov.br\/noticias\/wp-json\/wp\/v2\/ods?post=137338"}],"curies":[{"name":"wp","href":"https:\/\/api.w.org\/{rel}","templated":true}]}}