{"id":137355,"date":"2015-05-07T15:38:50","date_gmt":"2015-05-07T18:38:50","guid":{"rendered":"https:\/\/jundiai.sp.gov.br\/noticias\/?p=137355"},"modified":"2016-11-04T11:32:06","modified_gmt":"2016-11-04T13:32:06","slug":"encontro-rural-do-plano-diretor-aponta-chance-de-virada","status":"publish","type":"post","link":"https:\/\/jundiai.sp.gov.br\/noticias\/2015\/05\/07\/encontro-rural-do-plano-diretor-aponta-chance-de-virada\/","title":{"rendered":"Encontro rural do Plano Diretor aponta chance de &#8216;virada&#8217;"},"content":{"rendered":"<div id=\"attachment_137361\" style=\"width: 410px\" class=\"wp-caption alignleft\"><a href=\"https:\/\/jundiai.sp.gov.br\/noticias\/wp-content\/uploads\/sites\/32\/2015\/05\/agricultura1_G.jpg\"><img loading=\"lazy\" decoding=\"async\" aria-describedby=\"caption-attachment-137361\" class=\"size-large wp-image-137361\" src=\"https:\/\/jundiai.sp.gov.br\/noticias\/wp-content\/uploads\/sites\/32\/2015\/05\/agricultura1_G-720x556.jpg\" alt=\"A reuni\u00e3o mostrou que Jundia\u00ed est\u00e1 reduzindo seu cintur\u00e3o verde: \u00e1gua em foco\" width=\"400\" height=\"400\" \/><\/a><p id=\"caption-attachment-137361\" class=\"wp-caption-text\">A reuni\u00e3o mostrou que Jundia\u00ed est\u00e1 reduzindo seu cintur\u00e3o verde: \u00e1gua em foco<\/p><\/div>\n<p><strong>Uma reuni\u00e3o setorial do <a href=\"http:\/\/planodiretor.jundiai.sp.gov.br\/\" target=\"_blank\">Plano Diretor Participativo<\/a> sobre a zona rural de Jundia\u00ed, reunindo t\u00e9cnicos, produtores e ambientalistas, apontou, na manh\u00e3 dessa quarta-feira (6), a possibilidade de uma \u201cvirada\u201d na amea\u00e7a da expans\u00e3o urbana descontrolada sobre a zona rural a partir de medidas voltadas para a seguran\u00e7a h\u00eddrica e para a seguran\u00e7a alimentar do munic\u00edpio no pr\u00f3prio planejamento, al\u00e9m de medidas j\u00e1 em andamento ou amadurecidas para a valoriza\u00e7\u00e3o desse tema na comunidade.<\/strong><\/p>\n<p>\u201cFoi um encontro importante porque os <strong>eixos da seguran\u00e7a h\u00eddrica do munic\u00edpio<\/strong>, onde a press\u00e3o urbana avan\u00e7ou muito sobre a bacia do rio Jundia\u00ed-Mirim que abastece a cidade e sobre as nascentes da bacia do rio Capivari, <strong>e de seguran\u00e7a alimentar<\/strong>, cada vez mais essencial, que nos leva a valorizar esse setor\u201d, comentou a secret\u00e1ria de Planejamento e Meio Ambiente, Daniela da Camara Sutti.<\/p>\n<p><strong>LEIA TAMB\u00c9M<br \/>\n<a href=\"https:\/\/jundiai.sp.gov.br\/noticias\/2015\/05\/04\/reuniao-aberta-apresenta-o-urbanismo-caminhavel\/\" target=\"_blank\">Reuni\u00e3o aberta apresenta o \u2018urbanismo caminh\u00e1vel\u2019<\/a><br \/>\n<a href=\"https:\/\/jundiai.sp.gov.br\/noticias\/2015\/05\/04\/prefeitura-realiza-encontros-setoriais-para-o-plano-diretor\/\" target=\"_blank\">Prefeitura realiza encontros setoriais para o Plano Diretor<\/a><br \/>\n<a href=\"https:\/\/jundiai.sp.gov.br\/noticias\/2015\/05\/07\/sexta-no-centro-esta-de-volta-com-big-chico-e-trio-em-transe-no-proximo-dia-15\/\" target=\"_blank\">Sexta no Centro est\u00e1 de volta com Big Chico e Trio em Transe no dia 15<\/a><\/strong><\/p>\n<p>Com grande n\u00famero de participantes, o <strong>encontro apontou as dificuldades para a manuten\u00e7\u00e3o das atividades agr\u00edcolas atualmente e, ao mesmo tempo, as possibilidades de sua renova\u00e7\u00e3o como parceira do meio ambiente e da qualidade de vida dos moradores urbanos<\/strong>.<\/p>\n<p>Al\u00e9m de iniciativas como a <strong>valoriza\u00e7\u00e3o da cidade como ponto de origem da uva brasileira de mesa, com a <a href=\"http:\/\/festadauva.jundiai.sp.gov.br\/\" target=\"_blank\">Festa da Uva<\/a>, e o <a href=\"https:\/\/jundiai.sp.gov.br\/noticias\/2015\/05\/04\/prefeitura-reune-agricultores-para-lancamento-do-seguro-agricola\/\" target=\"_blank\">novo subs\u00eddio ao seguro agr\u00edcola implantado pela Prefeitura de Jundia\u00ed<\/a><\/strong>, o encontro mostrou que existem<strong> projetos in\u00e9ditos e valorizados nacionalmente<\/strong> na Escola T\u00e9cnica Estadual Benedito Storani (com m\u00e1quina de produzir sucos em larga escala) ou no Centro de Automa\u00e7\u00e3o do Instituto Agron\u00f4mico (com novos projetos de controle de insumos).<\/p>\n<div id=\"attachment_137363\" style=\"width: 410px\" class=\"wp-caption alignright\"><a href=\"https:\/\/jundiai.sp.gov.br\/noticias\/wp-content\/uploads\/sites\/32\/2015\/05\/agricultura_G.jpg\"><img loading=\"lazy\" decoding=\"async\" aria-describedby=\"caption-attachment-137363\" class=\"size-large wp-image-137363\" src=\"https:\/\/jundiai.sp.gov.br\/noticias\/wp-content\/uploads\/sites\/32\/2015\/05\/agricultura_G-720x485.jpg\" alt=\"Agricultores, pesquisadores e educadores participaram da reuni\u00e3o\" width=\"400\" height=\"350\" \/><\/a><p id=\"caption-attachment-137363\" class=\"wp-caption-text\">Agricultores, pesquisadores e educadores participaram da reuni\u00e3o<\/p><\/div>\n<p>\u201cTemos de <strong>ver o setor rural hoje como pluriatividade<\/strong>, em que a agricultura se mistura com moradia de outros profissionais da fam\u00edlia, e como <strong>multifuncionalidade<\/strong>, em que a produ\u00e7\u00e3o privada de frutas ou turismo devem ser vistos ao lado da <strong>produ\u00e7\u00e3o p\u00fablica de benef\u00edcios como biodiversidade, nascentes e recarga de aqu\u00edferos<\/strong>\u201d, afirmou o pesquisador Afonso Peche Filho.<\/p>\n<p>O conflito entre as atuais leis de zoneamento de Jundia\u00ed, de 2012, e as leis estaduais que tornaram o munic\u00edpio uma \u00c1rea de Prote\u00e7\u00e3o Ambiental (APA) ficaram evidentes em mapas apresentados no encontro e que recebem aten\u00e7\u00e3o at\u00e9 mesmo do Minist\u00e9rio P\u00fablico. O<strong> desafio de reequilibrar esse rumo foi admitido pelos participantes<\/strong>, at\u00e9 de forma emocionada.<\/p>\n<p>A <strong>valoriza\u00e7\u00e3o do papel do setor rural, de sua paisagem e at\u00e9 de sua economia financeira ou ambiental \u00e9 um consenso<\/strong> apontado pelos participantes como <strong>elemento central para que o novo Plano possa retomar a caracter\u00edstica principal de Jundia\u00ed como um munic\u00edpio marcado por um \u201ccintur\u00e3o verde\u201d<\/strong> ao norte e ao sul de seu territ\u00f3rio.<\/p>\n<p>Um dos pontos destacados foi a <strong>necessidade de uma pol\u00edtica clara e compreens\u00edvel para os moradores<\/strong>, uma vez que um documento t\u00e9cnico deixa todos expostos a especuladores. <strong>O tema ser\u00e1 parte do diagn\u00f3stico a ser apresentado no 1\u00ba F\u00f3rum do Plano Diretor Participativo, no s\u00e1bado (30)<\/strong>. A <strong><a href=\"http:\/\/www.jundiai.sp.leg.br\/\" target=\"_blank\">C\u00e2mara Municipal<\/a><\/strong> tamb\u00e9m esteve presente, com o vereador Rafael Antonucci.<\/p>\n<p><strong><em>Jos\u00e9 Arnaldo de Oliveira<br \/>\nFotos: Fot\u00f3grafos PMJ<\/em><\/strong><\/p>\n","protected":false},"excerpt":{"rendered":"<p>Uma reuni\u00e3o setorial do Plano Diretor Participativo sobre a zona rural de Jundia\u00ed, reunindo t\u00e9cnicos, produtores e ambientalistas, apontou, na manh\u00e3 dessa quarta-feira (6), a possibilidade de uma \u201cvirada\u201d na amea\u00e7a da expans\u00e3o urbana descontrolada sobre a zona rural a partir de medidas voltadas para a seguran\u00e7a h\u00eddrica e para a seguran\u00e7a alimentar do munic\u00edpio [&hellip;]<\/p>\n","protected":false},"author":14,"featured_media":0,"comment_status":"closed","ping_status":"closed","sticky":false,"template":"","format":"standard","meta":{"footnotes":""},"categories":[2],"tags":[32,559],"ods":[],"class_list":["post-137355","post","type-post","status-publish","format-standard","hentry","category-noticias","tag-planejamento-e-meio-ambiente","tag-plano-diretor-participativo"],"_links":{"self":[{"href":"https:\/\/jundiai.sp.gov.br\/noticias\/wp-json\/wp\/v2\/posts\/137355","targetHints":{"allow":["GET"]}}],"collection":[{"href":"https:\/\/jundiai.sp.gov.br\/noticias\/wp-json\/wp\/v2\/posts"}],"about":[{"href":"https:\/\/jundiai.sp.gov.br\/noticias\/wp-json\/wp\/v2\/types\/post"}],"author":[{"embeddable":true,"href":"https:\/\/jundiai.sp.gov.br\/noticias\/wp-json\/wp\/v2\/users\/14"}],"replies":[{"embeddable":true,"href":"https:\/\/jundiai.sp.gov.br\/noticias\/wp-json\/wp\/v2\/comments?post=137355"}],"version-history":[{"count":7,"href":"https:\/\/jundiai.sp.gov.br\/noticias\/wp-json\/wp\/v2\/posts\/137355\/revisions"}],"predecessor-version":[{"id":166074,"href":"https:\/\/jundiai.sp.gov.br\/noticias\/wp-json\/wp\/v2\/posts\/137355\/revisions\/166074"}],"wp:attachment":[{"href":"https:\/\/jundiai.sp.gov.br\/noticias\/wp-json\/wp\/v2\/media?parent=137355"}],"wp:term":[{"taxonomy":"category","embeddable":true,"href":"https:\/\/jundiai.sp.gov.br\/noticias\/wp-json\/wp\/v2\/categories?post=137355"},{"taxonomy":"post_tag","embeddable":true,"href":"https:\/\/jundiai.sp.gov.br\/noticias\/wp-json\/wp\/v2\/tags?post=137355"},{"taxonomy":"ods","embeddable":true,"href":"https:\/\/jundiai.sp.gov.br\/noticias\/wp-json\/wp\/v2\/ods?post=137355"}],"curies":[{"name":"wp","href":"https:\/\/api.w.org\/{rel}","templated":true}]}}