{"id":137424,"date":"2015-05-07T17:55:34","date_gmt":"2015-05-07T20:55:34","guid":{"rendered":"https:\/\/jundiai.sp.gov.br\/noticias\/?p=137424"},"modified":"2016-11-04T11:32:08","modified_gmt":"2016-11-04T13:32:08","slug":"feira-dos-paises-no-parque-da-uva-oferece-opcoes-no-dia-das-maes","status":"publish","type":"post","link":"https:\/\/jundiai.sp.gov.br\/noticias\/2015\/05\/07\/feira-dos-paises-no-parque-da-uva-oferece-opcoes-no-dia-das-maes\/","title":{"rendered":"Feira dos Pa\u00edses no Parque da Uva oferece op\u00e7\u00f5es no Dia das M\u00e3es"},"content":{"rendered":"<p><strong>Segue at\u00e9 domingo (10) a feira internacional com artesanato no Parque Comendador Antonio Carbonari (Parque da Uva), em Jundia\u00ed. Entre mais de 10 mil pe\u00e7as artesanais de 15 pa\u00edses, est\u00e3o tamb\u00e9m as pe\u00e7as feitas por 40 artes\u00e3os do programa Jundia\u00ed Feito \u00e0 M\u00e3o.<\/strong><\/p>\n<p><strong>LEIA TAMB\u00c9M<br \/>\n<a href=\"https:\/\/jundiai.sp.gov.br\/noticias\/2015\/05\/04\/prefeitura-reune-agricultores-para-lancamento-do-seguro-agricola\/\" target=\"_blank\">Prefeitura re\u00fane agricultores para lan\u00e7amento do seguro agr\u00edcola<\/a><br \/>\n<a href=\"https:\/\/jundiai.sp.gov.br\/noticias\/2015\/05\/07\/sexta-no-centro-esta-de-volta-com-big-chico-e-trio-em-transe-no-proximo-dia-15\/\" target=\"_blank\">Sexta no Centro est\u00e1 de volta com Big Chico e Trio em Transe no dia 15<\/a><\/strong><\/p>\n<p>\u201cS\u00e3o muitas alternativas boas, algumas feitas especialmente para a data. \u00c9 importante prossegui\u00b4rmos com a <strong>valoriza\u00e7\u00e3o do verdadeiro trabalho artesanal<\/strong>, nas mais diversas t\u00e9cnicas\u201d, afirma a diretora de turismo da Secretaria de Agricultura, Abastecimento e Turismo, Marcela Moro.<\/p>\n<p><iframe loading=\"lazy\" class=\"alignright\" width=\"420\" height=\"315\" src=\"https:\/\/www.youtube.com\/embed\/0XbTXr1-TzQ\" frameborder=\"0\" allowfullscreen><\/iframe>A<strong> diversidade e criatividade<\/strong> destes profissionais pode ser conferida no parque. Os valores das pe\u00e7as expostas variam <strong>entre R$ 5 a R$ 15 mil<\/strong> e a grande maioria foi produzida por fam\u00edlias e comunidades que vivem da arte que fabricam, de bijuterias e acess\u00f3rios a pe\u00e7as de decora\u00e7\u00e3o ou tapetes, entre outros.<\/p>\n<p><strong>Na Feira dos Pa\u00edses est\u00e3o trabalhos artesanais de locais como \u00c1frica do Sul, \u00cdndia, Gr\u00e9cia, Paquist\u00e3o, Indon\u00e9sia, Peru, It\u00e1lia, Egito, Senegal, Gana, Qu\u00eania, Guatemala, Jap\u00e3o, Bol\u00edvia e Brasil.<\/strong><\/p>\n<p>Entre os destaques, pashminas da \u00cdndia em 22 cores de tecidos finos e delicados, as m\u00e1scaras e estatuetas da \u00c1frica do Sul, as esculturas em madeira da Indon\u00e9sia, acess\u00f3rios da Gr\u00e9cia e, claro, a grande variedade de cria\u00e7\u00f5es produzidas em Jundia\u00ed.<\/p>\n<p><strong>A Feira de Pa\u00edses funciona das 13h \u00e0s 21h, com entrada gratuita. Os expositores trabalham com dinheiro e cart\u00f5es de d\u00e9bito ou cr\u00e9dito.<\/strong><\/p>\n<div id=\"attachment_137425\" style=\"width: 730px\" class=\"wp-caption alignright\"><a href=\"https:\/\/jundiai.sp.gov.br\/noticias\/wp-content\/uploads\/sites\/32\/2015\/05\/feira_artesanato_jdi_feito_a_mao_p_0G.jpg\"><img loading=\"lazy\" decoding=\"async\" aria-describedby=\"caption-attachment-137425\" src=\"https:\/\/jundiai.sp.gov.br\/noticias\/wp-content\/uploads\/sites\/32\/2015\/05\/feira_artesanato_jdi_feito_a_mao_p_0G-720x393.jpg\" alt=\"As barracas trabalham com op\u00e7\u00f5es para todos os gostos\" width=\"720\" height=\"393\" class=\"size-large wp-image-137425\" srcset=\"https:\/\/jundiai.sp.gov.br\/noticias\/wp-content\/uploads\/sites\/32\/2015\/05\/feira_artesanato_jdi_feito_a_mao_p_0G-720x393.jpg 720w, https:\/\/jundiai.sp.gov.br\/noticias\/wp-content\/uploads\/sites\/32\/2015\/05\/feira_artesanato_jdi_feito_a_mao_p_0G-300x164.jpg 300w, https:\/\/jundiai.sp.gov.br\/noticias\/wp-content\/uploads\/sites\/32\/2015\/05\/feira_artesanato_jdi_feito_a_mao_p_0G.jpg 1240w\" sizes=\"auto, (max-width: 720px) 100vw, 720px\" \/><\/a><p id=\"caption-attachment-137425\" class=\"wp-caption-text\">As barracas trabalham com op\u00e7\u00f5es para todos os gostos<\/p><\/div>\n<p><strong><em>Jos\u00e9 Arnaldo de Oliveira<br \/>\nFotos: Divulga\u00e7\u00e3o<\/em><\/strong><\/p>\n","protected":false},"excerpt":{"rendered":"<p>Segue at\u00e9 domingo (10) a feira internacional com artesanato no Parque Comendador Antonio Carbonari (Parque da Uva), em Jundia\u00ed. Entre mais de 10 mil pe\u00e7as artesanais de 15 pa\u00edses, est\u00e3o tamb\u00e9m as pe\u00e7as feitas por 40 artes\u00e3os do programa Jundia\u00ed Feito \u00e0 M\u00e3o. LEIA TAMB\u00c9M Prefeitura re\u00fane agricultores para lan\u00e7amento do seguro agr\u00edcola Sexta no [&hellip;]<\/p>\n","protected":false},"author":14,"featured_media":0,"comment_status":"closed","ping_status":"closed","sticky":false,"template":"","format":"standard","meta":{"footnotes":""},"categories":[2],"tags":[41,293,276],"ods":[],"class_list":["post-137424","post","type-post","status-publish","format-standard","hentry","category-noticias","tag-agricultura-abastecimento-e-turismo","tag-jundiai-feito-a-mao","tag-parque-da-uva"],"_links":{"self":[{"href":"https:\/\/jundiai.sp.gov.br\/noticias\/wp-json\/wp\/v2\/posts\/137424","targetHints":{"allow":["GET"]}}],"collection":[{"href":"https:\/\/jundiai.sp.gov.br\/noticias\/wp-json\/wp\/v2\/posts"}],"about":[{"href":"https:\/\/jundiai.sp.gov.br\/noticias\/wp-json\/wp\/v2\/types\/post"}],"author":[{"embeddable":true,"href":"https:\/\/jundiai.sp.gov.br\/noticias\/wp-json\/wp\/v2\/users\/14"}],"replies":[{"embeddable":true,"href":"https:\/\/jundiai.sp.gov.br\/noticias\/wp-json\/wp\/v2\/comments?post=137424"}],"version-history":[{"count":12,"href":"https:\/\/jundiai.sp.gov.br\/noticias\/wp-json\/wp\/v2\/posts\/137424\/revisions"}],"predecessor-version":[{"id":137478,"href":"https:\/\/jundiai.sp.gov.br\/noticias\/wp-json\/wp\/v2\/posts\/137424\/revisions\/137478"}],"wp:attachment":[{"href":"https:\/\/jundiai.sp.gov.br\/noticias\/wp-json\/wp\/v2\/media?parent=137424"}],"wp:term":[{"taxonomy":"category","embeddable":true,"href":"https:\/\/jundiai.sp.gov.br\/noticias\/wp-json\/wp\/v2\/categories?post=137424"},{"taxonomy":"post_tag","embeddable":true,"href":"https:\/\/jundiai.sp.gov.br\/noticias\/wp-json\/wp\/v2\/tags?post=137424"},{"taxonomy":"ods","embeddable":true,"href":"https:\/\/jundiai.sp.gov.br\/noticias\/wp-json\/wp\/v2\/ods?post=137424"}],"curies":[{"name":"wp","href":"https:\/\/api.w.org\/{rel}","templated":true}]}}