{"id":137465,"date":"2015-05-08T16:48:33","date_gmt":"2015-05-08T19:48:33","guid":{"rendered":"https:\/\/jundiai.sp.gov.br\/noticias\/?p=137465"},"modified":"2016-11-04T11:18:16","modified_gmt":"2016-11-04T13:18:16","slug":"subsidio-agricola-e-marco-historico-para-jundiai","status":"publish","type":"post","link":"https:\/\/jundiai.sp.gov.br\/noticias\/2015\/05\/08\/subsidio-agricola-e-marco-historico-para-jundiai\/","title":{"rendered":"Subs\u00eddio agr\u00edcola \u00e9 &#8216;marco hist\u00f3rico&#8217; para Jundia\u00ed"},"content":{"rendered":"<p><strong>A reuni\u00e3o de 148 agricultores, neste s\u00e1bado (9), para concluir o processo de recebimento de recursos do in\u00e9dito Programa Municipal de Subs\u00eddio do Seguro Agr\u00edcola representa a constru\u00e7\u00e3o de um mecanismo de reconhecimento da import\u00e2ncia do setor rural para todo o munic\u00edpio de Jundia\u00ed, um dos cinco primeiros a adotar esse tipo de pol\u00edtica no Brasil. A lei criando esse novo instrumento, de baixo impacto or\u00e7ament\u00e1rio mas grande efeito simb\u00f3lico, foi promulgada pelo prefeito Pedro Bigardi em dezembro de 2014. <\/strong><\/p>\n<p>\u201cEsse efeito n\u00e3o \u00e9 apenas para os agricultores beneficiados, mas tamb\u00e9m pela <strong>sinaliza\u00e7\u00e3o para a comunidade de que a agricultura \u00e9 importante para todos. N\u00e3o s\u00f3 pelos alimentos, mas tamb\u00e9m pela \u00e1gua, pelo clima, pela paisagem, pela cultura e pela vida silvestre<\/strong>\u201d, afirma o secret\u00e1rio de Agricultura, Abastecimento e Turismo, Marcos Brunholi.<\/p>\n<p><strong>LEIA TAMB\u00c9M<br \/>\n<a href=\"https:\/\/jundiai.sp.gov.br\/noticias\/2015\/05\/07\/feria-dos-paises-no-parque-da-uva-oferece-opcoes-no-dia-das-maes\/\" target=\"_blank\">Feria dos Pa\u00edses no Parque da Uva oferece op\u00e7\u00f5es no Dia das M\u00e3es<\/a><br \/>\n<a href=\"https:\/\/jundiai.sp.gov.br\/noticias\/2015\/05\/07\/sexta-no-centro-esta-de-volta-com-big-chico-e-trio-em-transe-no-proximo-dia-15\/\" target=\"_blank\">Sexta no Centro est\u00e1 de volta com Big Chico e Trio em Transe no dia 15<\/a><\/strong><\/p>\n<p>O evento ser\u00e1 <strong>exclusivo para os agricultores, com recebimento de dados banc\u00e1rios dos 148 cadastrados neste ano em todos os bairros rurais a partir das 9H na sede da <a href=\"http:\/\/www.traviu.com.br\/\" target=\"_blank\">Associa\u00e7\u00e3o Amigos do Travi\u00fa<\/a><\/strong>. A solenidade com autoridades deve ocorrer a partir das 11h e uma confraterniza\u00e7\u00e3o est\u00e1 prevista a seguir com a presen\u00e7a do violeiro Z\u00e9 Lu\u00eds Ernandes e grupo.<\/p>\n<div id=\"attachment_137466\" style=\"width: 340px\" class=\"wp-caption alignright\"><a href=\"https:\/\/jundiai.sp.gov.br\/noticias\/wp-content\/uploads\/sites\/32\/2015\/05\/Plantacao_Uva_Ademir_Minjoni_c_15_G1_G1.jpg\"><img loading=\"lazy\" decoding=\"async\" aria-describedby=\"caption-attachment-137466\" class=\"size-large wp-image-137466\" src=\"https:\/\/jundiai.sp.gov.br\/noticias\/wp-content\/uploads\/sites\/32\/2015\/05\/Plantacao_Uva_Ademir_Minjoni_c_15_G1_G1-720x931.jpg\" alt=\"Evento sinaliza a import\u00e2ncia da agricultura\" width=\"330\" height=\"370\" \/><\/a><p id=\"caption-attachment-137466\" class=\"wp-caption-text\">Evento sinaliza a import\u00e2ncia da agricultura<\/p><\/div>\n<p><strong>O subs\u00eddio municipal corresponde a 50% do custo do seguro ao produtor de uva<\/strong> (descontados outros subs\u00eddios estaduais ou federais) e<strong> vale para a safra 2014-2015 de forma retroativa. A expectativa \u00e9 de que o n\u00famero ainda possa crescer para o pr\u00f3ximo ano e estudos ser\u00e3o feitos para incluir outras frutas no futuro.<\/strong><\/p>\n<p><strong>Proximidade <\/strong><br \/>\nO programa consolida um trabalho de <strong>aproxima\u00e7\u00e3o com os agricultores de Jundia\u00ed que ainda est\u00e1 sendo implementado. \u201cMuitos produtores nunca tinham sequer entrado no Pa\u00e7o Municipal. Ainda temos que avan\u00e7ar mais, porque o setor tem muitos desafios. Mas avan\u00e7amos<\/strong>\u201d, afirma Brunholi.<\/p>\n<p>Entre outros programas, ele cita o trabalho da \u00e1rea de agroneg\u00f3cio com o apoio de manejo de solo, de manejo foliar, de visitas t\u00e9cnicas e do embri\u00e3o de compras da merenda escolar. Por outro lado, na \u00e1rea de <strong>turismo<\/strong>, tamb\u00e9m existe um <strong>trabalho de valoriza\u00e7\u00e3o das atra\u00e7\u00f5es rurais<\/strong>. E em algumas \u00e1reas, como na bacia do rio Jundia\u00ed-Mirim, <strong>projetos-piloto est\u00e3o sendo aplicados para a orienta\u00e7\u00e3o ambiental e o custeio de reflorestamento em parcerias com o setor privado e ONGs<\/strong>.<\/p>\n<p><strong>\u201cDesde o in\u00edcio de 2013 o prefeito Pedro Bigardi entendeu a import\u00e2ncia de trabalharmos no apoio para a manuten\u00e7\u00e3o da atividade rural. A constru\u00e7\u00e3o desse novo programa tem a ver com esse empenho conjunto e tamb\u00e9m da coopera\u00e7\u00e3o de diversos setores do poder p\u00fablico e da sociedade\u201d<\/strong>, afirma.<\/p>\n<p><strong><em>Jos\u00e9 Arnaldo de Oliveira<br \/>\nFoto: Fot\u00f3grafos PMJ<\/em><\/strong><\/p>\n","protected":false},"excerpt":{"rendered":"<p>A reuni\u00e3o de 148 agricultores, neste s\u00e1bado (9), para concluir o processo de recebimento de recursos do in\u00e9dito Programa Municipal de Subs\u00eddio do Seguro Agr\u00edcola representa a constru\u00e7\u00e3o de um mecanismo de reconhecimento da import\u00e2ncia do setor rural para todo o munic\u00edpio de Jundia\u00ed, um dos cinco primeiros a adotar esse tipo de pol\u00edtica no [&hellip;]<\/p>\n","protected":false},"author":14,"featured_media":0,"comment_status":"closed","ping_status":"closed","sticky":false,"template":"","format":"standard","meta":{"footnotes":""},"categories":[2],"tags":[41],"ods":[],"class_list":["post-137465","post","type-post","status-publish","format-standard","hentry","category-noticias","tag-agricultura-abastecimento-e-turismo"],"_links":{"self":[{"href":"https:\/\/jundiai.sp.gov.br\/noticias\/wp-json\/wp\/v2\/posts\/137465","targetHints":{"allow":["GET"]}}],"collection":[{"href":"https:\/\/jundiai.sp.gov.br\/noticias\/wp-json\/wp\/v2\/posts"}],"about":[{"href":"https:\/\/jundiai.sp.gov.br\/noticias\/wp-json\/wp\/v2\/types\/post"}],"author":[{"embeddable":true,"href":"https:\/\/jundiai.sp.gov.br\/noticias\/wp-json\/wp\/v2\/users\/14"}],"replies":[{"embeddable":true,"href":"https:\/\/jundiai.sp.gov.br\/noticias\/wp-json\/wp\/v2\/comments?post=137465"}],"version-history":[{"count":5,"href":"https:\/\/jundiai.sp.gov.br\/noticias\/wp-json\/wp\/v2\/posts\/137465\/revisions"}],"predecessor-version":[{"id":186294,"href":"https:\/\/jundiai.sp.gov.br\/noticias\/wp-json\/wp\/v2\/posts\/137465\/revisions\/186294"}],"wp:attachment":[{"href":"https:\/\/jundiai.sp.gov.br\/noticias\/wp-json\/wp\/v2\/media?parent=137465"}],"wp:term":[{"taxonomy":"category","embeddable":true,"href":"https:\/\/jundiai.sp.gov.br\/noticias\/wp-json\/wp\/v2\/categories?post=137465"},{"taxonomy":"post_tag","embeddable":true,"href":"https:\/\/jundiai.sp.gov.br\/noticias\/wp-json\/wp\/v2\/tags?post=137465"},{"taxonomy":"ods","embeddable":true,"href":"https:\/\/jundiai.sp.gov.br\/noticias\/wp-json\/wp\/v2\/ods?post=137465"}],"curies":[{"name":"wp","href":"https:\/\/api.w.org\/{rel}","templated":true}]}}