{"id":137488,"date":"2015-05-09T17:33:47","date_gmt":"2015-05-09T20:33:47","guid":{"rendered":"https:\/\/jundiai.sp.gov.br\/noticias\/?p=137488"},"modified":"2020-11-06T14:30:46","modified_gmt":"2020-11-06T17:30:46","slug":"com-mais-de-80-atracoes-virada-jundiai-comeca-na-sexta-22","status":"publish","type":"post","link":"https:\/\/jundiai.sp.gov.br\/noticias\/2015\/05\/09\/com-mais-de-80-atracoes-virada-jundiai-comeca-na-sexta-22\/","title":{"rendered":"&#8216;Virada&#8217; come\u00e7a na sexta (22) com mais de 80 atra\u00e7\u00f5es"},"content":{"rendered":"<p><strong>Uma experi\u00eancia cultural inovadora. \u00c9 o que promete a Virada Jundia\u00ed, promovida pela <a href=\"https:\/\/cultura.jundiai.sp.gov.br\/\" target=\"_blank\" rel=\"noopener noreferrer\">Secretaria de Cultura<\/a> na sexta-feira (22), s\u00e1bado (23) e domingo (24), com mais de 80 atra\u00e7\u00f5es entre shows musicais, espet\u00e1culos de teatro e dan\u00e7a, interven\u00e7\u00f5es e exposi\u00e7\u00f5es espalhadas no Parque da Uva, Museu Hist\u00f3rico e Cultural de Jundia\u00ed, Pra\u00e7a Governador Pedro de Toledo (Pra\u00e7a da Matriz), marquise da Casa da Cultura, Pinacoteca Di\u00f3genes Duarte Paes, Teatro Polytheama, Complexo Fepasa, Esta\u00e7\u00e3o Juventude e Jardim S\u00e3o Camilo.<\/strong><\/p>\n<p>Na sexta (22), a programa\u00e7\u00e3o tem in\u00edcio \u00e0s 18h e, no s\u00e1bado (23) e domingo (24), \u00e0s 10h. O encerramento na sexta (22) e no s\u00e1bado (23) ser\u00e1 as 22h e, no domingo (24), \u00e0s 20h.<\/p>\n<p><strong>LEIA TAMB\u00c9M<br \/>\n<\/strong><a href=\"https:\/\/jundiai.sp.gov.br\/noticias\/2015\/05\/08\/polytheama-senhor-dodoi-volta-com-nova-temporada\/\" target=\"_blank\" rel=\"noopener noreferrer\">Polytheama: \u2018Senhor Dod\u00f3i\u2019 volta com nova temporada<\/a><br \/>\n<a href=\"https:\/\/jundiai.sp.gov.br\/noticias\/2015\/05\/07\/audiencia-publica-encaminha-tombamento-da-casa-rosa\/\" target=\"_blank\" rel=\"noopener noreferrer\">Audi\u00eancia p\u00fablica encaminha tombamento da \u2018Casa Rosa\u2019<\/a><br \/>\n<a href=\"https:\/\/jundiai.sp.gov.br\/noticias\/2015\/05\/07\/jundiaienses-se-destacam-em-turne-de-espetaculos-de-opera\/\" target=\"_blank\" rel=\"noopener noreferrer\">Jundiaienses se destacam em turn\u00ea de espet\u00e1culos de \u00f3pera<\/a><br \/>\n<a href=\"https:\/\/jundiai.sp.gov.br\/noticias\/2015\/05\/08\/4o-volume-da-serie-poetas-da-bola-vai-ser-lancado-no-solar-do-barao\/\" target=\"_blank\" rel=\"noopener noreferrer\">4\u00ba volume \u2018Poetas da Bola\u2019 vai ser lan\u00e7ado no Solar no s\u00e1bado (9)<\/a><br \/>\n<a href=\"https:\/\/jundiai.sp.gov.br\/noticias\/2015\/05\/08\/peama-emociona-plateia-em-abertura-da-mostra-de-danca-de-jundiai\/\" target=\"_blank\" rel=\"noopener noreferrer\">Peama emociona plateia em abertura da Mostra de Dan\u00e7a de Jundia\u00ed<\/a><\/p>\n<div id=\"attachment_137542\" style=\"width: 730px\" class=\"wp-caption aligncenter\"><a href=\"https:\/\/jundiai.sp.gov.br\/noticias\/wp-content\/uploads\/sites\/32\/2015\/05\/Teatro-m\u00e1gico-Foto_Luiz_Rodrigues_G.jpg\"><img loading=\"lazy\" decoding=\"async\" aria-describedby=\"caption-attachment-137542\" class=\"size-large wp-image-137542\" src=\"https:\/\/jundiai.sp.gov.br\/noticias\/wp-content\/uploads\/sites\/32\/2015\/05\/Teatro-m\u00e1gico-Foto_Luiz_Rodrigues_G-720x480.jpg\" alt=\"Teatro M\u00e1gico vai abrir as atividades, na sexta (22), no Parque da Uva\" width=\"720\" height=\"480\" srcset=\"https:\/\/jundiai.sp.gov.br\/noticias\/wp-content\/uploads\/sites\/32\/2015\/05\/Teatro-m\u00e1gico-Foto_Luiz_Rodrigues_G-720x480.jpg 720w, https:\/\/jundiai.sp.gov.br\/noticias\/wp-content\/uploads\/sites\/32\/2015\/05\/Teatro-m\u00e1gico-Foto_Luiz_Rodrigues_G-300x200.jpg 300w, https:\/\/jundiai.sp.gov.br\/noticias\/wp-content\/uploads\/sites\/32\/2015\/05\/Teatro-m\u00e1gico-Foto_Luiz_Rodrigues_G.jpg 1240w\" sizes=\"auto, (max-width: 720px) 100vw, 720px\" \/><\/a><p id=\"caption-attachment-137542\" class=\"wp-caption-text\">Teatro M\u00e1gico vai abrir as atividades, na sexta (22), no Parque da Uva<\/p><\/div>\n<p><strong>Com formato e programa\u00e7\u00e3o desenvolvidos de acordo com o perfil da cidade, <a href=\"https:\/\/jundiai.sp.gov.br\/noticias\/2015\/03\/20\/virada-jundiai-tera-48-horas-e-mais-de-70-atracoes-culturais\/\" target=\"_blank\" rel=\"noopener noreferrer\">a Virada Jundia\u00ed traz artistas nacionais e locais de diferentes estilos<\/a><\/strong>. \u201cA Virada Jundia\u00ed contar\u00e1 com <strong>programa\u00e7\u00e3o diversificada, pensada especialmente para o jundiaiense<\/strong>, com atra\u00e7\u00f5es de <strong>renome nacional<\/strong>, mas tamb\u00e9m abrir\u00e1 espa\u00e7o para os <strong>artistas da cidade. Com certeza, ser\u00e1 um marco cultural na cidade<\/strong>\u201d, destaca o secret\u00e1rio de Cultura, T\u00e9rcio Marinho.<\/p>\n<p><strong>Quem abre o evento, no dia 22, \u00e0s 18h, no palco em frente ao Solar do Bar\u00e3o \u00e9 o grupo Dem\u00f4nios da Garoa. No Parque da Uva, \u00e0s 20h30, o grupo Teatro M\u00e1gico se apresenta<\/strong> com toda a sua irrever\u00eancia em um show perform\u00e1tico que promete encantar o p\u00fablico.<\/p>\n<p><strong>Rap, MPB, sertanejo e m\u00fasica instrumental est\u00e3o garantidos nos palcos da Virada Jundia\u00ed com os artistas GOG, Chico C\u00e9sar, dupla Z\u00e9 Henrique e Gabriel e Yamandu Costa. Dividindo a cena com estes grandes nomes da cultura nacional estar\u00e3o cerca de 70 artistas da cidade. <\/strong><\/p>\n<p>A Virada Jundia\u00ed tamb\u00e9m traz destaques das <strong>artes c\u00eanicas<\/strong> como a <strong>Cisne Negro Cia. de Dan\u00e7a, Barbatuques, Buzum (teatro de bonecos)<\/strong>, entre outros.<\/p>\n<p><strong><em>Viviane Rodrigues<br \/>\nFoto: Divulga\u00e7\u00e3o<\/em><\/strong><\/p>\n","protected":false},"excerpt":{"rendered":"<p>Uma experi\u00eancia cultural inovadora, Virada foi pensada para os jundiaienses e promete ser um marco para a cidade<\/p>\n","protected":false},"author":14,"featured_media":137490,"comment_status":"closed","ping_status":"closed","sticky":false,"template":"","format":"standard","meta":{"footnotes":""},"categories":[2],"tags":[666,29,449,621,290,276,370,98,578,577],"ods":[],"class_list":["post-137488","post","type-post","status-publish","format-standard","has-post-thumbnail","hentry","category-noticias","tag-casa-da-cultura","tag-cultura","tag-espaco-expressa","tag-estacao-juventude","tag-museu-historico-e-cultural-solar-do-barao","tag-parque-da-uva","tag-pinacoteca-municipal-diogenes-duarte-paes","tag-teatro-polytheama","tag-virada-jundiai","tag-virada-jundiai-2015"],"_links":{"self":[{"href":"https:\/\/jundiai.sp.gov.br\/noticias\/wp-json\/wp\/v2\/posts\/137488","targetHints":{"allow":["GET"]}}],"collection":[{"href":"https:\/\/jundiai.sp.gov.br\/noticias\/wp-json\/wp\/v2\/posts"}],"about":[{"href":"https:\/\/jundiai.sp.gov.br\/noticias\/wp-json\/wp\/v2\/types\/post"}],"author":[{"embeddable":true,"href":"https:\/\/jundiai.sp.gov.br\/noticias\/wp-json\/wp\/v2\/users\/14"}],"replies":[{"embeddable":true,"href":"https:\/\/jundiai.sp.gov.br\/noticias\/wp-json\/wp\/v2\/comments?post=137488"}],"version-history":[{"count":20,"href":"https:\/\/jundiai.sp.gov.br\/noticias\/wp-json\/wp\/v2\/posts\/137488\/revisions"}],"predecessor-version":[{"id":258254,"href":"https:\/\/jundiai.sp.gov.br\/noticias\/wp-json\/wp\/v2\/posts\/137488\/revisions\/258254"}],"wp:featuredmedia":[{"embeddable":true,"href":"https:\/\/jundiai.sp.gov.br\/noticias\/wp-json\/wp\/v2\/media\/137490"}],"wp:attachment":[{"href":"https:\/\/jundiai.sp.gov.br\/noticias\/wp-json\/wp\/v2\/media?parent=137488"}],"wp:term":[{"taxonomy":"category","embeddable":true,"href":"https:\/\/jundiai.sp.gov.br\/noticias\/wp-json\/wp\/v2\/categories?post=137488"},{"taxonomy":"post_tag","embeddable":true,"href":"https:\/\/jundiai.sp.gov.br\/noticias\/wp-json\/wp\/v2\/tags?post=137488"},{"taxonomy":"ods","embeddable":true,"href":"https:\/\/jundiai.sp.gov.br\/noticias\/wp-json\/wp\/v2\/ods?post=137488"}],"curies":[{"name":"wp","href":"https:\/\/api.w.org\/{rel}","templated":true}]}}