{"id":137634,"date":"2015-05-08T18:42:36","date_gmt":"2015-05-08T21:42:36","guid":{"rendered":"https:\/\/jundiai.sp.gov.br\/noticias\/?p=137634"},"modified":"2016-11-04T11:18:15","modified_gmt":"2016-11-04T13:18:15","slug":"peama-emociona-plateia-em-abertura-da-mostra-de-danca-de-jundiai","status":"publish","type":"post","link":"https:\/\/jundiai.sp.gov.br\/noticias\/2015\/05\/08\/peama-emociona-plateia-em-abertura-da-mostra-de-danca-de-jundiai\/","title":{"rendered":"Peama emociona plateia em abertura da Mostra de Dan\u00e7a de Jundia\u00ed"},"content":{"rendered":"<p><strong>A emo\u00e7\u00e3o tomou conta da plateia do <a href=\"http:\/\/cultura.jundiai.sp.gov.br\/espacos-culturais\/teatro-polytheama\/\" target=\"_blank\">Teatro Polytheama<\/a> na abertura da Mostra de Dan\u00e7a de Jundia\u00ed 2015, marcada pela apresenta\u00e7\u00e3o de 14 coreografias dos alunos do Programa de Esportes e Atividades Motoras Adaptadas (Peama) e entidades convidadas. Os bailarinos deram um show de supera\u00e7\u00e3o no palco ao transpor os limites impostos pela defici\u00eancia. <\/strong><\/p>\n<p>Vera L\u00facia Canterucci, de 69 anos, se emocionou ao ver a apresenta\u00e7\u00e3o do filho Lucas, de 28, que participa do Peama desde 1996. \u201cA mostra foi muito bonita, meu filho fez duas participa\u00e7\u00f5es, ele adora dan\u00e7ar. Cada apresenta\u00e7\u00e3o \u00e9 um desafio e o m\u00ednimo \u00e9 muito para eles\u201d, disse.<\/p>\n<p><strong><a href=\"https:\/\/jundiai.sp.gov.br\/noticias\/2015\/05\/06\/programacao-mostra-de-danca-2015\/\" target=\"_blank\">CONFIRA A PROGRAMA\u00c7\u00c3O COMPLETA DA MOSTRA DE DAN\u00c7A<\/a><\/strong><\/p>\n<p><strong>LEIA TAMB\u00c9M<br \/>\n<a href=\"https:\/\/jundiai.sp.gov.br\/noticias\/2015\/05\/08\/coordenadoria-da-juventude-promove-o-estacao-geek\/\" target=\"_blank\">Coordenadoria da Juventude promove o Esta\u00e7\u00e3o Geek<\/a><br \/>\n<a href=\"https:\/\/jundiai.sp.gov.br\/noticias\/2015\/05\/08\/com-mais-de-80-atracoes-virada-jundiai-comeca-na-sexta-22\/\" target=\"_blank\">\u2018Virada\u2019 come\u00e7a na sexta (22) com mais de 80 atra\u00e7\u00f5es<\/a><br \/>\n<a href=\"https:\/\/jundiai.sp.gov.br\/noticias\/2015\/05\/08\/bolao-sedia-competicao-especial-de-triatlo-neste-sabado-9\/\" target=\"_blank\">Bol\u00e3o sedia competi\u00e7\u00e3o especial de triatlo neste s\u00e1bado (9)<\/a><\/strong><\/p>\n<div id=\"attachment_137636\" style=\"width: 730px\" class=\"wp-caption aligncenter\"><a href=\"https:\/\/jundiai.sp.gov.br\/noticias\/wp-content\/uploads\/sites\/32\/2015\/05\/mostra_danca_peama_D439g.jpg\"><img loading=\"lazy\" decoding=\"async\" aria-describedby=\"caption-attachment-137636\" class=\"size-large wp-image-137636\" src=\"https:\/\/jundiai.sp.gov.br\/noticias\/wp-content\/uploads\/sites\/32\/2015\/05\/mostra_danca_peama_D439g-720x492.jpg\" alt=\"Bailarinos emocionaram a plateia na abertura da Mostra de Dan\u00e7a\" width=\"720\" height=\"492\" srcset=\"https:\/\/jundiai.sp.gov.br\/noticias\/wp-content\/uploads\/sites\/32\/2015\/05\/mostra_danca_peama_D439g-720x492.jpg 720w, https:\/\/jundiai.sp.gov.br\/noticias\/wp-content\/uploads\/sites\/32\/2015\/05\/mostra_danca_peama_D439g-300x205.jpg 300w, https:\/\/jundiai.sp.gov.br\/noticias\/wp-content\/uploads\/sites\/32\/2015\/05\/mostra_danca_peama_D439g.jpg 1240w\" sizes=\"auto, (max-width: 720px) 100vw, 720px\" \/><\/a><p id=\"caption-attachment-137636\" class=\"wp-caption-text\">Bailarinos emocionaram a plateia na abertura da Mostra de Dan\u00e7a<\/p><\/div>\n<p>H\u00e1 um ano, Maria Eduarda participa das aulas de dan\u00e7a do Peama e se apresentou em p\u00fablico pela segunda vez. Sua m\u00e3e, Maria Jos\u00e9 Nascimento, de 30 anos, destaca a evolu\u00e7\u00e3o da filha. \u201cO programa \u00e9 maravilhoso, <strong>atrav\u00e9s da dan\u00e7a minha filha adquiriu mais equil\u00edbrio e resist\u00eancia<\/strong>. \u00c9 a segunda vez que se apresenta, mas \u00e9 sempre uma emo\u00e7\u00e3o nova\u201d, afirmou.<\/p>\n<p>A presidente do <strong><a href=\"https:\/\/www.facebook.com\/fundosocialsolidariedadedejundiai?fref=ts\" target=\"_blank\">Fundo Social Solidariedade<\/a><\/strong>, Margarete Geraldo Bigardi, que representou o prefeito Pedro Bigardi na abertura da Mostra de Dan\u00e7a, destacou o <strong>esfor\u00e7o e dedica\u00e7\u00e3o dos bailarinos. \u201cParabenizo todos os envolvidos na organiza\u00e7\u00e3o deste evento, bailarinos e p\u00fablico que veio prestigiar este belo espet\u00e1culo de dan\u00e7a e m\u00fasica, que s\u00e3o alimentos para a alma.\u201d<\/strong><\/p>\n<p>O secret\u00e1rio de Cultura, T\u00e9rcio Marinho, destacou a <strong>atua\u00e7\u00e3o do Peama na abertura da Mostra de Dan\u00e7a 2015. \u201c\u00c9 uma honra ter o Peama na abertura da Mostra de Dan\u00e7a e dar oportunidade aos alunos mostrarem que a defici\u00eancia n\u00e3o \u00e9 barreira para mostrarem seu talento e potencial.&#8221;<\/strong><\/p>\n<p><strong>Mostra de dan\u00e7a<\/strong><br \/>\nPromovida pela <strong><a href=\"http:\/\/cultura.jundiai.sp.gov.br\/\" target=\"_blank\">Secretaria de Cultura<\/a><\/strong> em parceria com a Comiss\u00e3o de Dan\u00e7a de Jundia\u00ed, a <strong>Mostra de Dan\u00e7a de Jundia\u00ed 2015 prossegue na sexta (8) e s\u00e1bado (9), a partir das 20h, e no dia domingo (10), a partir das 17h, sempre com entrada gratuita.<\/strong><br \/>\n<strong><a href=\"https:\/\/jundiai.sp.gov.br\/noticias\/2015\/05\/06\/programacao-mostra-de-danca-2015\/\" target=\"_blank\">CONFIRA A PROGRAMA\u00c7\u00c3O COMPLETA DA MOSTRA DE DAN\u00c7A<\/a><\/strong><\/p>\n<p>A mostra ter\u00e1 apresenta\u00e7\u00e3o de <strong>33 coreografias selecionadas das 170 inscritas de 43 grupos<\/strong> sediados em Jundia\u00ed, Salto, Francisco Morato, Campinas, Itu, S\u00e3o Paulo,Campo Limpo Paulista, S\u00e3o Jos\u00e9 do Rio Pardo, V\u00e1rzea Paulista e Rio Claro. A Cia. de Dan\u00e7a de Jundia\u00ed far\u00e1 apresenta\u00e7\u00e3o especial nos dias 8, 9 e 10, encenando fragmentos da obra \u201cEntre V\u00e3os\u201d, de Felipe Sacon, com dire\u00e7\u00e3o art\u00edstica de C\u00edntia Ladeira e Rafael Zago.<\/p>\n<p>Segundo Cintia Ladeira, curadora da Mostra 2015, o <strong>evento possibilita um interc\u00e2mbio entre bailarinos, diretores, core\u00f3grafos e o p\u00fablico.<\/strong> \u201cUma vantagem desse formato da Mostra \u00e9 que<strong> n\u00e3o ocorre nenhuma rivalidade entre bailarinos e grupos de dan\u00e7a nos bastidores, pois todos que se apresentam j\u00e1 est\u00e3o premiados. Ent\u00e3o \u00e9 um clima delicioso atr\u00e1s das cortinas<\/strong>\u201d, comenta. A curadora salienta que o n\u00edvel t\u00e9cnico da Mostra aumenta a cada ano e todos ganham com isso.<\/p>\n<p><strong>Workshops gratuitos<\/strong><br \/>\n<strong>No s\u00e1bado (9), no Teatro Polytheama, ser\u00e3o promovidos workshops gratuitos nas modalidades sapateado, street dance, bal\u00e9 cl\u00e1ssico e contempor\u00e2neo. S\u00e3o destinados aos bailarinos inscritos na Mostra, por meio de inscri\u00e7\u00e3o na Secretaria de Cultura ou pelo e-mail <a href=\"mailto:studiocintialadeira@ig.com.br\" target=\"_blank\">studiocintialadeira@ig.com.br<\/a>, com vagas limitadas.<\/strong><\/p>\n<p><strong>Confira os hor\u00e1rios e modalidades:<\/strong><\/p>\n<ul>\n<li><em>das 9h \u00e0s 10h30, sapateado (professora Marchina);<\/em><\/li>\n<li><em>das 10h30 \u00e0s 12h, street dance (professora Monika Bernardes);<\/em><\/li>\n<li><em>das 12h \u00e0s 13h30, bal\u00e9 cl\u00e1ssico (professora Adriana Assaf);<\/em><\/li>\n<li><em>das 14 \u00e0s 15h30, contempor\u00e2neo (professora Liliane de Grammont).<\/em><\/li>\n<\/ul>\n<div id=\"attachment_137637\" style=\"width: 730px\" class=\"wp-caption aligncenter\"><a href=\"https:\/\/jundiai.sp.gov.br\/noticias\/wp-content\/uploads\/sites\/32\/2015\/05\/mostra_danca_peama_D223g.jpg\"><img loading=\"lazy\" decoding=\"async\" aria-describedby=\"caption-attachment-137637\" class=\"size-large wp-image-137637\" src=\"https:\/\/jundiai.sp.gov.br\/noticias\/wp-content\/uploads\/sites\/32\/2015\/05\/mostra_danca_peama_D223g-720x528.jpg\" alt=\"Apresenta\u00e7\u00f5es foram marcadas pela supera\u00e7\u00e3o dos bailarinos\" width=\"720\" height=\"528\" srcset=\"https:\/\/jundiai.sp.gov.br\/noticias\/wp-content\/uploads\/sites\/32\/2015\/05\/mostra_danca_peama_D223g-720x528.jpg 720w, https:\/\/jundiai.sp.gov.br\/noticias\/wp-content\/uploads\/sites\/32\/2015\/05\/mostra_danca_peama_D223g-300x220.jpg 300w, https:\/\/jundiai.sp.gov.br\/noticias\/wp-content\/uploads\/sites\/32\/2015\/05\/mostra_danca_peama_D223g.jpg 1240w\" sizes=\"auto, (max-width: 720px) 100vw, 720px\" \/><\/a><p id=\"caption-attachment-137637\" class=\"wp-caption-text\">Apresenta\u00e7\u00f5es foram marcadas pela supera\u00e7\u00e3o dos bailarinos<\/p><\/div>\n<p><strong><em>Viviane Rodrigues<br \/>\nFotos: Dorival Pinheiro Filho<\/em><\/strong><\/p>\n","protected":false},"excerpt":{"rendered":"<p>A emo\u00e7\u00e3o tomou conta da plateia do Teatro Polytheama na abertura da Mostra de Dan\u00e7a de Jundia\u00ed 2015, marcada pela apresenta\u00e7\u00e3o de 14 coreografias dos alunos do Programa de Esportes e Atividades Motoras Adaptadas (Peama) e entidades convidadas. Os bailarinos deram um show de supera\u00e7\u00e3o no palco ao transpor os limites impostos pela defici\u00eancia. Vera [&hellip;]<\/p>\n","protected":false},"author":14,"featured_media":0,"comment_status":"closed","ping_status":"closed","sticky":false,"template":"","format":"standard","meta":{"footnotes":""},"categories":[2],"tags":[29,35,633,538,96,98],"ods":[],"class_list":["post-137634","post","type-post","status-publish","format-standard","hentry","category-noticias","tag-cultura","tag-esporte-e-lazer","tag-mostra-de-danca","tag-mostra-de-danca-2015","tag-programa-de-esportes-e-atividades-motoras-adaptadas-peama","tag-teatro-polytheama"],"_links":{"self":[{"href":"https:\/\/jundiai.sp.gov.br\/noticias\/wp-json\/wp\/v2\/posts\/137634","targetHints":{"allow":["GET"]}}],"collection":[{"href":"https:\/\/jundiai.sp.gov.br\/noticias\/wp-json\/wp\/v2\/posts"}],"about":[{"href":"https:\/\/jundiai.sp.gov.br\/noticias\/wp-json\/wp\/v2\/types\/post"}],"author":[{"embeddable":true,"href":"https:\/\/jundiai.sp.gov.br\/noticias\/wp-json\/wp\/v2\/users\/14"}],"replies":[{"embeddable":true,"href":"https:\/\/jundiai.sp.gov.br\/noticias\/wp-json\/wp\/v2\/comments?post=137634"}],"version-history":[{"count":5,"href":"https:\/\/jundiai.sp.gov.br\/noticias\/wp-json\/wp\/v2\/posts\/137634\/revisions"}],"predecessor-version":[{"id":137641,"href":"https:\/\/jundiai.sp.gov.br\/noticias\/wp-json\/wp\/v2\/posts\/137634\/revisions\/137641"}],"wp:attachment":[{"href":"https:\/\/jundiai.sp.gov.br\/noticias\/wp-json\/wp\/v2\/media?parent=137634"}],"wp:term":[{"taxonomy":"category","embeddable":true,"href":"https:\/\/jundiai.sp.gov.br\/noticias\/wp-json\/wp\/v2\/categories?post=137634"},{"taxonomy":"post_tag","embeddable":true,"href":"https:\/\/jundiai.sp.gov.br\/noticias\/wp-json\/wp\/v2\/tags?post=137634"},{"taxonomy":"ods","embeddable":true,"href":"https:\/\/jundiai.sp.gov.br\/noticias\/wp-json\/wp\/v2\/ods?post=137634"}],"curies":[{"name":"wp","href":"https:\/\/api.w.org\/{rel}","templated":true}]}}