{"id":137737,"date":"2015-05-11T15:09:07","date_gmt":"2015-05-11T18:09:07","guid":{"rendered":"https:\/\/jundiai.sp.gov.br\/noticias\/?p=137737"},"modified":"2016-11-04T11:28:03","modified_gmt":"2016-11-04T13:28:03","slug":"maio-amarelo-estudantes-da-fatec-participam-de-palestra","status":"publish","type":"post","link":"https:\/\/jundiai.sp.gov.br\/noticias\/2015\/05\/11\/maio-amarelo-estudantes-da-fatec-participam-de-palestra\/","title":{"rendered":"\u2018Maio Amarelo\u2019: estudantes da Fatec participam de palestra"},"content":{"rendered":"<p><strong>O movimento Maio Amarelo, da Secretaria de Transportes, est\u00e1 realizando diversas a\u00e7\u00f5es desde o in\u00edcio da semana passada. Nesta segunda-feira (11), foram os estudantes da Fatec que acompanharam uma palestra sobre seguran\u00e7a no tr\u00e2nsito.<br \/>\n<\/strong><\/p>\n<p><strong>VEJA MAIS<br \/>\n<a href=\"https:\/\/jundiai.sp.gov.br\/noticias\/2015\/05\/08\/jundiai-lanca-cidade-caminhavel-nesta-sexta-15\/\" target=\"_blank\">Jundia\u00ed lan\u00e7a \u2018cidade caminh\u00e1vel\u2019 nesta sexta (15)<\/a><br \/>\n<a href=\"https:\/\/jundiai.sp.gov.br\/noticias\/2015\/05\/08\/maio-amarelo-servidores-publicos-sao-conscientizados\/\" target=\"_blank\">&#8216;Maio Amarelo&#8217;: servidores p\u00fablicos s\u00e3o conscientizados<\/a><\/strong><\/p>\n<div id=\"attachment_137738\" style=\"width: 410px\" class=\"wp-caption alignleft\"><a href=\"https:\/\/jundiai.sp.gov.br\/noticias\/wp-content\/uploads\/sites\/32\/2015\/05\/maio_amarelo_1G.jpg\"><img loading=\"lazy\" decoding=\"async\" aria-describedby=\"caption-attachment-137738\" class=\"size-full wp-image-137738\" src=\"https:\/\/jundiai.sp.gov.br\/noticias\/wp-content\/uploads\/sites\/32\/2015\/05\/maio_amarelo_1G.jpg\" alt=\"Palestra contou com grande participa\u00e7\u00e3o dos estudantes\" width=\"400\" height=\"400\" \/><\/a><p id=\"caption-attachment-137738\" class=\"wp-caption-text\">Palestra contou com grande participa\u00e7\u00e3o dos estudantes<\/p><\/div>\n<p>A palestra, ministrada pela coordenadora da Divis\u00e3o de Educa\u00e7\u00e3o para o Tr\u00e2nsito, Juliana Maia, e pelo agente de tr\u00e2nsito V\u00e1gner Quintilliano, abordou <strong>temas como cidadania no tr\u00e2nsito, estat\u00edsticas de acidentes, fatores de risco em acidentes e equipamentos de seguran\u00e7a, tendo como objetivo a conscientiza\u00e7\u00e3o dos jovens.<\/strong><\/p>\n<p>\u201c<strong>Em dados de 2013, n\u00f3s tivemos mais de 1.800 acidentes com vitimas, sendo que 60% destes eram jovens e 78% homens. Precisamos falar sobre tr\u00e2nsito seguro com eles<\/strong>\u201d, explicou Juliana.<\/p>\n<p>Com a participa\u00e7\u00e3o de estudantes de diferentes cursos, a palestra ocorreu em dois hor\u00e1rios, uma de manh\u00e3 e uma \u00e0 tarde e contou com intera\u00e7\u00e3o dos jovens, j\u00e1 que a maioria era habilitada. \u201cJ\u00e1 que os jovens s\u00e3o sempre muito conectados, essas palestras costumam ser bem interativas. No final, eles costumam tirar v\u00e1rias d\u00favidas\u201d, observou Juliana.<\/p>\n<p><strong>O movimento <\/strong><br \/>\nA palestra faz parte do movimento nacional \u2018Maio Amarelo\u2019, adotado pela primeira vez pela Secretaria de Transportes de Jundia\u00ed. Desde o dia 5 de maio, a pasta est\u00e1 realizando diversas a\u00e7\u00f5es pela cidade, buscando a seguran\u00e7a do tr\u00e2nsito.<\/p>\n<p><strong>Ainda essa semana, ocorrer\u00e1 a \u2018A\u00e7\u00e3o Escola\u2019, em que pais e alunos s\u00e3o conscientizados na porta das escolas, em hor\u00e1rio de entrada e sa\u00edda. Na ter\u00e7a (12), ser\u00e1 na EMEB Maria Ap. de Souza e na quinta (14), na EMEB Deolinda Copelli.<\/strong><\/p>\n<p><strong>Na quarta-feira (13), a a\u00e7\u00e3o ser\u00e1 na Avenida dos Ferrovi\u00e1rios, buscando interagir com os pedestres. Intitulada \u201cFaixa de Travessia\u201d, os pedestres ser\u00e3o conscientizados para uma travessia segura.<br \/>\n<\/strong><br \/>\n<strong>J\u00e1 na sexta (15), a Policia Militar atuar\u00e1 em conjunto com a Secretaria de Transportes para a realiza\u00e7\u00e3o de uma blitz educativa com os motociclistas.<\/strong><\/p>\n<p><em><strong>Assessoria de Imprensa<br \/>\nFoto: Fot\u00f3grafos PMJ<\/strong><\/em><\/p>\n","protected":false},"excerpt":{"rendered":"<p>O movimento Maio Amarelo, da Secretaria de Transportes, est\u00e1 realizando diversas a\u00e7\u00f5es desde o in\u00edcio da semana passada. Nesta segunda-feira (11), foram os estudantes da Fatec que acompanharam uma palestra sobre seguran\u00e7a no tr\u00e2nsito. VEJA MAIS Jundia\u00ed lan\u00e7a \u2018cidade caminh\u00e1vel\u2019 nesta sexta (15) &#8216;Maio Amarelo&#8217;: servidores p\u00fablicos s\u00e3o conscientizados A palestra, ministrada pela coordenadora da [&hellip;]<\/p>\n","protected":false},"author":21,"featured_media":0,"comment_status":"closed","ping_status":"closed","sticky":false,"template":"","format":"standard","meta":{"footnotes":""},"categories":[2],"tags":[662,27,338],"ods":[],"class_list":["post-137737","post","type-post","status-publish","format-standard","hentry","category-noticias","tag-maio-amarelo","tag-transito","tag-transportes"],"_links":{"self":[{"href":"https:\/\/jundiai.sp.gov.br\/noticias\/wp-json\/wp\/v2\/posts\/137737","targetHints":{"allow":["GET"]}}],"collection":[{"href":"https:\/\/jundiai.sp.gov.br\/noticias\/wp-json\/wp\/v2\/posts"}],"about":[{"href":"https:\/\/jundiai.sp.gov.br\/noticias\/wp-json\/wp\/v2\/types\/post"}],"author":[{"embeddable":true,"href":"https:\/\/jundiai.sp.gov.br\/noticias\/wp-json\/wp\/v2\/users\/21"}],"replies":[{"embeddable":true,"href":"https:\/\/jundiai.sp.gov.br\/noticias\/wp-json\/wp\/v2\/comments?post=137737"}],"version-history":[{"count":4,"href":"https:\/\/jundiai.sp.gov.br\/noticias\/wp-json\/wp\/v2\/posts\/137737\/revisions"}],"predecessor-version":[{"id":166054,"href":"https:\/\/jundiai.sp.gov.br\/noticias\/wp-json\/wp\/v2\/posts\/137737\/revisions\/166054"}],"wp:attachment":[{"href":"https:\/\/jundiai.sp.gov.br\/noticias\/wp-json\/wp\/v2\/media?parent=137737"}],"wp:term":[{"taxonomy":"category","embeddable":true,"href":"https:\/\/jundiai.sp.gov.br\/noticias\/wp-json\/wp\/v2\/categories?post=137737"},{"taxonomy":"post_tag","embeddable":true,"href":"https:\/\/jundiai.sp.gov.br\/noticias\/wp-json\/wp\/v2\/tags?post=137737"},{"taxonomy":"ods","embeddable":true,"href":"https:\/\/jundiai.sp.gov.br\/noticias\/wp-json\/wp\/v2\/ods?post=137737"}],"curies":[{"name":"wp","href":"https:\/\/api.w.org\/{rel}","templated":true}]}}