{"id":137815,"date":"2015-05-12T12:32:38","date_gmt":"2015-05-12T15:32:38","guid":{"rendered":"https:\/\/jundiai.sp.gov.br\/noticias\/?p=137815"},"modified":"2020-11-05T10:25:39","modified_gmt":"2020-11-05T13:25:39","slug":"regiao-da-vila-arens-da-sugestoes-sobre-plano-de-seguranca","status":"publish","type":"post","link":"https:\/\/jundiai.sp.gov.br\/noticias\/2015\/05\/12\/regiao-da-vila-arens-da-sugestoes-sobre-plano-de-seguranca\/","title":{"rendered":"Regi\u00e3o da Vila Arens d\u00e1 sugest\u00f5es sobre Plano de Seguran\u00e7a"},"content":{"rendered":"<p><strong>Aproximadamente cem pessoas participaram da audi\u00eancia p\u00fablica para discutir o Plano Municipal de Seguran\u00e7a P\u00fablica e Cidadania, na noite de segunda-feira (11), no audit\u00f3rio da Escola de Governo e Gest\u00e3o do Munic\u00edpio de Jundia\u00ed. O encontro abrangeu os bairros Vianelo, Vila Arens e Vila Progresso que contam, diariamente, com fluxo de 50 mil pessoas por conta dos com\u00e9rcios e servi\u00e7os instalados na regi\u00e3o.<\/strong><\/p>\n<p><strong>Reivindica\u00e7\u00f5es, contribui\u00e7\u00f5es e sugest\u00f5es<\/strong> foram dadas na audi\u00eancia, que reuniu<strong> estudantes da <a href=\"http:\/\/fmj.br\/\" target=\"_blank\" rel=\"noopener noreferrer\">Faculdade de Medicina de Jundia\u00ed (FMJ)<\/a>, representantes de movimentos culturais, l\u00edderes de bairro, comerciantes, al\u00e9m da Pol\u00edcia Militar, do <a href=\"http:\/\/www.12gac.eb.mil.br\/\" target=\"_blank\" rel=\"noopener noreferrer\">12\u00ba Grupo de Artilharia e Campanha (GAC) \u201cGrupo Bar\u00e3o de Jundiahy\u201d<\/a>, da Pol\u00edcia Rodovi\u00e1ria, secret\u00e1rios municipais e vereadores<\/strong>.<\/p>\n<p><strong>LEIA TAMB\u00c9M<\/strong><br \/>\n<a href=\"https:\/\/jundiai.sp.gov.br\/noticias\/2015\/05\/11\/ggim-acao-integrada-evita-baile-no-jardim-sao-camilo\/\" target=\"_blank\" rel=\"noopener noreferrer\">GGIM: A\u00e7\u00e3o integrada evita baile no Jardim S\u00e3o Camilo<\/a><br \/>\n<a href=\"https:\/\/jundiai.sp.gov.br\/noticias\/2015\/05\/09\/operacao-integrada-fiscaliza-estabelecimentos-no-jardim-sao-camilo\/\" target=\"_blank\" rel=\"noopener noreferrer\">Opera\u00e7\u00e3o integrada fiscaliza locais no Jardim S\u00e3o Camilo<\/a><br \/>\n<a href=\"https:\/\/jundiai.sp.gov.br\/noticias\/2015\/05\/11\/dia-da-bandeira-municipal-e-comemorado-pela-prefeitura\/\" target=\"_blank\" rel=\"noopener noreferrer\">Dia da Bandeira Municipal \u00e9 comemorado pela Prefeitura<\/a><br \/>\n<a href=\"https:\/\/jundiai.sp.gov.br\/noticias\/2015\/05\/07\/audiencia-publica-do-plano-de-seguranca-chega-a-regiao-do-retiro\/\" target=\"_blank\" rel=\"noopener noreferrer\">Audi\u00eancia p\u00fablica do Plano de Seguran\u00e7a chega \u00e0 regi\u00e3o do Retiro<\/a><\/p>\n<div id=\"attachment_137816\" style=\"width: 730px\" class=\"wp-caption aligncenter\"><a href=\"https:\/\/jundiai.sp.gov.br\/noticias\/wp-content\/uploads\/sites\/32\/2015\/05\/audiencia_publica_esc_governo_D14g.jpg\"><img loading=\"lazy\" decoding=\"async\" aria-describedby=\"caption-attachment-137816\" class=\"size-large wp-image-137816\" src=\"https:\/\/jundiai.sp.gov.br\/noticias\/wp-content\/uploads\/sites\/32\/2015\/05\/audiencia_publica_esc_governo_D14g-720x489.jpg\" alt=\"Participa\u00e7\u00e3o popular e de especialistas na \u00e1rea de seguran\u00e7a\" width=\"720\" height=\"489\" srcset=\"https:\/\/jundiai.sp.gov.br\/noticias\/wp-content\/uploads\/sites\/32\/2015\/05\/audiencia_publica_esc_governo_D14g-720x489.jpg 720w, https:\/\/jundiai.sp.gov.br\/noticias\/wp-content\/uploads\/sites\/32\/2015\/05\/audiencia_publica_esc_governo_D14g-300x203.jpg 300w, https:\/\/jundiai.sp.gov.br\/noticias\/wp-content\/uploads\/sites\/32\/2015\/05\/audiencia_publica_esc_governo_D14g.jpg 1240w\" sizes=\"auto, (max-width: 720px) 100vw, 720px\" \/><\/a><p id=\"caption-attachment-137816\" class=\"wp-caption-text\">Participa\u00e7\u00e3o popular e de especialistas na \u00e1rea de seguran\u00e7a<\/p><\/div>\n<p>\u201cA <strong>participa\u00e7\u00e3o da popula\u00e7\u00e3o nessa discuss\u00e3o \u00e9 extremamente positiva, pois Jundia\u00ed d\u00e1 os primeiros passos para potencializar a sensa\u00e7\u00e3o de seguran\u00e7a p\u00fablica<\/strong>. Precisamos encontrar formas de contribuir para minimizar os problemas, por isso <strong>cada um deve fazer a sua parte<\/strong>\u201d, disse o comandante do 12\u00ba GAC, tenente-coronel Messias Siqueira Mendes Barbosa.<\/p>\n<p>Ele comentou sobre a <strong><a href=\"https:\/\/jundiai.sp.gov.br\/noticias\/2015\/05\/05\/alunos-da-rede-municipal-participam-do-programa-forca-no-esporte\/\" target=\"_blank\" rel=\"noopener noreferrer\">parceria firmada com a Prefeitura de Jundia\u00ed no programa For\u00e7a no Esporte, que oferece a 100 crian\u00e7as o contato com diversas modalidades esportivas<\/a><\/strong>. \u201cS\u00e3o jovens que em vez de ficarem nas ruas, est\u00e3o praticando uma atividade f\u00edsica.\u201d<\/p>\n<p>O capit\u00e3o Roberto Borges, chefe da se\u00e7\u00e3o de Planejamento Operacional do 49\u00ba Batalh\u00e3o da Pol\u00edcia Militar, tamb\u00e9m <strong>elogiou a iniciativa. \u201c\u00c9 muito importante abrir esse espa\u00e7o para que a popula\u00e7\u00e3o possa participar. \u00c9 uma excelente iniciativa, nunca feita antes<\/strong>\u201d, afirmou o policial, que disse ter participado tamb\u00e9m como morador da regi\u00e3o.<\/p>\n<p>O presidente do Conselho de Seguran\u00e7a (Conseg) Jundia\u00ed Leste, Nelson Messina Filho, j\u00e1 acompanhou outras audi\u00eancias e diz que a <strong>proposta do Plano \u00e9 muito boa. \u201cAs pessoas n\u00e3o t\u00eam consci\u00eancia da busca que a Prefeitura est\u00e1 fazendo em rela\u00e7\u00e3o \u00e0 sociedade\u201d<\/strong>, afirmou. \u201c\u00c9 preciso entender no que a sociedade pode melhorar\u201d.<\/p>\n<p>Para as estudantes de medicina L\u00edvia da Silva Krzesinski, de Campinas, Ana Helena Pavan Amaral, de Santa B\u00e1rbara do Oeste, e Ana Laura de Carvalho Satti, de Tapiratiba, <strong>participar da audi\u00eancia p\u00fablica \u00e9 v\u00e1lido porque o dia a dia delas gira em torno da faculdade<\/strong>. \u201cAndamos muito a p\u00e9, geralmente sozinhas. Ent\u00e3o precisamos falar o que pode <strong>aumentar a sensa\u00e7\u00e3o de seguran\u00e7a<\/strong> e que de certa forma ficar\u00e1 para os outros alunos que vir\u00e3o estudar na FMJ\u201d, disse L\u00edvia.<\/p>\n<p>Participaram da audi\u00eancia a secret\u00e1ria de Planejamento e Meio Ambiente, Daniela da Camara Sutti; a secret\u00e1ria de Gest\u00e3o de Pessoas, Mary Fornari; a titular da Coordenadoria da Mulher, Marilza Campos; representantes da Defesa Civil e os vereadores Paulo Malerba, Marilena Negro e Leandro Palmarini.<\/p>\n<p><strong>Essencial<br \/>\nAs audi\u00eancias fazem parte do processo de implanta\u00e7\u00e3o do plano, que tem como eixo condutor a integra\u00e7\u00e3o entre as for\u00e7as de seguran\u00e7a, administra\u00e7\u00e3o p\u00fablica e sociedade.<\/strong><\/p>\n<p><strong>Para que os moradores possam ter maior participa\u00e7\u00e3o nos encontros, <a href=\"https:\/\/jundiai.sp.gov.br\/noticias\/2015\/05\/05\/datas-de-audiencia-de-plano-de-seguranca-tem-alteracao\/\" target=\"_blank\" rel=\"noopener noreferrer\">o Gabinete de Gest\u00e3o Integrada Municipal (GGIM) modificou as datas para que as audi\u00eancias sejam realizadas \u00e0 noite, sempre \u00e0s segundas e quartas-feiras<\/a>.<\/strong><\/p>\n<p>Segundo o coordenador-executivo do GGIM, Jos\u00e9 Carlos Pires, os <strong>encontros foram divididos por regi\u00f5es<\/strong>, de acordo com a aproxima\u00e7\u00e3o geogr\u00e1fica, para<strong> facilitar o deslocamento da popula\u00e7\u00e3o e tamb\u00e9m ouvir sugest\u00f5es e contribui\u00e7\u00f5es dos moradores de todos os bairros de Jundia\u00ed. A pr\u00f3xima audi\u00eancia ser\u00e1 nesta quarta-feira (13), \u00e0s 19h, na Emeb Prof. Fl\u00e1vio D\u2019Angieri, no Anhangaba\u00fa.<\/strong><\/p>\n<p><strong>O plano<\/strong><br \/>\nConstitu\u00eddo de <strong>10 desafios e 35 metas<\/strong>, o plano prev\u00ea a <strong>amplia\u00e7\u00e3o do sistema de videomonitoramento em parceria com o Governo do Estado. Chamado de Muralha Virtual, o objetivo \u00e9 de que as c\u00e2meras atendam n\u00e3o s\u00f3 Jundia\u00ed, mas todas as cidades que fazem parte da Aglomera\u00e7\u00e3o Urbana de Jundia\u00ed (AUJ).<\/strong><\/p>\n<p><strong>Outra meta \u00e9 a instala\u00e7\u00e3o da Delegacia da Pol\u00edcia Federal em Jundia\u00ed, assim como o Departamento de Pol\u00edcia do Interior (Deinter) e o Comando de Policiamento do Interior (CPI), ambos da Pol\u00edcia Militar.<\/strong><\/p>\n<p><strong>Al\u00e9m das metas j\u00e1 atingidas, como a cria\u00e7\u00e3o do Conselho Municipal de Seguran\u00e7a P\u00fablica e Cidadania e do Fundo Municipal, o plano ainda prev\u00ea a descentraliza\u00e7\u00e3o da Guarda Municipal, regulamenta\u00e7\u00e3o dos vigilantes aut\u00f4nomos, entre outras.<\/strong><\/p>\n<p><strong><em>Kadija Rodrigues<br \/>\nFoto: Dorival Pinheiro Filho<\/em><\/strong><\/p>\n","protected":false},"excerpt":{"rendered":"<p>Aproximadamente cem pessoas participaram da audi\u00eancia p\u00fablica para discutir o Plano Municipal de Seguran\u00e7a P\u00fablica e Cidadania, na noite de segunda-feira (11), no audit\u00f3rio da Escola de Governo e Gest\u00e3o do Munic\u00edpio de Jundia\u00ed. O encontro abrangeu os bairros Vianelo, Vila Arens e Vila Progresso que contam, diariamente, com fluxo de 50 mil pessoas por [&hellip;]<\/p>\n","protected":false},"author":14,"featured_media":0,"comment_status":"closed","ping_status":"closed","sticky":false,"template":"","format":"standard","meta":{"footnotes":""},"categories":[2],"tags":[140,308,378,250,560],"ods":[],"class_list":["post-137815","post","type-post","status-publish","format-standard","hentry","category-noticias","tag-12o-grupo-de-artilharia-de-campanha-gac","tag-escola-de-governo-e-gestao","tag-faculdade-de-medicina-de-jundiai-fmj","tag-gabinete-de-gestao-integrada-municipal-ggim","tag-plano-de-seguranca-publica-e-cidadania"],"_links":{"self":[{"href":"https:\/\/jundiai.sp.gov.br\/noticias\/wp-json\/wp\/v2\/posts\/137815","targetHints":{"allow":["GET"]}}],"collection":[{"href":"https:\/\/jundiai.sp.gov.br\/noticias\/wp-json\/wp\/v2\/posts"}],"about":[{"href":"https:\/\/jundiai.sp.gov.br\/noticias\/wp-json\/wp\/v2\/types\/post"}],"author":[{"embeddable":true,"href":"https:\/\/jundiai.sp.gov.br\/noticias\/wp-json\/wp\/v2\/users\/14"}],"replies":[{"embeddable":true,"href":"https:\/\/jundiai.sp.gov.br\/noticias\/wp-json\/wp\/v2\/comments?post=137815"}],"version-history":[{"count":3,"href":"https:\/\/jundiai.sp.gov.br\/noticias\/wp-json\/wp\/v2\/posts\/137815\/revisions"}],"predecessor-version":[{"id":257702,"href":"https:\/\/jundiai.sp.gov.br\/noticias\/wp-json\/wp\/v2\/posts\/137815\/revisions\/257702"}],"wp:attachment":[{"href":"https:\/\/jundiai.sp.gov.br\/noticias\/wp-json\/wp\/v2\/media?parent=137815"}],"wp:term":[{"taxonomy":"category","embeddable":true,"href":"https:\/\/jundiai.sp.gov.br\/noticias\/wp-json\/wp\/v2\/categories?post=137815"},{"taxonomy":"post_tag","embeddable":true,"href":"https:\/\/jundiai.sp.gov.br\/noticias\/wp-json\/wp\/v2\/tags?post=137815"},{"taxonomy":"ods","embeddable":true,"href":"https:\/\/jundiai.sp.gov.br\/noticias\/wp-json\/wp\/v2\/ods?post=137815"}],"curies":[{"name":"wp","href":"https:\/\/api.w.org\/{rel}","templated":true}]}}