{"id":137908,"date":"2015-05-12T18:44:52","date_gmt":"2015-05-12T21:44:52","guid":{"rendered":"https:\/\/jundiai.sp.gov.br\/noticias\/?p=137908"},"modified":"2016-11-04T11:28:07","modified_gmt":"2016-11-04T13:28:07","slug":"sesc-lanca-o-dia-do-desafio-em-jundiai-com-grande-festa","status":"publish","type":"post","link":"https:\/\/jundiai.sp.gov.br\/noticias\/2015\/05\/12\/sesc-lanca-o-dia-do-desafio-em-jundiai-com-grande-festa\/","title":{"rendered":"Sesc lan\u00e7a o Dia do Desafio em Jundia\u00ed com grande festa"},"content":{"rendered":"<p><strong>Em menos de um m\u00eas, a unidade do Sesc em Jundia\u00ed realizou duas grandes cerim\u00f4nias: <a href=\"https:\/\/jundiai.sp.gov.br\/noticias\/2015\/04\/18\/sesc-e-um-marco-na-historia-de-jundiai-diz-bigardi\/\" target=\"_blank\">a pr\u00f3pria inaugura\u00e7\u00e3o<\/a> e, nesta ter\u00e7a-feira (12), o lan\u00e7amento oficial da <a href=\"http:\/\/ww2.sescsp.org.br\/diadodesafio\/\" target=\"_blank\">23\u00aa edi\u00e7\u00e3o do Dia do Desafio<\/a>. Neste ano, as atividades ser\u00e3o desenvolvidas na quarta-feira (27), com o lema \u201cVoc\u00ea se mexe e o mundo mexe junto\u201d. O diretor de Fomento ao Comercio e Servi\u00e7os da Prefeitura, Edison Maltoni, representou o prefeito Pedro Bigardi.<\/strong><\/p>\n<p><strong>O Dia do Desafio \u00e9 uma campanha anual de incentivo \u00e0 pr\u00e1tica regular de atividades f\u00edsicas em benef\u00edcio da sa\u00fade. <\/strong>O evento de abertura em Jundia\u00ed contou com a presen\u00e7a de autoridades, atletas, representantes do meio esportivo nacional e internacional, al\u00e9m de l\u00edderes comunit\u00e1rios e outras personalidades.<\/p>\n<p><strong>LEIA TAMB\u00c9M<br \/>\n<a href=\"https:\/\/jundiai.sp.gov.br\/noticias\/2015\/05\/09\/com-mais-de-80-atracoes-virada-jundiai-comeca-na-sexta-22\/\" target=\"_blank\">\u2018Virada\u2019 come\u00e7a na sexta (22) com mais de 80 atra\u00e7\u00f5es<\/a><br \/>\n<a href=\"https:\/\/jundiai.sp.gov.br\/noticias\/2015\/05\/12\/prefeitura-e-esplanada-entregam-uniformes-a-destaque-do-peama\/\" target=\"_blank\">Prefeitura e Esplanada entregam uniformes a destaque do Peama<\/a><\/strong><\/p>\n<div id=\"attachment_137909\" style=\"width: 730px\" class=\"wp-caption aligncenter\"><a href=\"https:\/\/jundiai.sp.gov.br\/noticias\/wp-content\/uploads\/sites\/32\/2015\/05\/Dia_Desafio_A_50g.jpg\"><img loading=\"lazy\" decoding=\"async\" aria-describedby=\"caption-attachment-137909\" src=\"https:\/\/jundiai.sp.gov.br\/noticias\/wp-content\/uploads\/sites\/32\/2015\/05\/Dia_Desafio_A_50g-720x468.jpg\" alt=\"Cristiano Lopes agradeceu escolha de Jundia\u00ed como sede\" width=\"720\" height=\"468\" class=\"size-large wp-image-137909\" srcset=\"https:\/\/jundiai.sp.gov.br\/noticias\/wp-content\/uploads\/sites\/32\/2015\/05\/Dia_Desafio_A_50g-720x468.jpg 720w, https:\/\/jundiai.sp.gov.br\/noticias\/wp-content\/uploads\/sites\/32\/2015\/05\/Dia_Desafio_A_50g-300x195.jpg 300w, https:\/\/jundiai.sp.gov.br\/noticias\/wp-content\/uploads\/sites\/32\/2015\/05\/Dia_Desafio_A_50g.jpg 1240w\" sizes=\"auto, (max-width: 720px) 100vw, 720px\" \/><\/a><p id=\"caption-attachment-137909\" class=\"wp-caption-text\">Cristiano Lopes agradeceu escolha de Jundia\u00ed como sede<\/p><\/div>\n<p>\u201c\u00c9 muito <strong>gratificante estar recebendo outros munic\u00edpios aqui em Jundia\u00ed<\/strong> para um evento t\u00e3o importante e bonito como esse. O Dia do Desafio nos traz a oportunidade de <strong>pisar no acelerador em rela\u00e7\u00e3o \u00e0 mobiliza\u00e7\u00e3o das pessoas para a pr\u00e1tica esportiva. Este ano n\u00e3o vamos competir com nenhuma cidade, mas daremos in\u00edcio a um desafio muito maior: superar nossos pr\u00f3prios resultados<\/strong>\u201d, disse o secret\u00e1rio de Esportes e Lazer, Cristiano Lopes, que tamb\u00e9m agradeceu a <strong>escolha de Jundia\u00ed como cidade sede do lan\u00e7amento<\/strong>.<\/p>\n<p>O diretor regional do Sesc S\u00e3o Paulo, Danilo Santos de Miranda, falou sobre <strong>a import\u00e2ncia do tempo que as pessoas dedicam \u00e0 pratica esportiva<\/strong>. \u201cO Dia do Desafio busca a <strong>efetiva transforma\u00e7\u00e3o das pessoas, sensibilizando sobre a import\u00e2ncia da atividade f\u00edsica e o combate contra o sedentarismo. Queremos levar as pessoas a encontrar em seu pr\u00f3prio tempo um tempo que seja somente seu, para o seu bem-estar<\/strong>.\u201d<\/p>\n<p><iframe loading=\"lazy\" class=\"alignright\" width=\"420\" height=\"315\" src=\"https:\/\/www.youtube.com\/embed\/MB81XQmlA0U\" frameborder=\"0\" allowfullscreen><\/iframe>O lan\u00e7amento tamb\u00e9m marcou o <strong>sorteio eletr\u00f4nico das cidades concorrentes em 2015<\/strong>. Nesta edi\u00e7\u00e3o participar\u00e3o <strong>3165 cidades de 23 pa\u00edses<\/strong>, que competem em diversas categorias de forma amig\u00e1vel, refor\u00e7ando o esp\u00edrito comunit\u00e1rio e integra\u00e7\u00e3o social a favor da sa\u00fade pelo esporte.<\/p>\n<p>Durante a cerim\u00f4nia, o p\u00fablico apreciou diversas performances como apresenta\u00e7\u00f5es da Sele\u00e7\u00e3o Brasileira de Gin\u00e1stica R\u00edtimica, demonstra\u00e7\u00e3o de dan\u00e7a de rua, al\u00e9m da presen\u00e7a de atletas como Dante, Helinho, Maik e Beletti.<\/p>\n<p><strong>Dia do Desafio <\/strong><br \/>\n<strong>\u00c9 uma campanha mundial de incentivo \u00e0 pr\u00e1tica regular de atividades f\u00edsicas em benef\u00edcio da sa\u00fade e bem-estar, promovida por meio de a\u00e7\u00f5es das comunidades. Realizado anualmente sempre na \u00faltima quarta-feira de maio, o evento prop\u00f5e que as pessoas interrompam as atividades rotineiras e pratiquem qualquer tipo de atividade f\u00edsico-esportiva.<\/strong><\/p>\n<p>A partir do Dia do Desafio, <strong>outras a\u00e7\u00f5es come\u00e7am a ser implantadas nas cidades<\/strong>, em busca do bem-estar coletivo, como a <strong>Zumba nos Bairros, programa que j\u00e1 movimentou mais de 20 mil pessoas desde a estreia na cidade, em julho de 2014. Essa atividade foi executada pela primeira vez no munic\u00edpio durante o Dia do Desafio e segue com o sucesso nos espa\u00e7os p\u00fablicos do munic\u00edpio.<\/p>\n<p><a href=\"https:\/\/jundiai.sp.gov.br\/noticias\/2015\/04\/30\/zumba-nos-bairros-programacao-de-maio\/\" target=\"_blank\">CONFIRA A PROGRAMA\u00c7\u00c3O DO ZUMBA NOS BAIRROS PARA O M\u00caS DE MAIO<\/a><\/strong><\/p>\n<div id=\"attachment_137910\" style=\"width: 730px\" class=\"wp-caption aligncenter\"><a href=\"https:\/\/jundiai.sp.gov.br\/noticias\/wp-content\/uploads\/sites\/32\/2015\/05\/Dia_Desafio_A_144g.jpg\"><img loading=\"lazy\" decoding=\"async\" aria-describedby=\"caption-attachment-137910\" src=\"https:\/\/jundiai.sp.gov.br\/noticias\/wp-content\/uploads\/sites\/32\/2015\/05\/Dia_Desafio_A_144g-720x480.jpg\" alt=\"P\u00fablico desfrutou de diversas performances\" width=\"720\" height=\"480\" class=\"size-large wp-image-137910\" srcset=\"https:\/\/jundiai.sp.gov.br\/noticias\/wp-content\/uploads\/sites\/32\/2015\/05\/Dia_Desafio_A_144g-720x480.jpg 720w, https:\/\/jundiai.sp.gov.br\/noticias\/wp-content\/uploads\/sites\/32\/2015\/05\/Dia_Desafio_A_144g-300x200.jpg 300w, https:\/\/jundiai.sp.gov.br\/noticias\/wp-content\/uploads\/sites\/32\/2015\/05\/Dia_Desafio_A_144g.jpg 1240w\" sizes=\"auto, (max-width: 720px) 100vw, 720px\" \/><\/a><p id=\"caption-attachment-137910\" class=\"wp-caption-text\">P\u00fablico desfrutou de diversas performances<\/p><\/div>\n<p><strong><em>Assessoria de Imprensa<br \/>\nFotos: Alessandro Rosman<\/em><\/strong><\/p>\n","protected":false},"excerpt":{"rendered":"<p>Cidade foi escolhida como a sede do lan\u00e7amento oficial da 23\u00aa edi\u00e7\u00e3o do evento nesta ter\u00e7a-feira (12)<\/p>\n","protected":false},"author":14,"featured_media":137912,"comment_status":"closed","ping_status":"closed","sticky":false,"template":"","format":"standard","meta":{"footnotes":""},"categories":[2],"tags":[168,35,267],"ods":[],"class_list":["post-137908","post","type-post","status-publish","format-standard","has-post-thumbnail","hentry","category-noticias","tag-dia-do-desafio","tag-esporte-e-lazer","tag-sesc"],"_links":{"self":[{"href":"https:\/\/jundiai.sp.gov.br\/noticias\/wp-json\/wp\/v2\/posts\/137908","targetHints":{"allow":["GET"]}}],"collection":[{"href":"https:\/\/jundiai.sp.gov.br\/noticias\/wp-json\/wp\/v2\/posts"}],"about":[{"href":"https:\/\/jundiai.sp.gov.br\/noticias\/wp-json\/wp\/v2\/types\/post"}],"author":[{"embeddable":true,"href":"https:\/\/jundiai.sp.gov.br\/noticias\/wp-json\/wp\/v2\/users\/14"}],"replies":[{"embeddable":true,"href":"https:\/\/jundiai.sp.gov.br\/noticias\/wp-json\/wp\/v2\/comments?post=137908"}],"version-history":[{"count":6,"href":"https:\/\/jundiai.sp.gov.br\/noticias\/wp-json\/wp\/v2\/posts\/137908\/revisions"}],"predecessor-version":[{"id":138049,"href":"https:\/\/jundiai.sp.gov.br\/noticias\/wp-json\/wp\/v2\/posts\/137908\/revisions\/138049"}],"wp:featuredmedia":[{"embeddable":true,"href":"https:\/\/jundiai.sp.gov.br\/noticias\/wp-json\/wp\/v2\/media\/137912"}],"wp:attachment":[{"href":"https:\/\/jundiai.sp.gov.br\/noticias\/wp-json\/wp\/v2\/media?parent=137908"}],"wp:term":[{"taxonomy":"category","embeddable":true,"href":"https:\/\/jundiai.sp.gov.br\/noticias\/wp-json\/wp\/v2\/categories?post=137908"},{"taxonomy":"post_tag","embeddable":true,"href":"https:\/\/jundiai.sp.gov.br\/noticias\/wp-json\/wp\/v2\/tags?post=137908"},{"taxonomy":"ods","embeddable":true,"href":"https:\/\/jundiai.sp.gov.br\/noticias\/wp-json\/wp\/v2\/ods?post=137908"}],"curies":[{"name":"wp","href":"https:\/\/api.w.org\/{rel}","templated":true}]}}