{"id":138183,"date":"2015-05-13T16:05:53","date_gmt":"2015-05-13T19:05:53","guid":{"rendered":"https:\/\/jundiai.sp.gov.br\/noticias\/?p=138183"},"modified":"2016-11-04T11:28:08","modified_gmt":"2016-11-04T13:28:08","slug":"maio-amarelo-pedestres-sao-orientados-para-a-travessia-segura","status":"publish","type":"post","link":"https:\/\/jundiai.sp.gov.br\/noticias\/2015\/05\/13\/maio-amarelo-pedestres-sao-orientados-para-a-travessia-segura\/","title":{"rendered":"\u2018Maio Amarelo\u2019: pedestres s\u00e3o orientados para &#8216;travessia segura&#8217;"},"content":{"rendered":"<p><strong>Divulgar a campanha &#8216;Maio Amarelo&#8217; e pedir por um tr\u00e2nsito seguro foram os objetivos da Secretaria de Transportes em a\u00e7\u00e3o realizada na manh\u00e3 desta quarta-feira (13), na avenida Uni\u00e3o dos Ferrovi\u00e1rios, em frente \u00e0 Fatec e ao Poupatempo.<\/strong><\/p>\n<p>O movimento, que \u00e9 nacional, foi <strong>adotado pela primeira vez em Jundia\u00ed<\/strong>. Nesta quarta (13), a a\u00e7\u00e3o intitulada <strong>Travessia Segura<\/strong> foi destinada aos pedestres e contou com a equipe da Divis\u00e3o de Educa\u00e7\u00e3o para o Tr\u00e2nsito. <strong>La\u00e7os amarelos &#8211; s\u00edmbolo do movimento &#8211; foram entregues \u00e0s pessoas, inclusive pelo mascote Farolito<\/strong>.<\/p>\n<p><strong>LEIA TAMB\u00c9M<br \/>\n<a href=\"https:\/\/jundiai.sp.gov.br\/noticias\/2015\/05\/08\/jundiai-lanca-cidade-caminhavel-nesta-sexta-15\/\" target=\"_blank\">Jundia\u00ed lan\u00e7a \u2018cidade caminh\u00e1vel\u2019 nesta sexta (15)<\/a><br \/>\n<a href=\"https:\/\/jundiai.sp.gov.br\/noticias\/2015\/05\/08\/maio-amarelo-servidores-publicos-sao-conscientizados\/\" target=\"_blank\">Maio Amarelo\u2019: servidores p\u00fablicos s\u00e3o conscientizados<\/a><br \/>\n<a href=\"https:\/\/jundiai.sp.gov.br\/noticias\/2015\/05\/11\/maio-amarelo-estudantes-da-fatec-participam-de-palestra\/\" target=\"_blank\">\u2018Maio Amarelo\u2019: estudantes da Fatec participam de palestra<\/a><\/strong><\/p>\n<div id=\"attachment_138187\" style=\"width: 730px\" class=\"wp-caption aligncenter\"><a href=\"https:\/\/jundiai.sp.gov.br\/noticias\/wp-content\/uploads\/sites\/32\/2015\/05\/DSCN2130_G.jpg\"><img loading=\"lazy\" decoding=\"async\" aria-describedby=\"caption-attachment-138187\" class=\"size-large wp-image-138187\" src=\"https:\/\/jundiai.sp.gov.br\/noticias\/wp-content\/uploads\/sites\/32\/2015\/05\/DSCN2130_G-720x540.jpg\" alt=\"Com apoio do Farolito, pedestres foram orientados\" width=\"720\" height=\"540\" srcset=\"https:\/\/jundiai.sp.gov.br\/noticias\/wp-content\/uploads\/sites\/32\/2015\/05\/DSCN2130_G-720x540.jpg 720w, https:\/\/jundiai.sp.gov.br\/noticias\/wp-content\/uploads\/sites\/32\/2015\/05\/DSCN2130_G-300x225.jpg 300w, https:\/\/jundiai.sp.gov.br\/noticias\/wp-content\/uploads\/sites\/32\/2015\/05\/DSCN2130_G.jpg 1240w\" sizes=\"auto, (max-width: 720px) 100vw, 720px\" \/><\/a><p id=\"caption-attachment-138187\" class=\"wp-caption-text\">Com apoio do Farolito, pedestres foram orientados<\/p><\/div>\n<p>\u201cN\u00f3s escolhemos esse local para a conscientiza\u00e7\u00e3o porque, apesar de <strong>totalmente sinalizado corretamente para os pedestres<\/strong>, j\u00e1 foi palco de um atropelamento. Al\u00e9m disso,<strong> a concentra\u00e7\u00e3o de pessoas que passam aqui \u00e9 enorme e precisamos salientar sempre que \u00e9 necess\u00e1rio atravessar na faixa de pedestre<\/strong>\u201d, explicou a coordenadora da Divis\u00e3o de Educa\u00e7\u00e3o e Estat\u00edsticas de Tr\u00e2nsito, Juliana Maia.<\/p>\n<p>Somente em 2013, o setor de Estat\u00edstica de Tr\u00e2nsito de Jundia\u00ed registrou 235 atropelamentos. Dentre esses acidentes, quatro foram fatais e registrados nas avenidas mais movimentadas da cidade.<\/p>\n<p>\u201cPor isso <strong>\u00e9 necess\u00e1ria coopera\u00e7\u00e3o m\u00fatua entre motoristas e pedestres. O <a href=\"http:\/\/www.planalto.gov.br\/ccivil_03\/leis\/l9503.htm\" target=\"_blank\">C\u00f3digo de Tr\u00e2nsito Brasileiro (CTB)<\/a> prev\u00ea o agravamento das penalidades caso ocorra o atropelamento de um pedestre em cima da faixa de travessia. Ent\u00e3o, se ele iniciou a travessia, o motorista deve dar prefer\u00eancia<\/strong>\u201d, observou V\u00e1gner Quintilliano, agente de tr\u00e2nsito e especialista em gest\u00e3o e direito de tr\u00e2nsito.<\/p>\n<p>Para o diretor de tr\u00e2nsito, Rog\u00e9rio Alves dos Santos, s\u00e3o <strong>v\u00e1rios fatores determinantes para os atropelamentos, mas a falta de respeito \u00e9 uma das principais<\/strong>. \u201cAinda existe o <strong>uso de \u00e1lcool<\/strong>, que culmina geralmente em excesso de velocidade, al\u00e9m de outros fatores, por isso a campanha \u00e9 importante\u201d.<\/p>\n<p><strong>Programa\u00e7\u00e3o<br \/>\nNesta quinta-feira (14) ser\u00e1 realizada a A\u00e7\u00e3o Escola na Emeb Deolinda Copelli, em que pais e alunos ser\u00e3o conscientizados na porta da escola. J\u00e1 na sexta (15), a Policia Militar atuar\u00e1 em conjunto com a Secretaria de Transportes para a realiza\u00e7\u00e3o de uma blitz educativa com os motociclistas.<\/strong><\/p>\n<div id=\"attachment_138188\" style=\"width: 730px\" class=\"wp-caption aligncenter\"><a href=\"https:\/\/jundiai.sp.gov.br\/noticias\/wp-content\/uploads\/sites\/32\/2015\/05\/DSCN2133_G.jpg\"><img loading=\"lazy\" decoding=\"async\" aria-describedby=\"caption-attachment-138188\" class=\"size-large wp-image-138188\" src=\"https:\/\/jundiai.sp.gov.br\/noticias\/wp-content\/uploads\/sites\/32\/2015\/05\/DSCN2133_G-720x540.jpg\" alt=\"Campanha prossegue todo o m\u00eas\" width=\"720\" height=\"540\" srcset=\"https:\/\/jundiai.sp.gov.br\/noticias\/wp-content\/uploads\/sites\/32\/2015\/05\/DSCN2133_G-720x540.jpg 720w, https:\/\/jundiai.sp.gov.br\/noticias\/wp-content\/uploads\/sites\/32\/2015\/05\/DSCN2133_G-300x225.jpg 300w, https:\/\/jundiai.sp.gov.br\/noticias\/wp-content\/uploads\/sites\/32\/2015\/05\/DSCN2133_G.jpg 1240w\" sizes=\"auto, (max-width: 720px) 100vw, 720px\" \/><\/a><p id=\"caption-attachment-138188\" class=\"wp-caption-text\">Campanha prossegue todo o m\u00eas<\/p><\/div>\n<p><strong><em>Assessoria de Imprensa<br \/>\nFotos: Fot\u00f3grafos PMJ<\/em><\/strong><\/p>\n","protected":false},"excerpt":{"rendered":"<p>Programa\u00e7\u00e3o continua nesta quinta (14) com A\u00e7\u00e3o Escola na Emeb Deolinda Copelli e na sexta (15) em blitz educativa com motociclistas<\/p>\n","protected":false},"author":14,"featured_media":138196,"comment_status":"closed","ping_status":"closed","sticky":false,"template":"","format":"standard","meta":{"footnotes":""},"categories":[2],"tags":[662,27,338],"ods":[],"class_list":["post-138183","post","type-post","status-publish","format-standard","has-post-thumbnail","hentry","category-noticias","tag-maio-amarelo","tag-transito","tag-transportes"],"_links":{"self":[{"href":"https:\/\/jundiai.sp.gov.br\/noticias\/wp-json\/wp\/v2\/posts\/138183","targetHints":{"allow":["GET"]}}],"collection":[{"href":"https:\/\/jundiai.sp.gov.br\/noticias\/wp-json\/wp\/v2\/posts"}],"about":[{"href":"https:\/\/jundiai.sp.gov.br\/noticias\/wp-json\/wp\/v2\/types\/post"}],"author":[{"embeddable":true,"href":"https:\/\/jundiai.sp.gov.br\/noticias\/wp-json\/wp\/v2\/users\/14"}],"replies":[{"embeddable":true,"href":"https:\/\/jundiai.sp.gov.br\/noticias\/wp-json\/wp\/v2\/comments?post=138183"}],"version-history":[{"count":8,"href":"https:\/\/jundiai.sp.gov.br\/noticias\/wp-json\/wp\/v2\/posts\/138183\/revisions"}],"predecessor-version":[{"id":166048,"href":"https:\/\/jundiai.sp.gov.br\/noticias\/wp-json\/wp\/v2\/posts\/138183\/revisions\/166048"}],"wp:featuredmedia":[{"embeddable":true,"href":"https:\/\/jundiai.sp.gov.br\/noticias\/wp-json\/wp\/v2\/media\/138196"}],"wp:attachment":[{"href":"https:\/\/jundiai.sp.gov.br\/noticias\/wp-json\/wp\/v2\/media?parent=138183"}],"wp:term":[{"taxonomy":"category","embeddable":true,"href":"https:\/\/jundiai.sp.gov.br\/noticias\/wp-json\/wp\/v2\/categories?post=138183"},{"taxonomy":"post_tag","embeddable":true,"href":"https:\/\/jundiai.sp.gov.br\/noticias\/wp-json\/wp\/v2\/tags?post=138183"},{"taxonomy":"ods","embeddable":true,"href":"https:\/\/jundiai.sp.gov.br\/noticias\/wp-json\/wp\/v2\/ods?post=138183"}],"curies":[{"name":"wp","href":"https:\/\/api.w.org\/{rel}","templated":true}]}}