{"id":138279,"date":"2015-05-13T17:11:52","date_gmt":"2015-05-13T20:11:52","guid":{"rendered":"https:\/\/jundiai.sp.gov.br\/noticias\/?p=138279"},"modified":"2016-11-04T11:28:11","modified_gmt":"2016-11-04T13:28:11","slug":"educacao-realiza-mesa-redonda-sobre-importancia-do-cinema","status":"publish","type":"post","link":"https:\/\/jundiai.sp.gov.br\/noticias\/2015\/05\/13\/educacao-realiza-mesa-redonda-sobre-importancia-do-cinema\/","title":{"rendered":"Educa\u00e7\u00e3o realiza mesa-redonda sobre import\u00e2ncia do cinema"},"content":{"rendered":"<p><strong>Como o cinema pode auxiliar a educa\u00e7\u00e3o? Essa foi a pergunta que norteou a mesa-redonda promovida nesta quarta-feira (13) pela Secretaria de Educa\u00e7\u00e3o, no audit\u00f3rio da Biblioteca Professor Nelson Foot. A atividade integra a programa\u00e7\u00e3o 2015 do \u201cPapo Escola Pedag\u00f3gico\u201d, projeto especial de forma\u00e7\u00e3o lan\u00e7ado em 2013 para a promo\u00e7\u00e3o de debate com servidores sobre a \u00e1rea de educa\u00e7\u00e3o. Mais de 100 pessoas participaram. <\/strong><\/p>\n<p>O secret\u00e1rio de Educa\u00e7\u00e3o, Jos\u00e9 Renato Polli, foi o respons\u00e1vel por mediar a discuss\u00e3o. Para falar sobre o tema, estiveram presentes Sidnei Ferreira de Vares, historiador, psicopedagogo, mestre e doutor em educa\u00e7\u00e3o e professor universit\u00e1rio; Marcelo M\u00fcller, diretor, roteirista, professor de cinema e doutorando; e Thiago Rodrigues Miota, professor, graduado em economia, com especializa\u00e7\u00e3o em educa\u00e7\u00e3o e MBA em Gest\u00e3o Financeira.<\/p>\n<p><strong>LEIA TAMB\u00c9M<br \/>\n<a href=\"https:\/\/jundiai.sp.gov.br\/noticias\/2015\/05\/13\/inscricao-para-o-centro-de-linguas-vai-ate-segunda-feira-18\/\" target=\"_blank\">Inscri\u00e7\u00e3o para o Centro de L\u00ednguas vai at\u00e9 a segunda (18)<\/a><br \/>\n<a href=\"https:\/\/jundiai.sp.gov.br\/noticias\/2015\/05\/12\/prorrogada-inscricao-para-vestibulinho-do-instituto-federal\/\" target=\"_blank\">Prorrogada inscri\u00e7\u00e3o para vestibulinho do Instituto Federal<\/a><\/strong><\/p>\n<div id=\"attachment_138281\" style=\"width: 730px\" class=\"wp-caption aligncenter\"><a href=\"https:\/\/jundiai.sp.gov.br\/noticias\/wp-content\/uploads\/sites\/32\/2015\/05\/DSC_8587_G.jpg\"><img loading=\"lazy\" decoding=\"async\" aria-describedby=\"caption-attachment-138281\" class=\"size-large wp-image-138281\" src=\"https:\/\/jundiai.sp.gov.br\/noticias\/wp-content\/uploads\/sites\/32\/2015\/05\/DSC_8587_G-720x456.jpg\" alt=\"Atividade integra programa\u00e7\u00e3o do Papo Escola Pedag\u00f3gico\" width=\"720\" height=\"456\" srcset=\"https:\/\/jundiai.sp.gov.br\/noticias\/wp-content\/uploads\/sites\/32\/2015\/05\/DSC_8587_G-720x456.jpg 720w, https:\/\/jundiai.sp.gov.br\/noticias\/wp-content\/uploads\/sites\/32\/2015\/05\/DSC_8587_G-300x190.jpg 300w, https:\/\/jundiai.sp.gov.br\/noticias\/wp-content\/uploads\/sites\/32\/2015\/05\/DSC_8587_G.jpg 1240w\" sizes=\"auto, (max-width: 720px) 100vw, 720px\" \/><\/a><p id=\"caption-attachment-138281\" class=\"wp-caption-text\">Atividade integra programa\u00e7\u00e3o do Papo Escola Pedag\u00f3gico<\/p><\/div>\n<p><strong>\u201cO Papo Escola Pedag\u00f3gico foi idealizado para oferecer oportunidade de forma\u00e7\u00e3o complementar para a rede municipal de educa\u00e7\u00e3o. Abordamos temas que habitualmente n\u00e3o s\u00e3o discutidos. A participa\u00e7\u00e3o \u00e9 livre e definimos as datas e hor\u00e1rios conforme a agenda dos convidados.<\/strong> Desta vez, o enfoque \u00e9 o cinema como recurso importante para as quest\u00f5es educacionais\u201d, explica o secret\u00e1rio de Educa\u00e7\u00e3o.<\/p>\n<p><strong>Avalia\u00e7\u00e3o<br \/>\nPara Vares poder discutir a quest\u00e3o com os educadores de Jundia\u00ed foi importante.<\/strong> \u201c\u00c9 bom estimul\u00e1-los a <strong>ver o cinema de outro modo<\/strong>, n\u00e3o s\u00f3 como entretenimento, mas como <strong>ferramenta pedag\u00f3gica<\/strong>. O cinema \u00e9 imagem. Ele ajuda a tornar concreto determinados conceitos que, muitas vezes, s\u00e3o dif\u00edceis para o aluno compreender.\u201d<\/p>\n<p>A mesa-redonda durou cerca de duas horas. \u201cNovamente, a <strong>avalia\u00e7\u00e3o \u00e9 positiva. Al\u00e9m do n\u00famero de pessoas, a participa\u00e7\u00e3o com perguntas foi muito boa<\/strong>\u201d, acrescenta Polli.<\/p>\n<p><strong>O Papo Escola Pedag\u00f3gico nasceu dentro do Grupo de Estudos em Forma\u00e7\u00e3o Permanente da Estrutura de Gest\u00e3o da Secretaria de Educa\u00e7\u00e3o. O primeiro encontro do ano foi realizado no in\u00edcio do m\u00eas, com o tema \u201cCultura, diferen\u00e7a e ensino\u201d. Ainda neste semestre mais um evento ser\u00e1 realizado.<\/strong><\/p>\n<p><strong><em>Assessoria de Imprensa<br \/>\nFoto: Fot\u00f3grafos PMJ<\/em><\/strong><\/p>\n","protected":false},"excerpt":{"rendered":"<p>Como o cinema pode auxiliar a educa\u00e7\u00e3o? Essa foi a pergunta que norteou a mesa-redonda promovida nesta quarta-feira (13) pela Secretaria de Educa\u00e7\u00e3o, no audit\u00f3rio da Biblioteca Professor Nelson Foot. A atividade integra a programa\u00e7\u00e3o 2015 do \u201cPapo Escola Pedag\u00f3gico\u201d, projeto especial de forma\u00e7\u00e3o lan\u00e7ado em 2013 para a promo\u00e7\u00e3o de debate com servidores sobre [&hellip;]<\/p>\n","protected":false},"author":14,"featured_media":0,"comment_status":"closed","ping_status":"closed","sticky":false,"template":"","format":"standard","meta":{"footnotes":""},"categories":[2],"tags":[6,125],"ods":[],"class_list":["post-138279","post","type-post","status-publish","format-standard","hentry","category-noticias","tag-educacao","tag-papo-escola-pedagogico"],"_links":{"self":[{"href":"https:\/\/jundiai.sp.gov.br\/noticias\/wp-json\/wp\/v2\/posts\/138279","targetHints":{"allow":["GET"]}}],"collection":[{"href":"https:\/\/jundiai.sp.gov.br\/noticias\/wp-json\/wp\/v2\/posts"}],"about":[{"href":"https:\/\/jundiai.sp.gov.br\/noticias\/wp-json\/wp\/v2\/types\/post"}],"author":[{"embeddable":true,"href":"https:\/\/jundiai.sp.gov.br\/noticias\/wp-json\/wp\/v2\/users\/14"}],"replies":[{"embeddable":true,"href":"https:\/\/jundiai.sp.gov.br\/noticias\/wp-json\/wp\/v2\/comments?post=138279"}],"version-history":[{"count":5,"href":"https:\/\/jundiai.sp.gov.br\/noticias\/wp-json\/wp\/v2\/posts\/138279\/revisions"}],"predecessor-version":[{"id":166047,"href":"https:\/\/jundiai.sp.gov.br\/noticias\/wp-json\/wp\/v2\/posts\/138279\/revisions\/166047"}],"wp:attachment":[{"href":"https:\/\/jundiai.sp.gov.br\/noticias\/wp-json\/wp\/v2\/media?parent=138279"}],"wp:term":[{"taxonomy":"category","embeddable":true,"href":"https:\/\/jundiai.sp.gov.br\/noticias\/wp-json\/wp\/v2\/categories?post=138279"},{"taxonomy":"post_tag","embeddable":true,"href":"https:\/\/jundiai.sp.gov.br\/noticias\/wp-json\/wp\/v2\/tags?post=138279"},{"taxonomy":"ods","embeddable":true,"href":"https:\/\/jundiai.sp.gov.br\/noticias\/wp-json\/wp\/v2\/ods?post=138279"}],"curies":[{"name":"wp","href":"https:\/\/api.w.org\/{rel}","templated":true}]}}