{"id":138537,"date":"2015-05-15T14:01:27","date_gmt":"2015-05-15T17:01:27","guid":{"rendered":"https:\/\/jundiai.sp.gov.br\/noticias\/?p=138537"},"modified":"2016-11-04T11:28:16","modified_gmt":"2016-11-04T13:28:16","slug":"oficina-de-informacao-e-cidadania-sera-realizada-no-estacao-juventude","status":"publish","type":"post","link":"https:\/\/jundiai.sp.gov.br\/noticias\/2015\/05\/15\/oficina-de-informacao-e-cidadania-sera-realizada-no-estacao-juventude\/","title":{"rendered":"Esta\u00e7\u00e3o Juventude recebe Oficina de Informa\u00e7\u00e3o e Cidadania"},"content":{"rendered":"<p><strong>A <a href=\"https:\/\/www.facebook.com\/pages\/Coordenadoria-da-Juventude-de-Jundia%C3%AD\/227034494027268?fref=ts\" target=\"_blank\">Coordenadoria da Juventude<\/a> participa da Oficina de Informa\u00e7\u00e3o e Cidadania na pr\u00f3xima segunda-feira (18), \u00e0s 19h, no <a href=\"https:\/\/jundiai.sp.gov.br\/estacaojuventude\/\" target=\"_blank\">Esta\u00e7\u00e3o Juventude<\/a>, dentro do Complexo Fepasa. A atividade ser\u00e1 realizada pela ONG Aliados, em parceria com a coordenadoria e o Centro de Testagem e Aconselhamento em DST\/AIDS (CTA Jundia\u00ed), da Secretaria de Sa\u00fade.<\/strong><\/p>\n<p>Com o tema <strong>Sexo seguro, preven\u00e7\u00e3o com bom humor<\/strong>, o encontro vai reunir informa\u00e7\u00f5es como quais s\u00e3o os tipos de doen\u00e7as sexualmente transmiss\u00edveis e formas de preven\u00e7\u00e3o.<\/p>\n<p><strong>LEIA TAMB\u00c9M<br \/>\n<a href=\"https:\/\/jundiai.sp.gov.br\/noticias\/2015\/05\/14\/coordenadoria-e-referencia-para-itupeva\/\" target=\"_blank\">Coordenadoria \u00e9 refer\u00eancia para Itupeva<\/a><br \/>\n<a href=\"https:\/\/jundiai.sp.gov.br\/noticias\/2015\/05\/14\/grandes-nomes-da-musica-marcam-presenca-na-virada-jundiai\/\" target=\"_blank\">Grandes nomes da m\u00fasica marcam presen\u00e7a na Virada<\/a><br \/>\n<a href=\"https:\/\/jundiai.sp.gov.br\/noticias\/2015\/05\/13\/juventude-espera-por-300-participantes-no-estacao-geek\/\" target=\"_blank\">Juventude espera por 300 participantes no Esta\u00e7\u00e3o Geek<\/a><\/strong><\/p>\n<div id=\"attachment_138538\" style=\"width: 730px\" class=\"wp-caption aligncenter\"><a href=\"https:\/\/jundiai.sp.gov.br\/noticias\/wp-content\/uploads\/sites\/32\/2015\/05\/Juventude-_F\u00f3rum-LGBT_G.jpg\"><img loading=\"lazy\" decoding=\"async\" aria-describedby=\"caption-attachment-138538\" class=\"size-large wp-image-138538\" src=\"https:\/\/jundiai.sp.gov.br\/noticias\/wp-content\/uploads\/sites\/32\/2015\/05\/Juventude-_F\u00f3rum-LGBT_G-720x404.jpg\" alt=\"Atividade integra programa\u00e7\u00e3o do F\u00f3rum para popula\u00e7\u00e3o LGBT \" width=\"720\" height=\"404\" srcset=\"https:\/\/jundiai.sp.gov.br\/noticias\/wp-content\/uploads\/sites\/32\/2015\/05\/Juventude-_F\u00f3rum-LGBT_G-720x404.jpg 720w, https:\/\/jundiai.sp.gov.br\/noticias\/wp-content\/uploads\/sites\/32\/2015\/05\/Juventude-_F\u00f3rum-LGBT_G-300x168.jpg 300w, https:\/\/jundiai.sp.gov.br\/noticias\/wp-content\/uploads\/sites\/32\/2015\/05\/Juventude-_F\u00f3rum-LGBT_G.jpg 1240w\" sizes=\"auto, (max-width: 720px) 100vw, 720px\" \/><\/a><p id=\"caption-attachment-138538\" class=\"wp-caption-text\">Atividade integra programa\u00e7\u00e3o do F\u00f3rum para popula\u00e7\u00e3o LGBT<\/p><\/div>\n<p>\u201cA <strong>discuss\u00e3o da sexualidade est\u00e1 totalmente ligada \u00e0 juventude<\/strong>, ent\u00e3o, o encontro dar\u00e1 orienta\u00e7\u00f5es mas com uma abordagem diferente\u201d, explicou a respons\u00e1vel pela coordenadoria, Narrinam Camargo.<\/p>\n<p>Segundo Narrinam, <strong>encontros como este ser\u00e3o realizados mensalmente<\/strong>. \u201cA atividade d\u00e1 continuidade ao <strong><a href=\"https:\/\/jundiai.sp.gov.br\/noticias\/2015\/04\/28\/coordenadoria-cria-forum-para-populacao-lgbt\/\" target=\"_blank\">F\u00f3rum Permanente de Discuss\u00e3o dos Direitos da Popula\u00e7\u00e3o LGBT (L\u00e9sbicas, Gays, Bissexuais, Travestis, Transexuais e Transg\u00eaneros), criado no m\u00eas passado<\/a><\/strong>.\u201d<\/p>\n<p>A oficina ter\u00e1 presen\u00e7a da drag queen Dindry Buck &#8211; personagem criada pelo publicit\u00e1rio, jornalista, ator e maquiador Albert Roggenbuck &#8211; e tamb\u00e9m do jornalista Gestor de Eventos e Gestor do Projeto Oficinas, J. Ivo Brasil.<\/p>\n<p><strong>F\u00f3rum Municipal<br \/>\nOs encontros t\u00eam objetivo a prepara\u00e7\u00e3o para o 1\u00ba F\u00f3rum Municipal dos Direitos da Popula\u00e7\u00e3o LGBT, que ser\u00e1 realizado dia 13 de junho, das 8h30 \u00e0s 12h, na <a href=\"http:\/\/escoladegoverno.jundiai.sp.gov.br\/\" target=\"_blank\">Escola de Governo e Gest\u00e3o<\/a>.<\/strong><\/p>\n<p><strong>Os temas do f\u00f3rum ser\u00e3o:<\/strong><\/p>\n<ul>\n<li><em>A import\u00e2ncia da participa\u00e7\u00e3o social na constru\u00e7\u00e3o de pol\u00edticas p\u00fablicas e defesa de direitos LGBT;<\/em><\/li>\n<li><em>Aprova\u00e7\u00e3o da proposta do projeto de lei para a cria\u00e7\u00e3o do Conselho LGBT;<\/em><\/li>\n<li><em>Escolha dos membros que v\u00e3o compor as comiss\u00f5es de organiza\u00e7\u00e3o e de elei\u00e7\u00e3o da Confer\u00eancia Municipal dos Direitos da Popula\u00e7\u00e3o LGBT (ainda este ano).<\/em><\/li>\n<\/ul>\n<p><strong><em>Assessoria de Imprensa<br \/>\nFoto: Divulga\u00e7\u00e3o<\/em><\/strong><\/p>\n","protected":false},"excerpt":{"rendered":"<p>A Coordenadoria da Juventude participa da Oficina de Informa\u00e7\u00e3o e Cidadania na pr\u00f3xima segunda-feira (18), \u00e0s 19h, no Esta\u00e7\u00e3o Juventude, dentro do Complexo Fepasa. A atividade ser\u00e1 realizada pela ONG Aliados, em parceria com a coordenadoria e o Centro de Testagem e Aconselhamento em DST\/AIDS (CTA Jundia\u00ed), da Secretaria de Sa\u00fade. Com o tema Sexo [&hellip;]<\/p>\n","protected":false},"author":14,"featured_media":0,"comment_status":"closed","ping_status":"closed","sticky":false,"template":"","format":"standard","meta":{"footnotes":""},"categories":[2],"tags":[174,449,621,3],"ods":[],"class_list":["post-138537","post","type-post","status-publish","format-standard","hentry","category-noticias","tag-coordenadoria-da-juventude","tag-espaco-expressa","tag-estacao-juventude","tag-saude"],"_links":{"self":[{"href":"https:\/\/jundiai.sp.gov.br\/noticias\/wp-json\/wp\/v2\/posts\/138537","targetHints":{"allow":["GET"]}}],"collection":[{"href":"https:\/\/jundiai.sp.gov.br\/noticias\/wp-json\/wp\/v2\/posts"}],"about":[{"href":"https:\/\/jundiai.sp.gov.br\/noticias\/wp-json\/wp\/v2\/types\/post"}],"author":[{"embeddable":true,"href":"https:\/\/jundiai.sp.gov.br\/noticias\/wp-json\/wp\/v2\/users\/14"}],"replies":[{"embeddable":true,"href":"https:\/\/jundiai.sp.gov.br\/noticias\/wp-json\/wp\/v2\/comments?post=138537"}],"version-history":[{"count":4,"href":"https:\/\/jundiai.sp.gov.br\/noticias\/wp-json\/wp\/v2\/posts\/138537\/revisions"}],"predecessor-version":[{"id":138543,"href":"https:\/\/jundiai.sp.gov.br\/noticias\/wp-json\/wp\/v2\/posts\/138537\/revisions\/138543"}],"wp:attachment":[{"href":"https:\/\/jundiai.sp.gov.br\/noticias\/wp-json\/wp\/v2\/media?parent=138537"}],"wp:term":[{"taxonomy":"category","embeddable":true,"href":"https:\/\/jundiai.sp.gov.br\/noticias\/wp-json\/wp\/v2\/categories?post=138537"},{"taxonomy":"post_tag","embeddable":true,"href":"https:\/\/jundiai.sp.gov.br\/noticias\/wp-json\/wp\/v2\/tags?post=138537"},{"taxonomy":"ods","embeddable":true,"href":"https:\/\/jundiai.sp.gov.br\/noticias\/wp-json\/wp\/v2\/ods?post=138537"}],"curies":[{"name":"wp","href":"https:\/\/api.w.org\/{rel}","templated":true}]}}