{"id":138984,"date":"2015-05-19T13:07:39","date_gmt":"2015-05-19T16:07:39","guid":{"rendered":"https:\/\/jundiai.sp.gov.br\/noticias\/?p=138984"},"modified":"2016-11-04T11:32:19","modified_gmt":"2016-11-04T13:32:19","slug":"faculdade-de-medicina-jundiai-recebe-premio-em-congresso","status":"publish","type":"post","link":"https:\/\/jundiai.sp.gov.br\/noticias\/2015\/05\/19\/faculdade-de-medicina-jundiai-recebe-premio-em-congresso\/","title":{"rendered":"Faculdade de Medicina Jundia\u00ed recebe pr\u00eamio em congresso"},"content":{"rendered":"<p><strong>O InterOnco \u00e9 o congresso das ligas de Oncologia Cl\u00ednica com o objetivo de integrar os estudantes para discutir, expandir e disseminar conhecimento sobre Oncologia, tema muitas vezes tratado com ressalvas durante a gradua\u00e7\u00e3o m\u00e9dica.<br \/>\n<\/strong><\/p>\n<p><strong>LEIA TAMB\u00c9M<br \/>\n<a href=\"https:\/\/jundiai.sp.gov.br\/noticias\/2015\/05\/14\/jundiai-realiza-o-1o-forum-da-rede-hospitalar-do-municipio\/\" target=\"_blank\">Jundia\u00ed realiza o 1\u00ba F\u00f3rum da Rede Hospitalar do munic\u00edpio<\/a><br \/>\n<a href=\"https:\/\/jundiai.sp.gov.br\/noticias\/2015\/05\/13\/alunos-da-fmj-realizam-mutirao-e-oficinas-de-saude-em-varzea\/\" target=\"_blank\">Alunos da FMJ realizam mutir\u00e3o e oficinas de sa\u00fade em V\u00e1rzea<\/a><\/strong><\/p>\n<div id=\"attachment_138986\" style=\"width: 410px\" class=\"wp-caption alignleft\"><a href=\"https:\/\/jundiai.sp.gov.br\/noticias\/wp-content\/uploads\/sites\/32\/2015\/05\/interonco_alta_3G.jpg\"><img loading=\"lazy\" decoding=\"async\" aria-describedby=\"caption-attachment-138986\" src=\"https:\/\/jundiai.sp.gov.br\/noticias\/wp-content\/uploads\/sites\/32\/2015\/05\/interonco_alta_3G.jpg\" alt=\"Alunos da Medicina Jundia\u00ed participaram do congresso\" width=\"400\" height=\"400\" class=\"size-full wp-image-138986\" \/><\/a><p id=\"caption-attachment-138986\" class=\"wp-caption-text\">Alunos da Medicina Jundia\u00ed participaram do congresso<\/p><\/div>\n<p>Neste ano, a aluna Jessika Endrigo conquistou o segundo lugar na premia\u00e7\u00e3o com o projeto de inicia\u00e7\u00e3o cient\u00edfica, intitulado \u201cAvalia\u00e7\u00e3o CAP em dois grupos de mulheres com diagn\u00f3stico precoce e tardio de c\u00e2ncer de mama, em Jundiai&#8221;.<\/p>\n<p>O projeto avaliava o conhecimento sobre fatores de risco para c\u00e2ncer de mama, as medidas mais eficazes de preven\u00e7\u00e3o prim\u00e1ria e as interven\u00e7\u00f5es para tratamento.<\/p>\n<p>O objetivo deste estudo descritivo foi avaliar o conhecimento, atitudes e pr\u00e1ticas  de mulheres com c\u00e2ncer de mama sobre a doen\u00e7a. <strong>O estudo ainda confirma pol\u00edticas p\u00fablicas atuais em Jundia\u00ed, enfatiza o conhecimento e a atitude positiva sobre o c\u00e2ncer como fatores contribuintes para melhorar os indicadores para o diagn\u00f3stico precoce.<\/strong><\/p>\n<p>O 3\u00ba InterOnco foi realizado no Centro de Conven\u00e7\u00f5es Rebou\u00e7as, domingo (17), e contou com participa\u00e7\u00e3o de aproximadamente 500 estudantes &#8211; 40 deles da Faculdade de Medicina de Jundia\u00ed.<\/p>\n<p><em><strong>Assessoria de Imprensa FMJ<br \/>\nFoto: Divulga\u00e7\u00e3o<\/strong><\/em><\/p>\n","protected":false},"excerpt":{"rendered":"<p>O InterOnco \u00e9 o congresso das ligas de Oncologia Cl\u00ednica com o objetivo de integrar os estudantes para discutir, expandir e disseminar conhecimento sobre Oncologia, tema muitas vezes tratado com ressalvas durante a gradua\u00e7\u00e3o m\u00e9dica. LEIA TAMB\u00c9M Jundia\u00ed realiza o 1\u00ba F\u00f3rum da Rede Hospitalar do munic\u00edpio Alunos da FMJ realizam mutir\u00e3o e oficinas de [&hellip;]<\/p>\n","protected":false},"author":21,"featured_media":0,"comment_status":"closed","ping_status":"closed","sticky":false,"template":"","format":"standard","meta":{"footnotes":""},"categories":[2],"tags":[378],"ods":[],"class_list":["post-138984","post","type-post","status-publish","format-standard","hentry","category-noticias","tag-faculdade-de-medicina-de-jundiai-fmj"],"_links":{"self":[{"href":"https:\/\/jundiai.sp.gov.br\/noticias\/wp-json\/wp\/v2\/posts\/138984","targetHints":{"allow":["GET"]}}],"collection":[{"href":"https:\/\/jundiai.sp.gov.br\/noticias\/wp-json\/wp\/v2\/posts"}],"about":[{"href":"https:\/\/jundiai.sp.gov.br\/noticias\/wp-json\/wp\/v2\/types\/post"}],"author":[{"embeddable":true,"href":"https:\/\/jundiai.sp.gov.br\/noticias\/wp-json\/wp\/v2\/users\/21"}],"replies":[{"embeddable":true,"href":"https:\/\/jundiai.sp.gov.br\/noticias\/wp-json\/wp\/v2\/comments?post=138984"}],"version-history":[{"count":4,"href":"https:\/\/jundiai.sp.gov.br\/noticias\/wp-json\/wp\/v2\/posts\/138984\/revisions"}],"predecessor-version":[{"id":138989,"href":"https:\/\/jundiai.sp.gov.br\/noticias\/wp-json\/wp\/v2\/posts\/138984\/revisions\/138989"}],"wp:attachment":[{"href":"https:\/\/jundiai.sp.gov.br\/noticias\/wp-json\/wp\/v2\/media?parent=138984"}],"wp:term":[{"taxonomy":"category","embeddable":true,"href":"https:\/\/jundiai.sp.gov.br\/noticias\/wp-json\/wp\/v2\/categories?post=138984"},{"taxonomy":"post_tag","embeddable":true,"href":"https:\/\/jundiai.sp.gov.br\/noticias\/wp-json\/wp\/v2\/tags?post=138984"},{"taxonomy":"ods","embeddable":true,"href":"https:\/\/jundiai.sp.gov.br\/noticias\/wp-json\/wp\/v2\/ods?post=138984"}],"curies":[{"name":"wp","href":"https:\/\/api.w.org\/{rel}","templated":true}]}}