{"id":139109,"date":"2015-05-19T17:37:41","date_gmt":"2015-05-19T20:37:41","guid":{"rendered":"https:\/\/jundiai.sp.gov.br\/noticias\/?p=139109"},"modified":"2016-11-04T11:32:35","modified_gmt":"2016-11-04T13:32:35","slug":"dae-promove-evento-caminhada-pela-agua","status":"publish","type":"post","link":"https:\/\/jundiai.sp.gov.br\/noticias\/2015\/05\/19\/dae-promove-evento-caminhada-pela-agua\/","title":{"rendered":"DAE e Ambev promovem &#8216;Caminhada pela \u00c1gua&#8217;"},"content":{"rendered":"<p><strong>Para dar in\u00edcio \u00e0 Semana do Meio Ambiente, a <a href=\"http:\/\/www.daejundiai.com.br\/\" target=\"_blank\">DAE Jundia\u00ed<\/a> realiza, em parceria com a Ambev, a Caminhada pela \u00c1gua no s\u00e1bado (30), em uma propriedade rural no Caxambu. A inten\u00e7\u00e3o da iniciativa \u00e9 chamar a aten\u00e7\u00e3o para os planos de conserva\u00e7\u00e3o de mananciais em andamento na cidade.<\/strong><\/p>\n<p><strong>O ponto de encontro ser\u00e1 na portaria do <a href=\"http:\/\/parquedacidade.jundiai.sp.gov.br\/\" target=\"_blank\">Parque da Cidade<\/a>, \u00e0s 8h30 do s\u00e1bado (30). O \u00f4nibus levar\u00e1 os participantes at\u00e9 bairro do Caxambu.<\/strong> J\u00e1 na propriedade, o p\u00fablico participar\u00e1 de uma <strong>caminhada monitorada de aproximadamente dois quil\u00f4metros<\/strong>. Depois do percurso, as <strong>pessoas conhecer\u00e3o a rotina de um produtor rural e ainda poder\u00e3o plantar uma muda de \u00e1rvore nas margens de uma nascente do rio Jundia\u00ed-Mirim<\/strong>.<\/p>\n<p><strong>LEIA TAMB\u00c9M<br \/>\n<a href=\"https:\/\/jundiai.sp.gov.br\/noticias\/2015\/05\/19\/encontro-na-dae-discute-eventos-hidrologicos-extremos\/\" target=\"_blank\">Encontro na DAE discute eventos hidrol\u00f3gicos extremos<\/a><br \/>\n<a href=\"https:\/\/jundiai.sp.gov.br\/noticias\/2015\/05\/19\/3a-caminhada-do-procon-jundiai-esta-marcada-para-o-domingo-31\/\" target=\"_blank\">3\u00aa Caminhada do Procon Jundia\u00ed est\u00e1 marcada para o domingo (31)<\/a><\/strong><\/p>\n<p>A caminhada \u00e9 o primeiro passo dentro do estudo que a empresa realiza para firmar parceria com a DAE Jundia\u00ed e levar o Projeto Bacias at\u00e9 a cidade.<\/p>\n<p>O Projeto Bacias tem como miss\u00e3o <strong>auxiliar na conserva\u00e7\u00e3o e na recupera\u00e7\u00e3o de microbacias<\/strong>, em que a Ambev mant\u00e9m  suas unidades produtivas de bebidas no territ\u00f3rio nacional. Por meio da iniciativa, a<strong> companhia j\u00e1 atua nas bacias dos rios Corumb\u00e1 e Parano\u00e1 em Bras\u00edlia  e  na Bacia PCJ \u2013 Rios Piracicaba, Capivari e Jundia\u00ed (Jaguari\u00fana)<\/strong>.<\/p>\n<p>Dentre os principais objetivos da parceria est\u00e1 a <strong>solu\u00e7\u00e3o de problemas em torno do rio Jundia\u00ed-Mirim como aus\u00eancia de mata ciliar, assoreamento, constru\u00e7\u00f5es irregulares, excesso de lixo no entorno e conserva\u00e7\u00e3o das nascentes<\/strong>. Para isso, ser\u00e3o implantados <strong>projetos de recupera\u00e7\u00e3o, conserva\u00e7\u00e3o e preserva\u00e7\u00e3o do manancial<\/strong>.<\/p>\n<p>\u201cEstamos muito otimistas com o andamento do estudo para viabilizar o Projeto Bacias em Jundia\u00ed e <strong>essa caminhada \u00e9 uma oportunidade de conscientiza\u00e7\u00e3o da popula\u00e7\u00e3o<\/strong>\u201d, afirma a gerente de rela\u00e7\u00f5es socioambientais da Ambev, Simone Veltri.<\/p>\n<p>O diretor-presidente da DAE, Jamil Yatim, lembra que <strong>a preserva\u00e7\u00e3o de mananciais \u00e9 uma causa de todos<\/strong>. \u201cSer\u00e1 uma <strong>oportunidade de conhecer a vida do produtor rural e valorizar seu trabalho<\/strong>&#8220;, explica. &#8220;Mas ser\u00e1 tamb\u00e9m o<strong> pontap\u00e9 inicial de um grande projeto que visa recuperar todas as nascentes da bacia Jundia\u00ed-Mirim<\/strong>.\u201d<\/p>\n<p><strong>A participa\u00e7\u00e3o no evento \u00e9 gratuita e aberta ao p\u00fablico mas \u00e9 necess\u00e1ria inscri\u00e7\u00e3o pr\u00e9via, pelo email: <a href=\"mailto:caminhadaambev@daejundiai.com.br\" target=\"_blank\">caminhadaambev@daejundiai.com.br<\/a>.<\/strong><\/p>\n<p><strong>Recupera\u00e7\u00e3o de Nascentes<br \/>\nO projeto de recupera\u00e7\u00e3o de nascentes da DAE foi iniciado em 2013, quando foi realizado o cadastro dos propriet\u00e1rios ribeirinhos da Bacia do Rio Jundia\u00ed-Mirim para a identifica\u00e7\u00e3o das \u00e1reas degradadas em \u00c1rea de Prote\u00e7\u00e3o Permanente (APP) e das nascentes da regi\u00e3o.<\/strong><\/p>\n<p>A equipe da DAE percorreu <strong>350 propriedades \u00e0s margens do rio Jundia\u00ed-Mirim e identificou problemas como aus\u00eancia de mata ciliar, constru\u00e7\u00f5es irregulares, assoreamento, excesso de lixo no entorno das nascentes e estado das nascentes<\/strong>. A partir dessas observa\u00e7\u00f5es ser\u00e3o implantados <strong>projetos de recupera\u00e7\u00e3o, conserva\u00e7\u00e3o e preserva\u00e7\u00e3o de manancial<\/strong>.<\/p>\n<p>Este trabalho proporcionar\u00e1, daqui a cinco ou seis anos, <strong>aumento da produ\u00e7\u00e3o de \u00e1gua do Rio Jundia\u00ed Mirim e manuten\u00e7\u00e3o da qualidade<\/strong>.<\/p>\n<p>Al\u00e9m deste projeto, <strong>h\u00e1 outros de recupera\u00e7\u00e3o de nascentes que vem sendo desenvolvido pela Prefeitura de Jundia\u00ed em setores como a Secretaria de Agricultura, Abastecimento e Turismo<\/strong>.<\/p>\n<p>\u201cTemos uma <strong>prioridade direta no setor rural que j\u00e1 foi apontada pelo prefeito Pedro Bigardi em pol\u00edticas como a recupera\u00e7\u00e3o da Festa da Uva e a <a href=\"https:\/\/jundiai.sp.gov.br\/noticias\/2015\/05\/09\/prefeitura-concede-subsidio-a-agricultores\/\" target=\"_blank\">cria\u00e7\u00e3o do Programa de Subs\u00eddio ao Seguro Agr\u00edcola<\/a>, entre muitos outros<\/strong>&#8221; explica, o secret\u00e1rio Marcos Brunholi. \u201cNesse tema dos mananciais, a quest\u00e3o est\u00e1 sendo direcionada para como iremos trabalhar a remunera\u00e7\u00e3o de servi\u00e7os ambientais como a produ\u00e7\u00e3o de \u00e1gua.\u201d<\/p>\n<p><strong><em>Assessoria de Imprensa<\/em><\/strong><\/p>\n","protected":false},"excerpt":{"rendered":"<p>Para dar in\u00edcio \u00e0 Semana do Meio Ambiente, a DAE Jundia\u00ed realiza, em parceria com a Ambev, a Caminhada pela \u00c1gua no s\u00e1bado (30), em uma propriedade rural no Caxambu. A inten\u00e7\u00e3o da iniciativa \u00e9 chamar a aten\u00e7\u00e3o para os planos de conserva\u00e7\u00e3o de mananciais em andamento na cidade. O ponto de encontro ser\u00e1 na [&hellip;]<\/p>\n","protected":false},"author":14,"featured_media":0,"comment_status":"closed","ping_status":"closed","sticky":false,"template":"","format":"standard","meta":{"footnotes":""},"categories":[2],"tags":[41,66,47],"ods":[],"class_list":["post-139109","post","type-post","status-publish","format-standard","hentry","category-noticias","tag-agricultura-abastecimento-e-turismo","tag-dae","tag-parque-da-cidade"],"_links":{"self":[{"href":"https:\/\/jundiai.sp.gov.br\/noticias\/wp-json\/wp\/v2\/posts\/139109","targetHints":{"allow":["GET"]}}],"collection":[{"href":"https:\/\/jundiai.sp.gov.br\/noticias\/wp-json\/wp\/v2\/posts"}],"about":[{"href":"https:\/\/jundiai.sp.gov.br\/noticias\/wp-json\/wp\/v2\/types\/post"}],"author":[{"embeddable":true,"href":"https:\/\/jundiai.sp.gov.br\/noticias\/wp-json\/wp\/v2\/users\/14"}],"replies":[{"embeddable":true,"href":"https:\/\/jundiai.sp.gov.br\/noticias\/wp-json\/wp\/v2\/comments?post=139109"}],"version-history":[{"count":12,"href":"https:\/\/jundiai.sp.gov.br\/noticias\/wp-json\/wp\/v2\/posts\/139109\/revisions"}],"predecessor-version":[{"id":139122,"href":"https:\/\/jundiai.sp.gov.br\/noticias\/wp-json\/wp\/v2\/posts\/139109\/revisions\/139122"}],"wp:attachment":[{"href":"https:\/\/jundiai.sp.gov.br\/noticias\/wp-json\/wp\/v2\/media?parent=139109"}],"wp:term":[{"taxonomy":"category","embeddable":true,"href":"https:\/\/jundiai.sp.gov.br\/noticias\/wp-json\/wp\/v2\/categories?post=139109"},{"taxonomy":"post_tag","embeddable":true,"href":"https:\/\/jundiai.sp.gov.br\/noticias\/wp-json\/wp\/v2\/tags?post=139109"},{"taxonomy":"ods","embeddable":true,"href":"https:\/\/jundiai.sp.gov.br\/noticias\/wp-json\/wp\/v2\/ods?post=139109"}],"curies":[{"name":"wp","href":"https:\/\/api.w.org\/{rel}","templated":true}]}}