{"id":139508,"date":"2015-05-21T17:45:38","date_gmt":"2015-05-21T20:45:38","guid":{"rendered":"https:\/\/jundiai.sp.gov.br\/noticias\/?p=139508"},"modified":"2020-11-05T17:23:57","modified_gmt":"2020-11-05T20:23:57","slug":"palestra-fala-sobre-riscos-e-cenarios-do-regime-proprio-de-previdencia","status":"publish","type":"post","link":"https:\/\/jundiai.sp.gov.br\/noticias\/2015\/05\/21\/palestra-fala-sobre-riscos-e-cenarios-do-regime-proprio-de-previdencia\/","title":{"rendered":"Palestra aborda cen\u00e1rios do regime pr\u00f3prio de previd\u00eancia"},"content":{"rendered":"<p><strong>O <a href=\"http:\/\/iprejun.sp.gov.br\/\" target=\"_blank\" rel=\"noopener noreferrer\">Instituto de Previd\u00eancia do Munic\u00edpio de Jundia\u00ed (Iprejun)<\/a> recebeu nesta quinta-feira (21) conselheiros de institutos e servidores de cidades da regi\u00e3o para uma palestra sobre os principais riscos do <a href=\"http:\/\/www.previdencia.gov.br\/ouvidoria-geral-da-previdencia-social\/perguntas-frequentes\/regime-proprio-rpps\/\" target=\"_blank\" rel=\"noopener noreferrer\">Regime Pr\u00f3prio de Previd\u00eancia Social (RPPS)<\/a>. O evento no audit\u00f3rio da Escola de Governo e Gest\u00e3o. Al\u00e9m de Jundia\u00ed, representantes de V\u00e1rzea Paulista, Cajamar, Indaiatuba, Piracaia e Bauru tamb\u00e9m participaram.<\/strong><\/p>\n<p><strong>LEIA TAMB\u00c9M<br \/>\n<a href=\"https:\/\/jundiai.sp.gov.br\/noticias\/2015\/05\/20\/concurso-publico-da-prefeitura-tem-inscricoes-prorrogadas\/\" target=\"_blank\" rel=\"noopener noreferrer\">Concurso P\u00fablico tem inscri\u00e7\u00f5es prorrogadas<\/a><br \/>\n<a href=\"https:\/\/jundiai.sp.gov.br\/noticias\/2015\/05\/21\/jundiai-vai-ter-diversas-atividades-no-dia-do-desafio\/\" target=\"_blank\" rel=\"noopener noreferrer\">Jundia\u00ed vai ter diversas atividades no Dia do Desafio<\/a><br \/>\n<a href=\"https:\/\/jundiai.sp.gov.br\/noticias\/2015\/05\/19\/biblioteca-lanca-11a-olimpiada-de-redacao-nesta-quinta-feira-21\/\" target=\"_blank\" rel=\"noopener noreferrer\">Biblioteca lan\u00e7a 11\u00aa Olimp\u00edada de Reda\u00e7\u00e3o nesta quinta (21)<\/a><\/strong><\/p>\n<div id=\"attachment_139509\" style=\"width: 730px\" class=\"wp-caption aligncenter\"><a href=\"https:\/\/jundiai.sp.gov.br\/noticias\/wp-content\/uploads\/sites\/32\/2015\/05\/palestra_iprejun_rpps_P_19G.jpg\"><img loading=\"lazy\" decoding=\"async\" aria-describedby=\"caption-attachment-139509\" class=\"size-large wp-image-139509\" src=\"https:\/\/jundiai.sp.gov.br\/noticias\/wp-content\/uploads\/sites\/32\/2015\/05\/palestra_iprejun_rpps_P_19G-720x432.jpg\" alt=\"Evento integra uma s\u00e9rie de a\u00e7\u00f5es proposta pelo Iprejun\" width=\"720\" height=\"432\" srcset=\"https:\/\/jundiai.sp.gov.br\/noticias\/wp-content\/uploads\/sites\/32\/2015\/05\/palestra_iprejun_rpps_P_19G-720x432.jpg 720w, https:\/\/jundiai.sp.gov.br\/noticias\/wp-content\/uploads\/sites\/32\/2015\/05\/palestra_iprejun_rpps_P_19G-300x180.jpg 300w, https:\/\/jundiai.sp.gov.br\/noticias\/wp-content\/uploads\/sites\/32\/2015\/05\/palestra_iprejun_rpps_P_19G.jpg 1240w\" sizes=\"auto, (max-width: 720px) 100vw, 720px\" \/><\/a><p id=\"caption-attachment-139509\" class=\"wp-caption-text\">Evento integra uma s\u00e9rie de a\u00e7\u00f5es proposta pelo Iprejun<\/p><\/div>\n<p>Andr\u00e9 Rocha Marinho, diretor administrativo financeiro do Iprejun, explicou o objetivo da palestra. &#8220;O principal intuito \u00e9 <strong>fortalecer o &#8216;ecossistema&#8217; de RPPS na regi\u00e3o<\/strong>.\u201d<\/p>\n<p>O palestrante Marcelo Rabbat, da empresa Vince Partners, refor\u00e7ou a import\u00e2ncia do tema. \u201cFalamos sobre os desafios dos regimes para este ano no cen\u00e1rio atual, al\u00e9m de contribuir com informa\u00e7\u00f5es e tirar d\u00favidas\u201d.<\/p>\n<p><strong>Aprender<\/strong><br \/>\n<strong>O p\u00fablico aprovou a iniciativa do Iprejun. <\/strong>\u201cVim aqui hoje porque \u00e9 importante manter essa rela\u00e7\u00e3o e aprender o que pode contribuir com outros institutos\u201d, disse Rosalina Carvalho de Melo Fialho, coordenadora administrativa do Instituto de Previd\u00eancia dos Servidores P\u00fablicos de Piracaia.<\/p>\n<p><strong>Outras atividades est\u00e3o previstas pelo Iprejun, com datas j\u00e1 definidas: para julho, nos dias 23 e 24; dia 18 de setembro, palestra sobre investimentos s\u00f3cio-respons\u00e1veis, concedida pelo Banco Santander; dias 22 e 23 de outubro, com curso de CPA20 oferecido pela Caixa Econ\u00f4mica Federal; e dia 19 de novembro, sobre o cen\u00e1rio econ\u00f4mico de 2016, prestado pelo Instituto Financeiro Gera\u00e7\u00e3o Futuro.<\/strong><\/p>\n<p><strong><em>Assessoria de Imprensa<br \/>\nFoto: Paulo Gr\u00e9gio<\/em><\/strong><\/p>\n","protected":false},"excerpt":{"rendered":"<p>O Instituto de Previd\u00eancia do Munic\u00edpio de Jundia\u00ed (Iprejun) recebeu nesta quinta-feira (21) conselheiros de institutos e servidores de cidades da regi\u00e3o para uma palestra sobre os principais riscos do Regime Pr\u00f3prio de Previd\u00eancia Social (RPPS). O evento no audit\u00f3rio da Escola de Governo e Gest\u00e3o. Al\u00e9m de Jundia\u00ed, representantes de V\u00e1rzea Paulista, Cajamar, Indaiatuba, [&hellip;]<\/p>\n","protected":false},"author":14,"featured_media":0,"comment_status":"closed","ping_status":"closed","sticky":false,"template":"","format":"standard","meta":{"footnotes":""},"categories":[2],"tags":[308,51],"ods":[],"class_list":["post-139508","post","type-post","status-publish","format-standard","hentry","category-noticias","tag-escola-de-governo-e-gestao","tag-instituto-de-previdencia-do-municipio-de-jundiai-iprejun"],"_links":{"self":[{"href":"https:\/\/jundiai.sp.gov.br\/noticias\/wp-json\/wp\/v2\/posts\/139508","targetHints":{"allow":["GET"]}}],"collection":[{"href":"https:\/\/jundiai.sp.gov.br\/noticias\/wp-json\/wp\/v2\/posts"}],"about":[{"href":"https:\/\/jundiai.sp.gov.br\/noticias\/wp-json\/wp\/v2\/types\/post"}],"author":[{"embeddable":true,"href":"https:\/\/jundiai.sp.gov.br\/noticias\/wp-json\/wp\/v2\/users\/14"}],"replies":[{"embeddable":true,"href":"https:\/\/jundiai.sp.gov.br\/noticias\/wp-json\/wp\/v2\/comments?post=139508"}],"version-history":[{"count":7,"href":"https:\/\/jundiai.sp.gov.br\/noticias\/wp-json\/wp\/v2\/posts\/139508\/revisions"}],"predecessor-version":[{"id":257883,"href":"https:\/\/jundiai.sp.gov.br\/noticias\/wp-json\/wp\/v2\/posts\/139508\/revisions\/257883"}],"wp:attachment":[{"href":"https:\/\/jundiai.sp.gov.br\/noticias\/wp-json\/wp\/v2\/media?parent=139508"}],"wp:term":[{"taxonomy":"category","embeddable":true,"href":"https:\/\/jundiai.sp.gov.br\/noticias\/wp-json\/wp\/v2\/categories?post=139508"},{"taxonomy":"post_tag","embeddable":true,"href":"https:\/\/jundiai.sp.gov.br\/noticias\/wp-json\/wp\/v2\/tags?post=139508"},{"taxonomy":"ods","embeddable":true,"href":"https:\/\/jundiai.sp.gov.br\/noticias\/wp-json\/wp\/v2\/ods?post=139508"}],"curies":[{"name":"wp","href":"https:\/\/api.w.org\/{rel}","templated":true}]}}