{"id":140016,"date":"2015-05-25T17:15:27","date_gmt":"2015-05-25T20:15:27","guid":{"rendered":"https:\/\/jundiai.sp.gov.br\/noticias\/?p=140016"},"modified":"2016-11-04T11:33:16","modified_gmt":"2016-11-04T13:33:16","slug":"maio-amarelo-funcionarios-da-brf-recebem-lacos-na-chegada","status":"publish","type":"post","link":"https:\/\/jundiai.sp.gov.br\/noticias\/2015\/05\/25\/maio-amarelo-funcionarios-da-brf-recebem-lacos-na-chegada\/","title":{"rendered":"Maio Amarelo\u2019: funcion\u00e1rios da BRF recebem la\u00e7os na chegada"},"content":{"rendered":"<p><strong>Diversos funcion\u00e1rios da sede de Jundia\u00ed da empresa BRF foram conscientizados na manh\u00e3 desta segunda-feira (25) ao chegarem ao trabalho. A equipe da Divis\u00e3o de Educa\u00e7\u00e3o para o Tr\u00e2nsito e o mascote Farolito entregaram cerca de 300 la\u00e7os amarelos, s\u00edmbolo do movimento &#8220;Maio Amarelo&#8221;. Bexigas amarelas tamb\u00e9m foram colocadas em diversos locais da empresa.<\/strong><\/p>\n<p>A BRF ainda solicitou que os funcion\u00e1rios fossem de amarelo, para contribuir com o movimento. \u201cTodas as sedes do Estado de S\u00e3o Paulo est\u00e3o realizando o movimento no dia de hoje e os funcion\u00e1rios est\u00e3o usando a cor\u201d, explicou a Facilitadora do Programa de Sa\u00fade, Seguran\u00e7a e Meio Ambiente (SSMA) da BRF, Lilian Costa.<\/p>\n<p><strong>LEIA TAMB\u00c9M<br \/>\n<a href=\"https:\/\/jundiai.sp.gov.br\/noticias\/2015\/05\/22\/novo-itinerario-de-onibus-beneficia-pessoas-com-deficiencia\/\" target=\"_blank\">Novo itiner\u00e1rio de \u00f4nibus beneficia pessoas com defici\u00eancia<\/a><br \/>\n<a href=\"https:\/\/jundiai.sp.gov.br\/noticias\/2015\/05\/21\/forum-do-plano-diretor-participativo-tera-onibus-extra-caso-necessario\/\" target=\"_blank\">F\u00f3rum do Plano Diretor Participativo ter\u00e1 \u00f4nibus extra caso necess\u00e1rio<\/a><\/strong><\/p>\n<div id=\"attachment_140019\" style=\"width: 730px\" class=\"wp-caption aligncenter\"><a href=\"https:\/\/jundiai.sp.gov.br\/noticias\/wp-content\/uploads\/sites\/32\/2015\/05\/maio-amarelo3g.jpg\"><img loading=\"lazy\" decoding=\"async\" aria-describedby=\"caption-attachment-140019\" src=\"https:\/\/jundiai.sp.gov.br\/noticias\/wp-content\/uploads\/sites\/32\/2015\/05\/maio-amarelo3g-720x523.jpg\" alt=\"Farolito acompanhou funcion\u00e1rios da SMT na porta da empresa \" width=\"720\" height=\"523\" class=\"size-large wp-image-140019\" srcset=\"https:\/\/jundiai.sp.gov.br\/noticias\/wp-content\/uploads\/sites\/32\/2015\/05\/maio-amarelo3g-720x523.jpg 720w, https:\/\/jundiai.sp.gov.br\/noticias\/wp-content\/uploads\/sites\/32\/2015\/05\/maio-amarelo3g-300x218.jpg 300w, https:\/\/jundiai.sp.gov.br\/noticias\/wp-content\/uploads\/sites\/32\/2015\/05\/maio-amarelo3g.jpg 1240w\" sizes=\"auto, (max-width: 720px) 100vw, 720px\" \/><\/a><p id=\"caption-attachment-140019\" class=\"wp-caption-text\">Farolito acompanhou funcion\u00e1rios da SMT na porta da empresa<br \/><\/p><\/div>\n<p>Lilian ainda explicou que a empresa sempre busca transmitir aos funcion\u00e1rios o conhecimento e a cultura \u00e0 preserva\u00e7\u00e3o da vida. \u201cPor isso <strong>n\u00f3s sempre contamos com o apoio da Prefeitura para a realiza\u00e7\u00e3o de palestras e campanhas e os funcion\u00e1rios d\u00e3o muito valor em a\u00e7\u00f5es como essas<\/strong>.\u201d<\/p>\n<p>O movimento, adotado pela primeira vez pela prefeitura de Jundia\u00ed, se baseia em dados estat\u00edsticos alarmantes: <strong><a href=\"http:\/\/maioamarelo.com\/o-movimento\/\" target=\"_blank\">somente em 2009, de acordo com a Organiza\u00e7\u00e3o Mundial da Sa\u00fade, foram cerca de 1,3 milh\u00e3o de mortes por acidentes de tr\u00e2nsito em 178 pa\u00edses e aproximadamente 50 milh\u00f5es de pessoas que sobreviveram com sequelas<\/a>.<\/strong><\/p>\n<p>Para Juliana Maia, coordenadora da Divis\u00e3o de Educa\u00e7\u00e3o para o Tr\u00e2nsito, <strong>\u00e9 muito importante divulgar o movimento tamb\u00e9m em empresas. \u201cA preserva\u00e7\u00e3o da vida \u00e9 o intuito principal das a\u00e7\u00f5es que estamos realizando desde o in\u00edcio de maio. Queremos que a popula\u00e7\u00e3o se conscientize de que a\u00e7\u00f5es simples podem salvar vidas\u201d<\/strong>, concluiu.<\/p>\n<div id=\"attachment_140020\" style=\"width: 730px\" class=\"wp-caption aligncenter\"><a href=\"https:\/\/jundiai.sp.gov.br\/noticias\/wp-content\/uploads\/sites\/32\/2015\/05\/maio-amarelo4g.jpg\"><img loading=\"lazy\" decoding=\"async\" aria-describedby=\"caption-attachment-140020\" src=\"https:\/\/jundiai.sp.gov.br\/noticias\/wp-content\/uploads\/sites\/32\/2015\/05\/maio-amarelo4g-720x505.jpg\" alt=\"Bexigas amarelas deram o tom do evento\" width=\"720\" height=\"505\" class=\"size-large wp-image-140020\" srcset=\"https:\/\/jundiai.sp.gov.br\/noticias\/wp-content\/uploads\/sites\/32\/2015\/05\/maio-amarelo4g-720x505.jpg 720w, https:\/\/jundiai.sp.gov.br\/noticias\/wp-content\/uploads\/sites\/32\/2015\/05\/maio-amarelo4g-300x210.jpg 300w, https:\/\/jundiai.sp.gov.br\/noticias\/wp-content\/uploads\/sites\/32\/2015\/05\/maio-amarelo4g.jpg 1240w\" sizes=\"auto, (max-width: 720px) 100vw, 720px\" \/><\/a><p id=\"caption-attachment-140020\" class=\"wp-caption-text\">Bexigas amarelas deram o tom do evento<\/p><\/div>\n<p><strong><em>Assessoria de Imprensa<br \/>\nFotos: Fot\u00f3grafos PMJ<\/em><\/strong><\/p>\n","protected":false},"excerpt":{"rendered":"<p>Diversos funcion\u00e1rios da sede de Jundia\u00ed da empresa BRF foram conscientizados na manh\u00e3 desta segunda-feira (25) ao chegarem ao trabalho. A equipe da Divis\u00e3o de Educa\u00e7\u00e3o para o Tr\u00e2nsito e o mascote Farolito entregaram cerca de 300 la\u00e7os amarelos, s\u00edmbolo do movimento &#8220;Maio Amarelo&#8221;. Bexigas amarelas tamb\u00e9m foram colocadas em diversos locais da empresa. A [&hellip;]<\/p>\n","protected":false},"author":14,"featured_media":0,"comment_status":"closed","ping_status":"closed","sticky":false,"template":"","format":"standard","meta":{"footnotes":""},"categories":[2],"tags":[662,27,338],"ods":[],"class_list":["post-140016","post","type-post","status-publish","format-standard","hentry","category-noticias","tag-maio-amarelo","tag-transito","tag-transportes"],"_links":{"self":[{"href":"https:\/\/jundiai.sp.gov.br\/noticias\/wp-json\/wp\/v2\/posts\/140016","targetHints":{"allow":["GET"]}}],"collection":[{"href":"https:\/\/jundiai.sp.gov.br\/noticias\/wp-json\/wp\/v2\/posts"}],"about":[{"href":"https:\/\/jundiai.sp.gov.br\/noticias\/wp-json\/wp\/v2\/types\/post"}],"author":[{"embeddable":true,"href":"https:\/\/jundiai.sp.gov.br\/noticias\/wp-json\/wp\/v2\/users\/14"}],"replies":[{"embeddable":true,"href":"https:\/\/jundiai.sp.gov.br\/noticias\/wp-json\/wp\/v2\/comments?post=140016"}],"version-history":[{"count":4,"href":"https:\/\/jundiai.sp.gov.br\/noticias\/wp-json\/wp\/v2\/posts\/140016\/revisions"}],"predecessor-version":[{"id":140027,"href":"https:\/\/jundiai.sp.gov.br\/noticias\/wp-json\/wp\/v2\/posts\/140016\/revisions\/140027"}],"wp:attachment":[{"href":"https:\/\/jundiai.sp.gov.br\/noticias\/wp-json\/wp\/v2\/media?parent=140016"}],"wp:term":[{"taxonomy":"category","embeddable":true,"href":"https:\/\/jundiai.sp.gov.br\/noticias\/wp-json\/wp\/v2\/categories?post=140016"},{"taxonomy":"post_tag","embeddable":true,"href":"https:\/\/jundiai.sp.gov.br\/noticias\/wp-json\/wp\/v2\/tags?post=140016"},{"taxonomy":"ods","embeddable":true,"href":"https:\/\/jundiai.sp.gov.br\/noticias\/wp-json\/wp\/v2\/ods?post=140016"}],"curies":[{"name":"wp","href":"https:\/\/api.w.org\/{rel}","templated":true}]}}