{"id":140074,"date":"2015-05-25T17:59:07","date_gmt":"2015-05-25T20:59:07","guid":{"rendered":"https:\/\/jundiai.sp.gov.br\/noticias\/?p=140074"},"modified":"2020-11-06T14:27:54","modified_gmt":"2020-11-06T17:27:54","slug":"agenda-do-urbanismo-caminhavel-tem-atividades-e-workshops","status":"publish","type":"post","link":"https:\/\/jundiai.sp.gov.br\/noticias\/2015\/05\/25\/agenda-do-urbanismo-caminhavel-tem-atividades-e-workshops\/","title":{"rendered":"Agenda do &#8216;Urbanismo Caminh\u00e1vel&#8217; tem atividades e workshops"},"content":{"rendered":"<p><strong>De acordo com a equipe do projeto Urbanismo Caminh\u00e1vel, cuja base \u00e9 um cont\u00eainer-oficina que permanece por tr\u00eas meses na pra\u00e7a Governador Pedro de Toledo (pra\u00e7a da Matriz), o trabalho ainda vai trazer convidados de outras experi\u00eancias de interven\u00e7\u00e3o e tamb\u00e9m est\u00e1 aberto a propostas da pr\u00f3pria comunidade. <\/strong><\/p>\n<p><strong><a href=\"https:\/\/www.flickr.com\/photos\/prefeituradejundiai\/sets\/72157653431279132\" target=\"_blank\" rel=\"noopener noreferrer\">CONFIRA AS FOTOS DO URBANISMO CAMINH\u00c1VEL<\/a><\/strong><\/p>\n<p>\u201cNa verdade, precisamos ser criativos porque <strong>esse trabalho envolve uma mudan\u00e7a das pessoas antes de uma mudan\u00e7a na cidade<\/strong>\u201d, comenta o especialista Lincoln Paiva, que tamb\u00e9m estuda a economia do carbono nessa rela\u00e7\u00e3o com o cotidiano das pessoas e parceiro do projeto coordenado pela Secretaria de Planejamento e Meio Ambiente.<\/p>\n<p><strong>LEIA TAMB\u00c9M<br \/>\n<\/strong><a href=\"https:\/\/jundiai.sp.gov.br\/noticias\/2015\/05\/25\/expedicoes-urbanas-levam-olhar-pedestre-ao-centro\/\" target=\"_blank\" rel=\"noopener noreferrer\">Expedi\u00e7\u00f5es urbanas levam \u2018olhar pedestre\u2019 ao Centro<\/a><br \/>\n<a href=\"https:\/\/jundiai.sp.gov.br\/noticias\/2015\/05\/25\/jundiai-discute-integralidade-do-ambiente-neste-sabado-30\/\" target=\"_blank\" rel=\"noopener noreferrer\">Jundia\u00ed discute integralidade do ambiente neste s\u00e1bado (30)<\/a><\/p>\n<div id=\"attachment_140078\" style=\"width: 730px\" class=\"wp-caption aligncenter\"><a href=\"https:\/\/jundiai.sp.gov.br\/noticias\/wp-content\/uploads\/sites\/32\/2015\/05\/Urbanismo_Caminhavel_A_39g.jpg\"><img loading=\"lazy\" decoding=\"async\" aria-describedby=\"caption-attachment-140078\" class=\"size-large wp-image-140078\" src=\"https:\/\/jundiai.sp.gov.br\/noticias\/wp-content\/uploads\/sites\/32\/2015\/05\/Urbanismo_Caminhavel_A_39g-720x480.jpg\" alt=\"A base do projeto segue na pra\u00e7a Governador Pedro de Toledo, no Centro\" width=\"720\" height=\"480\" srcset=\"https:\/\/jundiai.sp.gov.br\/noticias\/wp-content\/uploads\/sites\/32\/2015\/05\/Urbanismo_Caminhavel_A_39g-720x480.jpg 720w, https:\/\/jundiai.sp.gov.br\/noticias\/wp-content\/uploads\/sites\/32\/2015\/05\/Urbanismo_Caminhavel_A_39g-300x200.jpg 300w, https:\/\/jundiai.sp.gov.br\/noticias\/wp-content\/uploads\/sites\/32\/2015\/05\/Urbanismo_Caminhavel_A_39g.jpg 1240w\" sizes=\"auto, (max-width: 720px) 100vw, 720px\" \/><\/a><p id=\"caption-attachment-140078\" class=\"wp-caption-text\">A base do projeto segue na pra\u00e7a Governador Pedro de Toledo, no Centro<\/p><\/div>\n<p>Quem n\u00e3o participou das expedi\u00e7\u00f5es ainda <strong>pode acompanhar os levantamentos t\u00e9cnicos marcados para esta ter\u00e7a-feira (26), na segunda-feira (1) e na sexta-feira (5), a partir das 10h, com sa\u00edda no cont\u00eainer-oficina na pra\u00e7a da Matriz.<\/strong><\/p>\n<p><strong>Workshop com o Arte Fora do Museu<\/strong><br \/>\n<strong>Na pr\u00f3xima segunda-feira (1\u00ba), a partir das 14h, ocorre um workshop com o coletivo Arte Fora do Museu<\/strong>, que visitou a base do projeto para explicar o tema e divulgar convite a grupos, entidades e moradores interessados.<\/p>\n<p>\u201cNosso trabalho \u00e9 basicamente o <strong>mapeamento colaborativo da arte, muito presente em um centro hist\u00f3rico, com sua arquitetura, monumentos, fachadas, interven\u00e7\u00f5es e pontos culturais<\/strong>. Como \u00e9 uma ferramenta georreferenciada, vamos mostrar como \u00e9 simples participar\u201d, explicou Felipe Lavignatti, que, com Andr\u00e9 Deak, tratou do evento com o consultor Lincoln Paiva e com o secret\u00e1rio da <strong><a href=\"https:\/\/cultura.jundiai.sp.gov.br\/\" target=\"_blank\" rel=\"noopener noreferrer\">Cultura<\/a><\/strong>, T\u00e9rcio Marinho, que tamb\u00e9m visitou o projeto.<\/p>\n<p>Al\u00e9m do primeiro teste, que pode ser replicado em um fim de semana, o <strong>coletivo deve trazer a Jundia\u00ed tamb\u00e9m outro workshop sobre o chamado mapa afetivo, que acumula mem\u00f3rias de pessoas sobre um mesmo local, como o Cine Marab\u00e1, lembrado por Lavignatti entre suas mem\u00f3rias de inf\u00e2ncia.<\/strong><\/p>\n<p><strong>Agendamento de atividades<\/strong><br \/>\nO projeto tamb\u00e9m est\u00e1 recebendo <strong>propostas da comunidade<\/strong>, que podem ser sugeridas por <strong>moradores, entidades ou coletivos<\/strong>, para atividades relacionadas com a proposta geral do Urbanismo Caminh\u00e1vel. O contato pode ser feito diretamente no cont\u00eainer-oficina ou pelo email <a href=\"mailto:urbanismocaminhavel@jundiai.sp.gov.br\" target=\"_blank\" rel=\"noopener noreferrer\"><strong>urbanismocaminhavel@jundiai.sp.gov.br<\/strong><\/a>.<\/p>\n<p><strong><em>Jos\u00e9 Arnaldo de Oliveira<br \/>\nFoto: Alessandro Rosman<\/em><\/strong><\/p>\n","protected":false},"excerpt":{"rendered":"<p>De acordo com a equipe do projeto Urbanismo Caminh\u00e1vel, cuja base \u00e9 um cont\u00eainer-oficina que permanece por tr\u00eas meses na pra\u00e7a Governador Pedro de Toledo (pra\u00e7a da Matriz), o trabalho ainda vai trazer convidados de outras experi\u00eancias de interven\u00e7\u00e3o e tamb\u00e9m est\u00e1 aberto a propostas da pr\u00f3pria comunidade. CONFIRA AS FOTOS DO URBANISMO CAMINH\u00c1VEL \u201cNa [&hellip;]<\/p>\n","protected":false},"author":14,"featured_media":0,"comment_status":"closed","ping_status":"closed","sticky":false,"template":"","format":"standard","meta":{"footnotes":""},"categories":[2],"tags":[32,659],"ods":[],"class_list":["post-140074","post","type-post","status-publish","format-standard","hentry","category-noticias","tag-planejamento-e-meio-ambiente","tag-projeto-urbanismo-caminhavel"],"_links":{"self":[{"href":"https:\/\/jundiai.sp.gov.br\/noticias\/wp-json\/wp\/v2\/posts\/140074","targetHints":{"allow":["GET"]}}],"collection":[{"href":"https:\/\/jundiai.sp.gov.br\/noticias\/wp-json\/wp\/v2\/posts"}],"about":[{"href":"https:\/\/jundiai.sp.gov.br\/noticias\/wp-json\/wp\/v2\/types\/post"}],"author":[{"embeddable":true,"href":"https:\/\/jundiai.sp.gov.br\/noticias\/wp-json\/wp\/v2\/users\/14"}],"replies":[{"embeddable":true,"href":"https:\/\/jundiai.sp.gov.br\/noticias\/wp-json\/wp\/v2\/comments?post=140074"}],"version-history":[{"count":7,"href":"https:\/\/jundiai.sp.gov.br\/noticias\/wp-json\/wp\/v2\/posts\/140074\/revisions"}],"predecessor-version":[{"id":258243,"href":"https:\/\/jundiai.sp.gov.br\/noticias\/wp-json\/wp\/v2\/posts\/140074\/revisions\/258243"}],"wp:attachment":[{"href":"https:\/\/jundiai.sp.gov.br\/noticias\/wp-json\/wp\/v2\/media?parent=140074"}],"wp:term":[{"taxonomy":"category","embeddable":true,"href":"https:\/\/jundiai.sp.gov.br\/noticias\/wp-json\/wp\/v2\/categories?post=140074"},{"taxonomy":"post_tag","embeddable":true,"href":"https:\/\/jundiai.sp.gov.br\/noticias\/wp-json\/wp\/v2\/tags?post=140074"},{"taxonomy":"ods","embeddable":true,"href":"https:\/\/jundiai.sp.gov.br\/noticias\/wp-json\/wp\/v2\/ods?post=140074"}],"curies":[{"name":"wp","href":"https:\/\/api.w.org\/{rel}","templated":true}]}}