{"id":140161,"date":"2015-05-26T12:20:58","date_gmt":"2015-05-26T15:20:58","guid":{"rendered":"https:\/\/jundiai.sp.gov.br\/noticias\/?p=140161"},"modified":"2016-11-04T11:33:16","modified_gmt":"2016-11-04T13:33:16","slug":"faculdade-de-medicina-faz-mutirao-no-sao-camilo-neste-sabado-30","status":"publish","type":"post","link":"https:\/\/jundiai.sp.gov.br\/noticias\/2015\/05\/26\/faculdade-de-medicina-faz-mutirao-no-sao-camilo-neste-sabado-30\/","title":{"rendered":"Medicina faz mutir\u00e3o no S\u00e3o Camilo neste s\u00e1bado (30)"},"content":{"rendered":"<p><strong>Cerca de 80 estudantes da <a href=\"http:\/\/fmj.br\/\" target=\"_blank\">Faculdade de Medicina de Jundia\u00ed<\/a> estar\u00e3o na Escola Maria Jos\u00e9 Maia de Toledo, no Jardim S\u00e3o Camilo, neste s\u00e1bado (30), das 9h \u00e0s 14h, realizando mutir\u00e3o e oficinas de sa\u00fade gratuitas.<\/strong><\/p>\n<p>Ser\u00e3o realizados <strong>exames de press\u00e3o arterial, glicemia capilar (diabetes) e antropometria (peso e medida)<\/strong>. Al\u00e9m disso, o participante vai responder um <strong>question\u00e1rio<\/strong> sobre diversos aspectos de sua sa\u00fade. Assim, com todos esses dados e valores, os <strong>alunos poder\u00e3o aconselhar o participante e direcion\u00e1-lo \u00e0s oficinas adequadas<\/strong>.<\/p>\n<p><strong>LEIA TAMB\u00c9M<br \/>\n<a href=\"https:\/\/jundiai.sp.gov.br\/noticias\/2015\/05\/22\/encontro-de-caps-infanto-juvenil-elabora-carta-de-jundiai\/\" target=\"_blank\">Encontro de Caps Infanto-Juvenil elabora \u2018Carta de Jundia\u00ed\u2019<\/a><br \/>\n<a href=\"https:\/\/jundiai.sp.gov.br\/noticias\/2015\/05\/22\/aglomeracao-urbana-cobra-monitoramento-do-governo-do-estado\/\" target=\"_blank\">Aglomera\u00e7\u00e3o cobra monitoramento do Governo do Estado<\/a><br \/>\n<a href=\"https:\/\/jundiai.sp.gov.br\/noticias\/2015\/05\/25\/coordenadoria-recebe-tecnologia-inovadora-para-pessoas-com-deficiencia\/\" target=\"_blank\">Coordenadoria recebe tecnologia inovadora para deficientes<\/a><br \/>\n<a href=\"https:\/\/jundiai.sp.gov.br\/noticias\/2015\/05\/26\/eventos-do-mes-da-luta-antimanicomial-continuam-nesta-quinta-28\/\" target=\"_blank\">Eventos do M\u00eas da Luta Antimanicomial continuam nesta quinta (28)<\/a><\/strong><\/p>\n<div id=\"attachment_140165\" style=\"width: 730px\" class=\"wp-caption aligncenter\"><a href=\"https:\/\/jundiai.sp.gov.br\/noticias\/wp-content\/uploads\/sites\/32\/2015\/05\/fmj_oficina_saude_1G1.jpg\"><img loading=\"lazy\" decoding=\"async\" aria-describedby=\"caption-attachment-140165\" class=\"size-large wp-image-140165\" src=\"https:\/\/jundiai.sp.gov.br\/noticias\/wp-content\/uploads\/sites\/32\/2015\/05\/fmj_oficina_saude_1G1-720x476.jpg\" alt=\"Ser\u00e3o oferecidos diversos exames gratuitos para a popula\u00e7\u00e3o\" width=\"720\" height=\"476\" srcset=\"https:\/\/jundiai.sp.gov.br\/noticias\/wp-content\/uploads\/sites\/32\/2015\/05\/fmj_oficina_saude_1G1-720x476.jpg 720w, https:\/\/jundiai.sp.gov.br\/noticias\/wp-content\/uploads\/sites\/32\/2015\/05\/fmj_oficina_saude_1G1-300x198.jpg 300w, https:\/\/jundiai.sp.gov.br\/noticias\/wp-content\/uploads\/sites\/32\/2015\/05\/fmj_oficina_saude_1G1.jpg 1240w\" sizes=\"auto, (max-width: 720px) 100vw, 720px\" \/><\/a><p id=\"caption-attachment-140165\" class=\"wp-caption-text\">Ser\u00e3o oferecidos diversos exames gratuitos para a popula\u00e7\u00e3o<\/p><\/div>\n<p>Nas oficinas ser\u00e3o abordados temas diversos com enfoque na <strong>qualidade de vida<\/strong>, dando mais subs\u00eddios aos participantes para que melhorem sua sa\u00fade. <strong>O projeto contar\u00e1 com a participa\u00e7\u00e3o dos Alco\u00f3latras An\u00f4nimos, com uma palestra \u00e0s 11h<\/strong>.<\/p>\n<p><iframe loading=\"lazy\" class=\"alignright\" width=\"420\" height=\"315\" src=\"https:\/\/www.youtube.com\/embed\/s5X7sc1_he4\" frameborder=\"0\" allowfullscreen><\/iframe>Essa atividade faz parte do <strong>Projeto Vozes das Ruas (PVR)<\/strong>, conhecido por seu car\u00e1ter social, sem fins lucrativos, visando \u00e0 <strong>promo\u00e7\u00e3o de sa\u00fade da popula\u00e7\u00e3o por meio de atividades e mutir\u00f5es, fortalecendo tamb\u00e9m a forma\u00e7\u00e3o humanizada dos alunos da institui\u00e7\u00e3o<\/strong>. O PVR \u00e9 uma <strong>parceria entre os alunos, a Faculdade de Medicina de Jundia\u00ed e a Prefeitura de Jundia\u00ed<\/strong>.<\/p>\n<p><strong>Segue detalhamento de cada oficina e cada tema abordado:<br \/>\nSA\u00daDE DA CRIAN\u00c7A:<\/strong> <em>Cidadania; Meio Ambiente; Higiene B\u00e1sica; Alimenta\u00e7\u00e3o Saud\u00e1vel; Preven\u00e7\u00e3o de Acidentes e Dengue<\/em>;<\/p>\n<p><strong>PREVEN\u00c7\u00c3O E CUIDADOS: <\/strong><em>Alimenta\u00e7\u00e3o: \u201cvoc\u00ea \u00e9 o que voc\u00ea come\u201d; Como evitar quedas; Cuidado com a automedica\u00e7\u00e3o; Como anda a sua vis\u00e3o?; Est\u00e1 com press\u00e3o alta? e E a diabetes?<\/em>;<\/p>\n<p><strong>SA\u00daDE DA MULHER:<\/strong> <em>C\u00e2ncer de mama e de colo de \u00fatero; Infec\u00e7\u00f5es sexualmente transmiss\u00edveis; A mulher e sua rela\u00e7\u00e3o com o pr\u00f3prio corpo: ciclo menstrual, s\u00edndrome da tens\u00e3o pr\u00e9-menstrual, menopausa, autoestima e ditadura da beleza; Planejamento familiar: tripla jornada de trabalho, orienta\u00e7\u00f5es para gestantes, m\u00e9todos contraceptivos<\/em>;<\/p>\n<p><strong>SA\u00daDE DO ADOLESCENTE:<\/strong> <em>Drogas: tipos de drogas, efeitos, v\u00edcios e quest\u00e3o social; Sexualidade: conhecendo o pr\u00f3prio corpo, a primeira vez e gravidez na adolesc\u00eancia; Profiss\u00e3o: Como escolher minha carreira? Como eu posso realizar meu sonho? D\u00favidas sobre ENEM, FIES, ProUni, FATEC e outros<\/em>;<\/p>\n<p><strong>SA\u00daDE DO HOMEM:<\/strong> <em>C\u00e2ncer de pr\u00f3stata; Discutindo o problema do \u00e1lcool e do cigarro e Doen\u00e7as sexualmente transmiss\u00edveis<\/em>;<\/p>\n<p><strong>PR\u00d3XIMAS OFICINAS NAS ESCOLAS 2015<\/strong><\/p>\n<ul>\n<li><em>29 de agosto \u2013 Escola Maria de Almeida Scheledorn (Jardim Tulipas);<\/em><\/li>\n<li><em>17 de outubro \u2013 Escola Almerinda Chaves (Parque Residencial);<\/em><\/li>\n<\/ul>\n<p><strong>MUTIR\u00d5ES DE SA\u00daDE 2015<\/strong><\/p>\n<ul>\n<li><em>13 de junho &#8211; Mutir\u00e3o no Bairro Santa Gertrudes;<\/em><\/li>\n<li><em>26 de setembro &#8211; Mutir\u00e3o de Jundia\u00ed.<\/em><\/li>\n<\/ul>\n<p><strong><em>Assessoria de Imprensa FMJ<br \/>\nFoto: Divulga\u00e7\u00e3o<\/em><\/strong><\/p>\n","protected":false},"excerpt":{"rendered":"<p>MAIS SA\u00daDE: Eventos do M\u00eas da Luta Antimanicomial continuam nesta quinta (28), com o 2\u00ba F\u00f3rum de Sa\u00fade Mental<\/p>\n","protected":false},"author":14,"featured_media":140174,"comment_status":"closed","ping_status":"closed","sticky":false,"template":"","format":"standard","meta":{"footnotes":""},"categories":[2],"tags":[378,3],"ods":[],"class_list":["post-140161","post","type-post","status-publish","format-standard","has-post-thumbnail","hentry","category-noticias","tag-faculdade-de-medicina-de-jundiai-fmj","tag-saude"],"_links":{"self":[{"href":"https:\/\/jundiai.sp.gov.br\/noticias\/wp-json\/wp\/v2\/posts\/140161","targetHints":{"allow":["GET"]}}],"collection":[{"href":"https:\/\/jundiai.sp.gov.br\/noticias\/wp-json\/wp\/v2\/posts"}],"about":[{"href":"https:\/\/jundiai.sp.gov.br\/noticias\/wp-json\/wp\/v2\/types\/post"}],"author":[{"embeddable":true,"href":"https:\/\/jundiai.sp.gov.br\/noticias\/wp-json\/wp\/v2\/users\/14"}],"replies":[{"embeddable":true,"href":"https:\/\/jundiai.sp.gov.br\/noticias\/wp-json\/wp\/v2\/comments?post=140161"}],"version-history":[{"count":14,"href":"https:\/\/jundiai.sp.gov.br\/noticias\/wp-json\/wp\/v2\/posts\/140161\/revisions"}],"predecessor-version":[{"id":141693,"href":"https:\/\/jundiai.sp.gov.br\/noticias\/wp-json\/wp\/v2\/posts\/140161\/revisions\/141693"}],"wp:featuredmedia":[{"embeddable":true,"href":"https:\/\/jundiai.sp.gov.br\/noticias\/wp-json\/wp\/v2\/media\/140174"}],"wp:attachment":[{"href":"https:\/\/jundiai.sp.gov.br\/noticias\/wp-json\/wp\/v2\/media?parent=140161"}],"wp:term":[{"taxonomy":"category","embeddable":true,"href":"https:\/\/jundiai.sp.gov.br\/noticias\/wp-json\/wp\/v2\/categories?post=140161"},{"taxonomy":"post_tag","embeddable":true,"href":"https:\/\/jundiai.sp.gov.br\/noticias\/wp-json\/wp\/v2\/tags?post=140161"},{"taxonomy":"ods","embeddable":true,"href":"https:\/\/jundiai.sp.gov.br\/noticias\/wp-json\/wp\/v2\/ods?post=140161"}],"curies":[{"name":"wp","href":"https:\/\/api.w.org\/{rel}","templated":true}]}}