{"id":140420,"date":"2015-05-27T15:57:06","date_gmt":"2015-05-27T18:57:06","guid":{"rendered":"https:\/\/jundiai.sp.gov.br\/noticias\/?p=140420"},"modified":"2016-11-04T11:33:38","modified_gmt":"2016-11-04T13:33:38","slug":"banda-sao-joao-batista-recepciona-publico-no-1o-forum-do-plano-diretor","status":"publish","type":"post","link":"https:\/\/jundiai.sp.gov.br\/noticias\/2015\/05\/27\/banda-sao-joao-batista-recepciona-publico-no-1o-forum-do-plano-diretor\/","title":{"rendered":"Banda S\u00e3o Jo\u00e3o recepciona p\u00fablico no F\u00f3rum do Plano Diretor"},"content":{"rendered":"<p><strong>O debate sobre o futuro do ambiente urbano e rural de Jundia\u00ed, que ocorre no\u00a0<a href=\"http:\/\/planodiretor.jundiai.sp.gov.br\/\" target=\"_blank\">1\u00ba F\u00f3rum do Plano Diretor Participativo<\/a> neste s\u00e1bado (30), a partir das 8h30, no campus do Centro Universit\u00e1rio Padre Anchieta, vai contar com a tradicional Banda S\u00e3o Jo\u00e3o Batista na recep\u00e7\u00e3o aos moradores e t\u00e9cnicos participantes e na execu\u00e7\u00e3o dos\u00a0<a href=\"https:\/\/jundiai.sp.gov.br\/a-cidade\/hino\/\" target=\"_blank\">hinos<\/a>\u00a0da abertura do evento.<\/strong><\/p>\n<p><a href=\"http:\/\/planodiretor.jundiai.sp.gov.br\/2015\/05\/entenda-como-e-por-que-participar-no-1o-forum-do-plano-diretor\/\" target=\"_blank\"><strong>ENTENDA COMO E POR QUE PARTICIPAR DO 1\u00ba F\u00d3RUM DO PLANO DIRETOR<\/strong><\/a><\/p>\n<div id=\"attachment_140431\" style=\"width: 730px\" class=\"wp-caption aligncenter\"><a href=\"https:\/\/jundiai.sp.gov.br\/noticias\/wp-content\/uploads\/sites\/32\/2015\/05\/banda_sa0_joao_batista_G.jpg\"><img loading=\"lazy\" decoding=\"async\" aria-describedby=\"caption-attachment-140431\" class=\"size-large wp-image-140431\" src=\"https:\/\/jundiai.sp.gov.br\/noticias\/wp-content\/uploads\/sites\/32\/2015\/05\/banda_sa0_joao_batista_G-720x479.jpg\" alt=\"Banda hist\u00f3rica da cidade animar\u00e1 a abertura do evento\" width=\"720\" height=\"479\" srcset=\"https:\/\/jundiai.sp.gov.br\/noticias\/wp-content\/uploads\/sites\/32\/2015\/05\/banda_sa0_joao_batista_G-720x479.jpg 720w, https:\/\/jundiai.sp.gov.br\/noticias\/wp-content\/uploads\/sites\/32\/2015\/05\/banda_sa0_joao_batista_G-300x199.jpg 300w, https:\/\/jundiai.sp.gov.br\/noticias\/wp-content\/uploads\/sites\/32\/2015\/05\/banda_sa0_joao_batista_G.jpg 1240w\" sizes=\"auto, (max-width: 720px) 100vw, 720px\" \/><\/a><p id=\"caption-attachment-140431\" class=\"wp-caption-text\">Banda hist\u00f3rica da cidade animar\u00e1 a abertura do evento<\/p><\/div>\n<p>Com a reg\u00eancia do maestro Jassen Feliciano, a corpora\u00e7\u00e3o musical vai mostrar uma sele\u00e7\u00e3o mista de marchas, dobrados e m\u00fasicas populares na chegada dos visitantes. <strong>A escolha da banda, em uma parceria da Secretaria de Planejamento e Meio Ambiente e da Secretaria de Cultura, considerou seu atual papel simb\u00f3lico de conex\u00e3o cultural entre gera\u00e7\u00f5es da cidade.<\/strong><\/p>\n<p>A caminho de completar 60 anos de exist\u00eancia (em 2017), a Banda S\u00e3o Jo\u00e3o Batista deve contar no evento com 25 integrantes, sendo o mais jovem com 12 anos de idade e o mais veterano com 82 anos de idade. A institui\u00e7\u00e3o tem mantido uma s\u00f3lida coopera\u00e7\u00e3o com o Projeto Guri.<\/p>\n<p><strong>LEIA TAMB\u00c9M<\/strong><br \/>\n<a href=\"https:\/\/jundiai.sp.gov.br\/noticias\/2015\/05\/21\/forum-do-plano-diretor-participativo-tera-onibus-extra-caso-necessario\/\" target=\"_blank\"><strong>F\u00f3rum do Plano Diretor Participativo ter\u00e1 \u00f4nibus extra caso necess\u00e1rio<\/strong><\/a><\/p>\n<p>\u201cSomamos a experi\u00eancia e a pr\u00e1tica da Banda com a renova\u00e7\u00e3o e a teoria do Guri\u201d, explica seu presidente Jos\u00e9 Antonio Ferrarezzi.<\/p>\n<p>De acordo com a secret\u00e1ria Daniela da Camara Sutti, do Planejamento e Meio Ambiente,<strong> a presen\u00e7a do hino da cidade na abertura do evento visa lembrar a todos o objetivo da busca do futuro do territ\u00f3rio que forma Jundia\u00ed<\/strong>. \u201cE vamos contar, gra\u00e7as a essa parceria de setores, com um ambiente positivo para iniciarmos os trabalhos\u201d, afirma.<\/p>\n<p><em><strong>Jos\u00e9 Arnaldo de Oliveira<br \/>\nFotos: Arquivo PMJ e Divulga\u00e7\u00e3o<\/strong><\/em><\/p>\n","protected":false},"excerpt":{"rendered":"<p>A corpora\u00e7\u00e3o musical vai mostrar uma sele\u00e7\u00e3o mista de marchas, dobrados e m\u00fasicas populares na chegada dos visitantes<\/p>\n","protected":false},"author":11,"featured_media":140433,"comment_status":"closed","ping_status":"closed","sticky":false,"template":"","format":"standard","meta":{"footnotes":""},"categories":[2],"tags":[29,32,559],"ods":[],"class_list":["post-140420","post","type-post","status-publish","format-standard","has-post-thumbnail","hentry","category-noticias","tag-cultura","tag-planejamento-e-meio-ambiente","tag-plano-diretor-participativo"],"_links":{"self":[{"href":"https:\/\/jundiai.sp.gov.br\/noticias\/wp-json\/wp\/v2\/posts\/140420","targetHints":{"allow":["GET"]}}],"collection":[{"href":"https:\/\/jundiai.sp.gov.br\/noticias\/wp-json\/wp\/v2\/posts"}],"about":[{"href":"https:\/\/jundiai.sp.gov.br\/noticias\/wp-json\/wp\/v2\/types\/post"}],"author":[{"embeddable":true,"href":"https:\/\/jundiai.sp.gov.br\/noticias\/wp-json\/wp\/v2\/users\/11"}],"replies":[{"embeddable":true,"href":"https:\/\/jundiai.sp.gov.br\/noticias\/wp-json\/wp\/v2\/comments?post=140420"}],"version-history":[{"count":9,"href":"https:\/\/jundiai.sp.gov.br\/noticias\/wp-json\/wp\/v2\/posts\/140420\/revisions"}],"predecessor-version":[{"id":140511,"href":"https:\/\/jundiai.sp.gov.br\/noticias\/wp-json\/wp\/v2\/posts\/140420\/revisions\/140511"}],"wp:featuredmedia":[{"embeddable":true,"href":"https:\/\/jundiai.sp.gov.br\/noticias\/wp-json\/wp\/v2\/media\/140433"}],"wp:attachment":[{"href":"https:\/\/jundiai.sp.gov.br\/noticias\/wp-json\/wp\/v2\/media?parent=140420"}],"wp:term":[{"taxonomy":"category","embeddable":true,"href":"https:\/\/jundiai.sp.gov.br\/noticias\/wp-json\/wp\/v2\/categories?post=140420"},{"taxonomy":"post_tag","embeddable":true,"href":"https:\/\/jundiai.sp.gov.br\/noticias\/wp-json\/wp\/v2\/tags?post=140420"},{"taxonomy":"ods","embeddable":true,"href":"https:\/\/jundiai.sp.gov.br\/noticias\/wp-json\/wp\/v2\/ods?post=140420"}],"curies":[{"name":"wp","href":"https:\/\/api.w.org\/{rel}","templated":true}]}}