{"id":140480,"date":"2015-05-27T18:17:01","date_gmt":"2015-05-27T21:17:01","guid":{"rendered":"https:\/\/jundiai.sp.gov.br\/noticias\/?p=140480"},"modified":"2019-09-13T16:48:35","modified_gmt":"2019-09-13T19:48:35","slug":"jundiai-marca-dia-mundial-do-meio-ambiente-com-eventos","status":"publish","type":"post","link":"https:\/\/jundiai.sp.gov.br\/noticias\/2015\/05\/27\/jundiai-marca-dia-mundial-do-meio-ambiente-com-eventos\/","title":{"rendered":"Jundia\u00ed marca Dia Mundial do Meio Ambiente com eventos"},"content":{"rendered":"<p><strong>A partir de s\u00e1bado (30), a proximidade com o Dia Mundial do Meio Ambiente proporciona uma s\u00e9rie de atividades na cidade voltadas para a consci\u00eancia da comunidade sobre os desafios ligados ao tema. Na agenda divulgada pela Secretaria de Planejamento e Meio Ambiente esse per\u00edodo especial segue at\u00e9 o dia 14 de junho.<\/strong><\/p>\n<p>Na abertura, o futuro do ambiente urbano ou rural do munic\u00edpio ser\u00e1 discutido no <strong>1\u00ba F\u00f3rum do Plano Diretor Participativo<\/strong> que est\u00e1 marcado das 8h30 \u00e0s 17h30 no <strong>c\u00e2mpus do Centro Universit\u00e1rio Padre Anchieta<\/strong>.<\/p>\n<p><strong>LEIA TAMB\u00c9M<br \/>\n<a href=\"https:\/\/jundiai.sp.gov.br\/noticias\/2015\/05\/27\/banda-sao-joao-batista-recepciona-publico-no-1o-forum-do-plano-diretor\/\" target=\"_blank\" rel=\"noopener noreferrer\">Banda S\u00e3o Jo\u00e3o Batista recepciona p\u00fablico no 1\u00ba F\u00f3rum do Plano Diretor<\/a><\/strong><\/p>\n<p>No mesmo dia, uma <strong><a href=\"https:\/\/jundiai.sp.gov.br\/noticias\/2015\/05\/19\/dae-promove-evento-caminhada-pela-agua\/\" target=\"_blank\" rel=\"noopener noreferrer\">visita a propriedade rural dos planos de revitaliza\u00e7\u00e3o do rio Jundia\u00ed-Mirim ser\u00e1 o alvo da Caminhada pela \u00c1gua<\/a><\/strong>, com sa\u00edda \u00e0s 8h30 no <strong><a href=\"http:\/\/parquedacidade.jundiai.sp.gov.br\/\" target=\"_blank\" rel=\"noopener noreferrer\">Parque da Cidade<\/a><\/strong>. Com vagas limitadas, a inscri\u00e7\u00e3o deve ser feita em <strong><a href=\"caminhadaambev@daejundiai.com.br\" target=\"_blank\" rel=\"noopener noreferrer\">caminhadaambev@daejundiai.com.br<\/a><\/strong>.<\/p>\n<p>Na <strong>segunda-feira (1\u00ba) ser\u00e1 realizada uma caminhada t\u00e9cnica do projeto Urbanismo Caminh\u00e1vel<\/strong>, relacionado tamb\u00e9m com a quest\u00e3o do carbono, a partir das 10h saindo do cont\u00eainer-oficina da pra\u00e7a Governador Pedro de Toledo (Pra\u00e7a da Matriz). O percurso ser\u00e1 repetido na quarta-feira (3).<\/p>\n<p>Tamb\u00e9m <strong>na segunda-feira (1\u00ba), abre no Pa\u00e7o a mostra especial Feira Arte Eco<\/strong>, com trabalhos em reciclados dos <strong><a href=\"http:\/\/turismo.jundiai.sp.gov.br\/atrativos\/artesanato-jundiai-feito-a-mao\" target=\"_blank\" rel=\"noopener noreferrer\">artes\u00e3os do Jundia\u00ed Feito \u00e0 M\u00e3o<\/a><\/strong>.<\/p>\n<p>Na <strong>ter\u00e7a-feira (2)<\/strong>, acontece no audit\u00f3rio Elis Regina, no Complexo Argos, a mesa-redonda <strong>Educa\u00e7\u00e3o socioambiental para o exerc\u00edcio da cidadania<\/strong>, com convidados, a partir das 14h.<\/p>\n<p>Na <strong>quarta-feira (3)<\/strong> \u00e9 a vez de um encontro de socializa\u00e7\u00e3o de experi\u00eancias de educa\u00e7\u00e3o ambiental com educadores, nas salas do Centro de Forma\u00e7\u00e3o (Complexo Argos) e tamb\u00e9m no <strong><a href=\"http:\/\/jardimbotanico.jundiai.sp.gov.br\/\" target=\"_blank\" rel=\"noopener noreferrer\">Jardim Bot\u00e2nico<\/a><\/strong>, na Associa\u00e7\u00e3o Mata Ciliar e no Centro de Refer\u00eancia de Educa\u00e7\u00e3o Ambiental (Cream). Mais informa\u00e7\u00f5es em <strong><a href=\"mailto:crizzato@jundiai.sp.gov.br\" target=\"_blank\" rel=\"noopener noreferrer\">crizzato@jundiai.sp.gov.br<\/a><\/strong>.<\/p>\n<p>Na <strong>sexta-feira (5)<\/strong> \u00e9 a vez de visitas de gestores p\u00fablicos \u00e0 Serra do Japi, orientados pelos monitores de trilhas. Mais informa\u00e7\u00f5es em <strong><a href=\"mailto:ambiente@jundiai.sp.gov.br\" target=\"_blank\" rel=\"noopener noreferrer\">ambiente@jundiai.sp.gov.br<\/a><\/strong> e no <strong>Projeto Nossa Serra<\/strong>.<\/p>\n<p>Na <strong>ter\u00e7a (9) e quarta-feira (10)<\/strong> a cidade sedia o <strong>3\u00ba Congresso T\u00e9cnico Brasil-Alemanha<\/strong> sobre \u201cGest\u00e3o Sustent\u00e1vel de Res\u00edduos S\u00f3lidos Urbanos\u201d, das 9h \u00e0s 18h na <strong><a href=\"http:\/\/www.clubejundiaiense.com.br\/site\/cj\/3001\/indice.asp?secao=244\" target=\"_blank\" rel=\"noopener noreferrer\">sede de campo do Clube Jundiaiense<\/a><\/strong>.<\/p>\n<p>E no <strong>domingo (14)<\/strong> acontece o <strong>tradicional evento de Limpeza do Rio Jundia\u00ed-Mirim<\/strong>, organizado pelo Jornada Sub e com ponto de encontro na altura do n\u00famero 2.650 da avenida Humberto Cereser, no Caxambu. Mais informa\u00e7\u00f5es em <strong><a href=\"mailto:lica@jornadasub.com.br\" target=\"_blank\" rel=\"noopener noreferrer\">lica@jornadasub.com.br<\/a><\/strong>.<\/p>\n<p><strong>A agenda envolve a\u00e7\u00f5es da Prefeitura com setores como a Secretaria de Planejamento e Meio Ambiente, a Secretaria de Educa\u00e7\u00e3o, a Secretaria de Servi\u00e7os P\u00fablicos, a DAE e outras, al\u00e9m de iniciativas da comunidade.<\/strong><\/p>\n<p><strong><em>Jos\u00e9 Arnaldo de Oliveira<\/em><\/strong><\/p>\n","protected":false},"excerpt":{"rendered":"<p>MAIS F\u00d3RUM DO PLANO DIRETOR: Banda S\u00e3o Jo\u00e3o Batista recepciona p\u00fablico na abertura do evento neste s\u00e1bado (30), a partir das 8h30<\/p>\n","protected":false},"author":5,"featured_media":118506,"comment_status":"closed","ping_status":"closed","sticky":false,"template":"","format":"standard","meta":{"footnotes":""},"categories":[2],"tags":[660,41,661,66,677,6,293,32,559,527,659,341],"ods":[],"class_list":["post-140480","post","type-post","status-publish","format-standard","has-post-thumbnail","hentry","category-noticias","tag-3o-congresso-tecnico-brasil-alemanha","tag-agricultura-abastecimento-e-turismo","tag-congresso-tecnico-brasil-alemanha","tag-dae","tag-dia-mundial-do-meio-ambiente","tag-educacao","tag-jundiai-feito-a-mao","tag-planejamento-e-meio-ambiente","tag-plano-diretor-participativo","tag-projeto-nossa-serra","tag-projeto-urbanismo-caminhavel","tag-servicos-publicos"],"_links":{"self":[{"href":"https:\/\/jundiai.sp.gov.br\/noticias\/wp-json\/wp\/v2\/posts\/140480","targetHints":{"allow":["GET"]}}],"collection":[{"href":"https:\/\/jundiai.sp.gov.br\/noticias\/wp-json\/wp\/v2\/posts"}],"about":[{"href":"https:\/\/jundiai.sp.gov.br\/noticias\/wp-json\/wp\/v2\/types\/post"}],"author":[{"embeddable":true,"href":"https:\/\/jundiai.sp.gov.br\/noticias\/wp-json\/wp\/v2\/users\/5"}],"replies":[{"embeddable":true,"href":"https:\/\/jundiai.sp.gov.br\/noticias\/wp-json\/wp\/v2\/comments?post=140480"}],"version-history":[{"count":13,"href":"https:\/\/jundiai.sp.gov.br\/noticias\/wp-json\/wp\/v2\/posts\/140480\/revisions"}],"predecessor-version":[{"id":234276,"href":"https:\/\/jundiai.sp.gov.br\/noticias\/wp-json\/wp\/v2\/posts\/140480\/revisions\/234276"}],"wp:featuredmedia":[{"embeddable":true,"href":"https:\/\/jundiai.sp.gov.br\/noticias\/wp-json\/wp\/v2\/media\/118506"}],"wp:attachment":[{"href":"https:\/\/jundiai.sp.gov.br\/noticias\/wp-json\/wp\/v2\/media?parent=140480"}],"wp:term":[{"taxonomy":"category","embeddable":true,"href":"https:\/\/jundiai.sp.gov.br\/noticias\/wp-json\/wp\/v2\/categories?post=140480"},{"taxonomy":"post_tag","embeddable":true,"href":"https:\/\/jundiai.sp.gov.br\/noticias\/wp-json\/wp\/v2\/tags?post=140480"},{"taxonomy":"ods","embeddable":true,"href":"https:\/\/jundiai.sp.gov.br\/noticias\/wp-json\/wp\/v2\/ods?post=140480"}],"curies":[{"name":"wp","href":"https:\/\/api.w.org\/{rel}","templated":true}]}}