{"id":141760,"date":"2015-06-02T16:17:41","date_gmt":"2015-06-02T19:17:41","guid":{"rendered":"https:\/\/jundiai.sp.gov.br\/noticias\/?p=141760"},"modified":"2016-11-04T11:28:29","modified_gmt":"2016-11-04T13:28:29","slug":"educacao-socioambiental-e-tema-de-debate-no-complexo-argos","status":"publish","type":"post","link":"https:\/\/jundiai.sp.gov.br\/noticias\/2015\/06\/02\/educacao-socioambiental-e-tema-de-debate-no-complexo-argos\/","title":{"rendered":"Educa\u00e7\u00e3o socioambiental \u00e9 tema de debate no Complexo Argos"},"content":{"rendered":"<p><strong>Dentro da programa\u00e7\u00e3o da Semana do Meio Ambiente da Prefeitura de Jundia\u00ed, a Secretaria Municipal de Educa\u00e7\u00e3o promoveu, nesta ter\u00e7a-feira (2), a mesa redonda \u201cEduca\u00e7\u00e3o Socioambiental para o Exerc\u00edcio da Cidadania\u201d, no audit\u00f3rio Elis Regina, no Complexo Argos. Em torno de 100 pessoas participaram. <\/strong><\/p>\n<p><strong>LEIA TAMB\u00c9M<br \/>\n<a href=\"https:\/\/jundiai.sp.gov.br\/noticias\/2015\/06\/01\/alunos-de-escola-do-bom-jardim-plantam-arvores-em-mineradora\/\" target=\"_blank\">Estudantes plantam \u00e1rvores em mineradora<\/a><br \/>\n<a href=\"https:\/\/jundiai.sp.gov.br\/noticias\/2015\/05\/30\/conferencia-discute-seguranca-alimentar-de-jundiai\/\" target=\"_blank\">Confer\u00eancia discute seguran\u00e7a alimentar de Jundia\u00ed<\/a><\/strong><\/p>\n<div id=\"attachment_141764\" style=\"width: 410px\" class=\"wp-caption alignright\"><a href=\"https:\/\/jundiai.sp.gov.br\/noticias\/wp-content\/uploads\/sites\/32\/2015\/06\/DSC4045_G.jpg\"><img loading=\"lazy\" decoding=\"async\" aria-describedby=\"caption-attachment-141764\" src=\"https:\/\/jundiai.sp.gov.br\/noticias\/wp-content\/uploads\/sites\/32\/2015\/06\/DSC4045_G.jpg\" alt=\"Secret\u00e1rio de Educa\u00e7\u00e3o, Jos\u00e9 Renato Polli, fala durante abertura do evento\" width=\"400\" height=\"400\" class=\"size-full wp-image-141764\" \/><\/a><p id=\"caption-attachment-141764\" class=\"wp-caption-text\">Secret\u00e1rio de Educa\u00e7\u00e3o, Jos\u00e9 Renato Polli, fala durante abertura do evento<\/p><\/div>\n<p>\u201c<strong>\u00c9 mais um evento dentro do Programa de Educa\u00e7\u00e3o Ambiental, al\u00e9m de integrar o Papo Escola Pedag\u00f3gico<\/strong>. Trata-se de um projeto de forma\u00e7\u00e3o especial lan\u00e7ado em 2013. N\u00e3o temos como discutir educa\u00e7\u00e3o sem abordar a tem\u00e1tica ambiental, sem conscientizar sobre o meio ambiente e a vida\u201d, informou o secret\u00e1rio de Educa\u00e7\u00e3o, Jos\u00e9 Renato Polli, durante a abertura do evento.<\/p>\n<p>Foram convidados para falar a bi\u00f3loga e especialista em educa\u00e7\u00e3o ambiental pela Universidade de S\u00e3o Paulo (USP), Renata Ferraz de Toledo, o bi\u00f3logo do Centro Universit\u00e1rio Padre Anchieta e doutor em educa\u00e7\u00e3o, Wanderley Carvalho, e o soci\u00f3logo, jornalista e escritor Jos\u00e9 Arnaldo de Oliveira.<\/p>\n<p>Enquanto Renata destacou os caminhos para que a educa\u00e7\u00e3o ambiental contribua com a cidadania, ressaltando a import\u00e2ncia da mobiliza\u00e7\u00e3o social e utilizando como exemplo um projeto desenvolvido em uma escola de S\u00e3o Paulo, Carvalho levou para o debate a quest\u00e3o da rela\u00e7\u00e3o afetiva com o ambiente e com os semelhantes. J\u00e1 o jornalista Jos\u00e9 Arnaldo abordou o que \u00e9 chamado de \u201cagrosociobiodiversidade\u201d, enfocando a import\u00e2ncia da diversidade de alimentos.<\/p>\n<p>\u201cSem d\u00favidas, este encontro \u00e9 importante. A quest\u00e3o ambiental \u00e9 uma urg\u00eancia e estamos discutindo com educadores que s\u00e3o aqueles que t\u00eam a fun\u00e7\u00e3o de levar o conhecimento. Estamos ajudando a prepar\u00e1-los\u201d, completou Carvalho.<\/p>\n<p><strong>Programa\u00e7\u00e3o<\/strong><br \/>\nDando continuidade \u00e0 programa\u00e7\u00e3o, nesta quarta-feira (3), das 8h \u00e0s 11h e das 14h \u00e0s 17h, a Secretaria de Educa\u00e7\u00e3o promove encontro para a socializa\u00e7\u00e3o de experi\u00eancias dos projetos de educa\u00e7\u00e3o ambiental desenvolvido pelas escolas da rede municipal. Ao todo 15, iniciativas ser\u00e3o apresentadas. <\/p>\n<p>Tamb\u00e9m ser\u00e3o desenvolvidas oficinas no Centro de Refer\u00eancia em Educa\u00e7\u00e3o Ambiental (Cream), Jardim Bot\u00e2nico e na Associa\u00e7\u00e3o Mata Ciliar, durante o dia todo.<\/p>\n<p><em><strong>Roberta de S\u00e1<br \/>\nFotos: Fot\u00f3grafos PMJ<\/strong><\/em><\/p>\n","protected":false},"excerpt":{"rendered":"<p>Semana do Meio Ambiente: programa\u00e7\u00e3o segue nesta quarta-feira (3), com encontro sobre projetos de educa\u00e7\u00e3o ambiental <\/p>\n","protected":false},"author":21,"featured_media":141767,"comment_status":"closed","ping_status":"closed","sticky":false,"template":"","format":"standard","meta":{"footnotes":""},"categories":[2],"tags":[6,125],"ods":[],"class_list":["post-141760","post","type-post","status-publish","format-standard","has-post-thumbnail","hentry","category-noticias","tag-educacao","tag-papo-escola-pedagogico"],"_links":{"self":[{"href":"https:\/\/jundiai.sp.gov.br\/noticias\/wp-json\/wp\/v2\/posts\/141760","targetHints":{"allow":["GET"]}}],"collection":[{"href":"https:\/\/jundiai.sp.gov.br\/noticias\/wp-json\/wp\/v2\/posts"}],"about":[{"href":"https:\/\/jundiai.sp.gov.br\/noticias\/wp-json\/wp\/v2\/types\/post"}],"author":[{"embeddable":true,"href":"https:\/\/jundiai.sp.gov.br\/noticias\/wp-json\/wp\/v2\/users\/21"}],"replies":[{"embeddable":true,"href":"https:\/\/jundiai.sp.gov.br\/noticias\/wp-json\/wp\/v2\/comments?post=141760"}],"version-history":[{"count":11,"href":"https:\/\/jundiai.sp.gov.br\/noticias\/wp-json\/wp\/v2\/posts\/141760\/revisions"}],"predecessor-version":[{"id":142005,"href":"https:\/\/jundiai.sp.gov.br\/noticias\/wp-json\/wp\/v2\/posts\/141760\/revisions\/142005"}],"wp:featuredmedia":[{"embeddable":true,"href":"https:\/\/jundiai.sp.gov.br\/noticias\/wp-json\/wp\/v2\/media\/141767"}],"wp:attachment":[{"href":"https:\/\/jundiai.sp.gov.br\/noticias\/wp-json\/wp\/v2\/media?parent=141760"}],"wp:term":[{"taxonomy":"category","embeddable":true,"href":"https:\/\/jundiai.sp.gov.br\/noticias\/wp-json\/wp\/v2\/categories?post=141760"},{"taxonomy":"post_tag","embeddable":true,"href":"https:\/\/jundiai.sp.gov.br\/noticias\/wp-json\/wp\/v2\/tags?post=141760"},{"taxonomy":"ods","embeddable":true,"href":"https:\/\/jundiai.sp.gov.br\/noticias\/wp-json\/wp\/v2\/ods?post=141760"}],"curies":[{"name":"wp","href":"https:\/\/api.w.org\/{rel}","templated":true}]}}