{"id":141796,"date":"2015-06-02T17:34:28","date_gmt":"2015-06-02T20:34:28","guid":{"rendered":"https:\/\/jundiai.sp.gov.br\/noticias\/?p=141796"},"modified":"2019-07-17T11:05:49","modified_gmt":"2019-07-17T14:05:49","slug":"estrutura-do-geresol-e-apresentada-ao-vereadores","status":"publish","type":"post","link":"https:\/\/jundiai.sp.gov.br\/noticias\/2015\/06\/02\/estrutura-do-geresol-e-apresentada-ao-vereadores\/","title":{"rendered":"Estrutura do Geresol \u00e9 apresentada a vereadores"},"content":{"rendered":"<p><strong>Toda a estrutura do Centro de Gerenciamento de Res\u00edduos S\u00f3lidos (Geresol) foi apresentada, nesta ter\u00e7a-feira (2), pelo secret\u00e1rio de Servi\u00e7os P\u00fablicos, Aguinaldo Leite, aos vereadores da cidade. Ele aproveitou a oportunidade para convid\u00e1-los para o 3\u00ba Congresso T\u00e9cnico Brasil-Alemanha \u2013 Gest\u00e3o Sustent\u00e1vel de Res\u00edduos S\u00f3lidos Urbanos, marcado para a pr\u00f3xima ter\u00e7a (9) e quarta-feira (10), na <a href=\"http:\/\/www.clubejundiaiense.com.br\/site\/cj\/3001\/indice.asp?secao=244\" target=\"_blank\" rel=\"noopener noreferrer\">sede de campo do Clube Jundiaiense<\/a>. <\/strong><\/p>\n<p>A proposta foi realizar uma <strong>visita piloto com os parlamentares, j\u00e1 que a ideia \u00e9 abrir o Geresol para a visita de estudantes e popula\u00e7\u00e3o em geral<\/strong>. \u201c\u00c9 importante mostrar a eles como \u00e9 realizado o <strong>tratamento dos res\u00edduos na cidade, investimentos e desafios<\/strong>. Os vereadores sempre solicitam informa\u00e7\u00f5es e, por isso, trouxemos todos para conhecer.\u201d<\/p>\n<p><strong>LEIA TAMB\u00c9M<br \/>\n<a href=\"https:\/\/jundiai.sp.gov.br\/noticias\/2015\/06\/01\/congresso-brasil-alemanha-programacao-traz-especialistas\/\" target=\"_blank\" rel=\"noopener noreferrer\">Congresso Brasil-Alemanha: evento traz especialistas<\/a><br \/>\n<a href=\"https:\/\/jundiai.sp.gov.br\/noticias\/2015\/05\/27\/jundiai-marca-dia-mundial-do-meio-ambiente-com-eventos\/\" target=\"_blank\" rel=\"noopener noreferrer\">Jundia\u00ed marca Dia Mundial do Meio Ambiente com eventos<\/a><\/strong><\/p>\n<div id=\"attachment_141801\" style=\"width: 730px\" class=\"wp-caption aligncenter\"><a href=\"https:\/\/jundiai.sp.gov.br\/noticias\/wp-content\/uploads\/sites\/32\/2015\/06\/Visita_vereadores_ao_GERESOL_c_98_G.jpg\"><img loading=\"lazy\" decoding=\"async\" aria-describedby=\"caption-attachment-141801\" class=\"size-large wp-image-141801\" src=\"https:\/\/jundiai.sp.gov.br\/noticias\/wp-content\/uploads\/sites\/32\/2015\/06\/Visita_vereadores_ao_GERESOL_c_98_G-720x536.jpg\" alt=\"Durante a visita, Aguinaldo apresentou tecnologias instaladas no Geresol\" width=\"720\" height=\"536\" srcset=\"https:\/\/jundiai.sp.gov.br\/noticias\/wp-content\/uploads\/sites\/32\/2015\/06\/Visita_vereadores_ao_GERESOL_c_98_G-720x536.jpg 720w, https:\/\/jundiai.sp.gov.br\/noticias\/wp-content\/uploads\/sites\/32\/2015\/06\/Visita_vereadores_ao_GERESOL_c_98_G-300x223.jpg 300w, https:\/\/jundiai.sp.gov.br\/noticias\/wp-content\/uploads\/sites\/32\/2015\/06\/Visita_vereadores_ao_GERESOL_c_98_G.jpg 1240w\" sizes=\"auto, (max-width: 720px) 100vw, 720px\" \/><\/a><p id=\"caption-attachment-141801\" class=\"wp-caption-text\">Durante a visita, Aguinaldo apresentou tecnologias instaladas no Geresol<\/p><\/div>\n<p><strong>Participaram o presidente da <a href=\"http:\/\/www.jundiai.sp.leg.br\/\" target=\"_blank\" rel=\"noopener noreferrer\">C\u00e2mara Municipal<\/a>, Marcelo Roberto Gastaldo, Gerson Sartori, Rafael Antonucci, Jos\u00e9 Carlos Ferreira Dias, Ant\u00f4nio Carlos Pereira Neto (Doca), Marilena Negro, Valdeci Vilar Matheus, Jos\u00e9 Adair de Souza, M\u00e1rcio Pentecostes de Souza e Rog\u00e9rio Ricardo da Silva.Tamb\u00e9m participaram o secret\u00e1rio de rela\u00e7\u00f5es institucionais, Lir\u00e1ucio Tarini, e o diretor de assuntos fundi\u00e1rios, S\u00e9rgio Dutra.<\/strong><\/p>\n<p><iframe loading=\"lazy\" class=\"alignright\" src=\"https:\/\/www.youtube.com\/embed\/QEwifgFEfOI\" width=\"420\" height=\"315\" frameborder=\"0\" allowfullscreen=\"allowfullscreen\"><\/iframe>Aguinaldo destacou a <strong>relev\u00e2ncia da visita<\/strong>. \u201cEles est\u00e3o nas ruas, sabem as necessidades da popula\u00e7\u00e3o e muitas vezes nos trazem demandas que geram res\u00edduos, como a limpeza de algumas \u00e1reas. \u00c9 importante que conhe\u00e7am como tudo acontece para que possam <strong>opinar e contribuir com o processo<\/strong>. O Geresol \u00e9 retrato da nossa sociedade de consumo. Tudo o que o jundiaiense gera de res\u00edduo vem parar aqui. \u201d<\/p>\n<p>O secret\u00e1rio frisou ainda que <strong>\u00e9 fundamental que todos conhe\u00e7am os investimentos feitos tanto na quest\u00e3o de aproveitamento dos m<\/strong>ateriais do material da constru\u00e7\u00e3o civil quanto recicl\u00e1veis e os testes para tratamento da mat\u00e9ria org\u00e2nica.<\/p>\n<p>No roteiro da visita, os vereadores passaram pelo <strong>laborat\u00f3rio<\/strong>, no qual ser\u00e1 iniciada, ainda no pr\u00f3ximo m\u00eas, a <strong>an\u00e1lise de materiais, como os compostos dos res\u00edduos org\u00e2nicos, produzidos no pr\u00f3prio Geresol<\/strong>.<\/p>\n<p><strong><a href=\"https:\/\/jundiai.sp.gov.br\/noticias\/2015\/05\/22\/no-geresol-um-grande-passo-para-o-tratamento-de-residuos-solidos\/\" target=\"_blank\" rel=\"noopener noreferrer\">Eles conheceram tamb\u00e9m o equipamento em fase de teste no local, a leira, que faz a compostagem de org\u00e2nicos<\/a>. A tecnologia foi atestada pela <a href=\"https:\/\/www.tu-braunschweig.de\/\" target=\"_blank\" rel=\"noopener noreferrer\">Universidade de Braunschweig, da Alemanha<\/a>, parceira de Jundia\u00ed no <a href=\"https:\/\/jundiai.sp.gov.br\/servicos-publicos\/projeto-i-nopa\/\" target=\"_blank\" rel=\"noopener noreferrer\">projeto I-Nopa<\/a>, assim como o laborat\u00f3rio.<\/strong><\/p>\n<p>Ele explicou que <strong><a href=\"https:\/\/jundiai.sp.gov.br\/noticias\/2015\/03\/12\/residuos-solidos-geresol-recebe-primeira-tecnologia-da-alemanha\/\" target=\"_blank\" rel=\"noopener noreferrer\">o Geresol recebeu ainda um cont\u00eainer, tamb\u00e9m usado para o tratamento de mat\u00e9ria org\u00e2nica<\/a><\/strong>. Ele ser\u00e1 montado nos pr\u00f3ximos dias e, em breve, passar\u00e1 a operar.<\/p>\n<p>Os vereadores visitaram ainda a \u00e1rea que recebeu <strong>esteiras que tornam a separa\u00e7\u00e3o dos res\u00edduos da coleta seletiva mais r\u00e1pida e eficiente<\/strong>. Eles tamb\u00e9m passaram pela \u00e1rea na qual os res\u00edduos de constru\u00e7\u00e3o civil s\u00e3o tratados e Aguinaldo falou sobre a <strong><a href=\"https:\/\/jundiai.sp.gov.br\/noticias\/2015\/04\/22\/sistema-de-monitoramento-e-cobranca-de-cacambas-e-apresentado\/\" target=\"_blank\" rel=\"noopener noreferrer\">reorganiza\u00e7\u00e3o do sistema de ca\u00e7ambas<\/a> e recebimento de entulhos no Geresol.<\/strong><\/p>\n<p>Para o presidente da C\u00e2mara, Marcelo Gastaldo, a <strong>visita foi de aprendizado<\/strong>. &#8220;A ideia do secret\u00e1rio foi muito oportuna, j\u00e1 que<strong> todas as quest\u00f5es que envolvem o munic\u00edpio s\u00e3o cobradas pela popula\u00e7\u00e3o por meio da C\u00e2mara. \u00c9 importante conhecer de perto como o munic\u00edpio tem se adaptado \u00e0 <a href=\"http:\/\/www.mma.gov.br\/pol%C3%ADtica-de-res%C3%ADduos-s%C3%B3lidos\" target=\"_blank\" rel=\"noopener noreferrer\">Pol\u00edtica Nacional de Res\u00edduos S\u00f3lidos<\/a> e todas as tecnologias que a cidade est\u00e1 recebendo.<\/strong>&#8221;<\/p>\n<p><strong>Congresso<br \/>\n<a href=\"https:\/\/jundiai.sp.gov.br\/noticias\/2015\/06\/01\/congresso-brasil-alemanha-programacao-traz-especialistas\/\" target=\"_blank\" rel=\"noopener noreferrer\">Renomados profissionais do setor est\u00e3o na programa\u00e7\u00e3o, totalmente gratuita, do Congresso Brasil-Alemanha<\/a>. A realiza\u00e7\u00e3o \u00e9 da Prefeitura de Jundia\u00ed e Universidade de Braunschweig, da Alemanha. As inscri\u00e7\u00f5es j\u00e1 foram encerradas.<\/strong><\/p>\n<p>A abertura contar\u00e1 com o prefeito Pedro Bigardi. Tamb\u00e9m \u00e9 esperado o <a href=\"http:\/\/www.mcti.gov.br\/\" target=\"_blank\" rel=\"noopener noreferrer\">ministro da Ci\u00eancia, Tecnologia e Inova\u00e7\u00e3o<\/a>, Aldo Rebelo. Toda a programa\u00e7\u00e3o est\u00e1 sujeita a altera\u00e7\u00f5es e <a href=\"http:\/\/congressobrasilalemanha.jundiai.sp.gov.br\/programacao\/\" target=\"_blank\" rel=\"noopener noreferrer\">pode ser consultada no site<\/a>.<\/p>\n<div id=\"attachment_141802\" style=\"width: 730px\" class=\"wp-caption aligncenter\"><a href=\"https:\/\/jundiai.sp.gov.br\/noticias\/wp-content\/uploads\/sites\/32\/2015\/06\/Visita_vereadores_ao_GERESOL_c_79_G.jpg\"><img loading=\"lazy\" decoding=\"async\" aria-describedby=\"caption-attachment-141802\" class=\"size-large wp-image-141802\" src=\"https:\/\/jundiai.sp.gov.br\/noticias\/wp-content\/uploads\/sites\/32\/2015\/06\/Visita_vereadores_ao_GERESOL_c_79_G-720x526.jpg\" alt=\"Vereadores elogiaram a estrutura do local\" width=\"720\" height=\"526\" srcset=\"https:\/\/jundiai.sp.gov.br\/noticias\/wp-content\/uploads\/sites\/32\/2015\/06\/Visita_vereadores_ao_GERESOL_c_79_G-720x526.jpg 720w, https:\/\/jundiai.sp.gov.br\/noticias\/wp-content\/uploads\/sites\/32\/2015\/06\/Visita_vereadores_ao_GERESOL_c_79_G-300x219.jpg 300w, https:\/\/jundiai.sp.gov.br\/noticias\/wp-content\/uploads\/sites\/32\/2015\/06\/Visita_vereadores_ao_GERESOL_c_79_G.jpg 1240w\" sizes=\"auto, (max-width: 720px) 100vw, 720px\" \/><\/a><p id=\"caption-attachment-141802\" class=\"wp-caption-text\">Vereadores elogiaram a estrutura do local<\/p><\/div>\n<p><strong><em>Luana Dias<br \/>\nFotos: Cleber de Almeida<\/em><\/strong><\/p>\n","protected":false},"excerpt":{"rendered":"<p>LEIA MAIS: 3\u00ba Congresso T\u00e9cnico Brasil-Alemanha traz especialistas na pr\u00f3xima ter\u00e7a (9) e quarta-feira (10)<\/p>\n","protected":false},"author":14,"featured_media":141804,"comment_status":"closed","ping_status":"closed","sticky":false,"template":"","format":"standard","meta":{"footnotes":""},"categories":[2],"tags":[660,428,68,661,535,341],"ods":[],"class_list":["post-141796","post","type-post","status-publish","format-standard","has-post-thumbnail","hentry","category-noticias","tag-3o-congresso-tecnico-brasil-alemanha","tag-camara-municipal","tag-centro-de-gerenciamento-de-residuos-solidos-geresol","tag-congresso-tecnico-brasil-alemanha","tag-i-nopa","tag-servicos-publicos"],"_links":{"self":[{"href":"https:\/\/jundiai.sp.gov.br\/noticias\/wp-json\/wp\/v2\/posts\/141796","targetHints":{"allow":["GET"]}}],"collection":[{"href":"https:\/\/jundiai.sp.gov.br\/noticias\/wp-json\/wp\/v2\/posts"}],"about":[{"href":"https:\/\/jundiai.sp.gov.br\/noticias\/wp-json\/wp\/v2\/types\/post"}],"author":[{"embeddable":true,"href":"https:\/\/jundiai.sp.gov.br\/noticias\/wp-json\/wp\/v2\/users\/14"}],"replies":[{"embeddable":true,"href":"https:\/\/jundiai.sp.gov.br\/noticias\/wp-json\/wp\/v2\/comments?post=141796"}],"version-history":[{"count":9,"href":"https:\/\/jundiai.sp.gov.br\/noticias\/wp-json\/wp\/v2\/posts\/141796\/revisions"}],"predecessor-version":[{"id":232131,"href":"https:\/\/jundiai.sp.gov.br\/noticias\/wp-json\/wp\/v2\/posts\/141796\/revisions\/232131"}],"wp:featuredmedia":[{"embeddable":true,"href":"https:\/\/jundiai.sp.gov.br\/noticias\/wp-json\/wp\/v2\/media\/141804"}],"wp:attachment":[{"href":"https:\/\/jundiai.sp.gov.br\/noticias\/wp-json\/wp\/v2\/media?parent=141796"}],"wp:term":[{"taxonomy":"category","embeddable":true,"href":"https:\/\/jundiai.sp.gov.br\/noticias\/wp-json\/wp\/v2\/categories?post=141796"},{"taxonomy":"post_tag","embeddable":true,"href":"https:\/\/jundiai.sp.gov.br\/noticias\/wp-json\/wp\/v2\/tags?post=141796"},{"taxonomy":"ods","embeddable":true,"href":"https:\/\/jundiai.sp.gov.br\/noticias\/wp-json\/wp\/v2\/ods?post=141796"}],"curies":[{"name":"wp","href":"https:\/\/api.w.org\/{rel}","templated":true}]}}